{"id":269085,"date":"2025-06-12T10:45:00","date_gmt":"2025-06-12T08:45:00","guid":{"rendered":"https:\/\/www.tucomarca.com\/wordpress\/segunda\/?p=269085"},"modified":"2025-06-12T17:47:11","modified_gmt":"2025-06-12T15:47:11","slug":"rovira-exigix-a-la-ministra-deducacio-fons-economics-per-a-ajudar-a-la-reconstruccio-del-sistema-educatiu-afectat-per-la-riuada","status":"publish","type":"post","link":"https:\/\/tucomarca.whitekongsoftware.com\/ca\/rovira-exigix-a-la-ministra-deducacio-fons-economics-per-a-ajudar-a-la-reconstruccio-del-sistema-educatiu-afectat-per-la-riuada\/","title":{"rendered":"Rovira exigix a la ministra d\u2019Educaci\u00f3 fons econ\u00f2mics per a ajudar a la reconstrucci\u00f3 del sistema educatiu afectat per la riuada"},"content":{"rendered":"\n<h3 class=\"wp-block-heading\">El conseller d\u2019Educaci\u00f3 critica que Pilar Alegr\u00eda no s\u2019haja interessat per l\u2019alumnat i professorat valenci\u00e0 despr\u00e9s de la cat\u00e0strofe.<\/h3>\n\n\n\n<h3 class=\"wp-block-heading\">Jos\u00e9 Antonio Rovira ha participat en la Confer\u00e8ncia Sectorial d\u2019Educaci\u00f3 convocada pel Ministeri.<\/h3>\n\n\n\n<p class=\"wp-block-paragraph\">El conseller d\u2019Educaci\u00f3, Cultura, Universitats i Ocupaci\u00f3, Jos\u00e9 Antonio Rovira, ha exigit a la ministra d\u2019Educaci\u00f3 fons econ\u00f2mics per a ajudar a la reconstrucci\u00f3 del sistema educatiu afectat per la riuada. \u201cEl 7 de novembre vaig tindre una videotelefonada amb Pilar Alegr\u00eda, a qui li vaig transmetre la magnitud de la cat\u00e0strofe i la necessitat d\u2019ajuda estatal per a procedir a la reconstrucci\u00f3. Han passat set mesos i la ministra no ha tornat a tindre contacte amb la Conselleria i ni tan sols ha visitat la zona per a interessar-se per l\u2019alumnat i el professorat valencians\u201d.<\/p>\n\n\n\n<p class=\"wp-block-paragraph\">Rovira ha fet estes declaracions amb motiu de la seua participaci\u00f3 en la Confer\u00e8ncia Sectorial d\u2019Educaci\u00f3 convocada este dijous pel Ministeri d\u2019Educaci\u00f3, Formaci\u00f3 Professional i Esports, a la qual ha assistit acompanyat del secretari auton\u00f2mic d\u2019Educaci\u00f3, Daniel McEvoy.<\/p>\n\n\n\n<p class=\"wp-block-paragraph\">\u201cM\u00e9s de 48.000 alumnes van quedar afectats despr\u00e9s de la riuada, per\u00f2 per a la ministra no han existit, perqu\u00e8 des de la videoconfer\u00e8ncia de novembre no hem tornat a saber d\u2019ella i no ha mostrat inter\u00e9s. Ha sigut la Generalitat la que ha assumit tot el treball perqu\u00e8 este alumnat recuperara l\u2019activitat lectiva en les millors condicions de seguretat i en el temps m\u00e9s curt possible i es va aconseguir que tots ho feren abans de Nadal, en diverses modalitats\u201d, ha recordat el conseller.<\/p>\n\n\n\n<p class=\"wp-block-paragraph\">En este sentit, Rovira ha destacat que la reconstrucci\u00f3 educativa no \u00e9s nom\u00e9s reparar i tornar a construir centres, \u201c\u00e9s cuidar tamb\u00e9 la salut mental i benestar emocional dels alumnes i docents, \u00e9s reposar el material perdut, \u00e9s reubicar l\u2019alumnat amb servici de menjador i transport. La Generalitat est\u00e0 assumint en solitari un cost de 140 milions per a la recuperaci\u00f3 educativa i el Govern zero\u201d.<\/p>\n\n\n\n<p class=\"wp-block-paragraph\">D\u2019altra banda, Rovira ha indicat que hi ha hagut una proposta de diverses comunitats aut\u00f2nomes perqu\u00e8 el Ministeri d\u2019Educaci\u00f3 habilite fons especials en l\u2019\u00e0mbit nacional davant les altes temperatures perqu\u00e8 els centres educatius, segons els casos, puguen instal\u00b7lar aire condicionat o tendals.<\/p>\n\n\n\n<p class=\"wp-block-paragraph\"><strong>Pla d\u2019emerg\u00e8ncies<\/strong><\/p>\n\n\n\n<p class=\"wp-block-paragraph\">Durant la Confer\u00e8ncia d\u2019Educaci\u00f3 s\u2019ha acordat un pla de formaci\u00f3 davant emerg\u00e8ncies de protecci\u00f3 civil en centres educatius no universitaris. Jos\u00e9 Antonio Rovira ha assenyalat que este pla \u201cs\u2019ha imposat per decret llei i des de la Conselleria d\u2019Educaci\u00f3 tenim objeccions, entre altres coses perqu\u00e8 proposa que la formaci\u00f3 en els centres la duga a terme personal d\u2019emerg\u00e8ncies i no \u00e9s el m\u00e9s adequat\u201d.<\/p>\n\n\n\n<p class=\"wp-block-paragraph\">Des de la Conselleria es proposa que els servicis de protecci\u00f3 civil, en col\u00b7laboraci\u00f3 amb la xarxa de Centres de formaci\u00f3, innovaci\u00f3 i recursos educatius de la Comunitat Valenciana (CEFIRE), forme els docents que seran els encarregats d\u2019impartir els continguts als alumnes. D\u2019esta manera es garantix l\u2019autonomia pedag\u00f2gica dels centres, una major efectivitat i una organitzaci\u00f3 m\u00e9s eficient.<\/p>\n\n\n\n<p class=\"wp-block-paragraph\"><strong>Programes de cooperaci\u00f3 territorial<\/strong><\/p>\n\n\n\n<p class=\"wp-block-paragraph\">D\u2019altra banda, s\u2019han acordat els criteris de distribuci\u00f3 i el repartiment del cr\u00e8dit resultant per a 2025 de diferents programes de cooperaci\u00f3 territorial. D\u2019esta manera, la Comunitat Valenciana rebr\u00e0 del Ministeri per al programa per al finan\u00e7ament de llibres de text i materials did\u00e0ctics 7.367.451,00 euros, mentres que la Conselleria destina 36.000.000,00 euros per als centres de titularitat de la Generalitat i 9.989.520,00 euros es destinen per als centres privats concertats i de titularitat de les corporacions locals.<\/p>\n\n\n\n<p class=\"wp-block-paragraph\">Quant al Programa per a l\u2019orientaci\u00f3, avan\u00e7 i enriquiment educatiu en centres d\u2019especial complexitat educativa, PROA+ (FSE+) la Generalitat rebr\u00e0 11.766.511,00 euros. Per al Programa d\u2019educaci\u00f3 inclusiva (FSE+) el cr\u00e8dit rebut ser\u00e0 d\u20191.499.464,903 euros. El programa de Compet\u00e8ncia digital en la inf\u00e0ncia (CODI) MRR rep 5.959.000 euros.<\/p>\n","protected":false},"excerpt":{"rendered":"<div class=\"mh-excerpt\">El conseller d\u2019Educaci\u00f3 critica que Pilar Alegr\u00eda no s\u2019haja interessat per l\u2019alumnat i professorat valenci\u00e0 despr\u00e9s de la cat\u00e0strofe. Jos\u00e9 Antonio Rovira ha participat en la Confer\u00e8ncia Sectorial d\u2019Educaci\u00f3 convocada pel Ministeri. El conseller d\u2019Educaci\u00f3, <a class=\"mh-excerpt-more\" href=\"https:\/\/tucomarca.whitekongsoftware.com\/ca\/rovira-exigix-a-la-ministra-deducacio-fons-economics-per-a-ajudar-a-la-reconstruccio-del-sistema-educatiu-afectat-per-la-riuada\/\" title=\"Rovira exigix a la ministra d\u2019Educaci\u00f3 fons econ\u00f2mics per a ajudar a la reconstrucci\u00f3 del sistema educatiu afectat per la riuada\">[+] <\/a><\/div>\n","protected":false},"author":13,"featured_media":269083,"comment_status":"open","ping_status":"open","sticky":false,"template":"","format":"standard","meta":{"footnotes":""},"categories":[21466,10898,10948,10894,10904,10903,10947,10896,10897],"tags":[12114,21789,15325,11199,11140],"class_list":["post-269085","post","type-post","status-publish","format-standard","has-post-thumbnail","category-dana-ca","category-ventana-ca","category-infraestructuras-ca","category-la-comarca-ca","category-sin-categorizar-ca","category-medio-ambiente-la-comarca-ca","category-politica","category-seccion-ca","category-sucesos-la-comarca-ca","tag-educacion-ca","tag-generalitat-ca","tag-gva-ca","tag-la-comunitat-ca","tag-politica-ca"],"_links":{"self":[{"href":"https:\/\/tucomarca.whitekongsoftware.com\/ca\/wp-json\/wp\/v2\/posts\/269085","targetHints":{"allow":["GET"]}}],"collection":[{"href":"https:\/\/tucomarca.whitekongsoftware.com\/ca\/wp-json\/wp\/v2\/posts"}],"about":[{"href":"https:\/\/tucomarca.whitekongsoftware.com\/ca\/wp-json\/wp\/v2\/types\/post"}],"author":[{"embeddable":true,"href":"https:\/\/tucomarca.whitekongsoftware.com\/ca\/wp-json\/wp\/v2\/users\/13"}],"replies":[{"embeddable":true,"href":"https:\/\/tucomarca.whitekongsoftware.com\/ca\/wp-json\/wp\/v2\/comments?post=269085"}],"version-history":[{"count":0,"href":"https:\/\/tucomarca.whitekongsoftware.com\/ca\/wp-json\/wp\/v2\/posts\/269085\/revisions"}],"wp:featuredmedia":[{"embeddable":true,"href":"https:\/\/tucomarca.whitekongsoftware.com\/ca\/wp-json\/wp\/v2\/media\/269083"}],"wp:attachment":[{"href":"https:\/\/tucomarca.whitekongsoftware.com\/ca\/wp-json\/wp\/v2\/media?parent=269085"}],"wp:term":[{"taxonomy":"category","embeddable":true,"href":"https:\/\/tucomarca.whitekongsoftware.com\/ca\/wp-json\/wp\/v2\/categories?post=269085"},{"taxonomy":"post_tag","embeddable":true,"href":"https:\/\/tucomarca.whitekongsoftware.com\/ca\/wp-json\/wp\/v2\/tags?post=269085"}],"curies":[{"name":"wp","href":"https:\/\/api.w.org\/{rel}","templated":true}]}}