{"id":269057,"date":"2025-06-12T07:55:00","date_gmt":"2025-06-12T05:55:00","guid":{"rendered":"https:\/\/www.tucomarca.com\/wordpress\/segunda\/?p=269057"},"modified":"2025-06-12T14:17:05","modified_gmt":"2025-06-12T12:17:05","slug":"la-estrella-azul-arriba-a-la-sisena-sessio-del-cicle-vivir-de-cine-2025","status":"publish","type":"post","link":"https:\/\/tucomarca.whitekongsoftware.com\/ca\/la-estrella-azul-arriba-a-la-sisena-sessio-del-cicle-vivir-de-cine-2025\/","title":{"rendered":"&#8220;La estrella azul&#8221; arriba a la sisena sessi\u00f3 del cicle Vivir de Cine 2025"},"content":{"rendered":"\n<p class=\"wp-block-paragraph\">El cicle &#8220;Vivir de Cine 2025&#8221; continua el seu recorregut amb la sisena sessi\u00f3, que porta de tornada el millor cinema espanyol al Palau de la M\u00fasica, on es projectar\u00e0 &#8220;La estrella azul&#8221; aquest dijous a les 20.00 hores. Una cita imprescindible per als amants del cinema amb segell propi.<\/p>\n\n\n<div class=\"wp-block-image\">\n<figure class=\"alignleft size-full is-resized\"><img loading=\"lazy\" decoding=\"async\" width=\"418\" height=\"593\" src=\"https:\/\/www.tucomarca.com\/wordpress\/segunda\/wp-content\/uploads\/2025\/06\/VdCEstrellaazul.jpg\" alt=\"\" class=\"wp-image-269054\" style=\"width:301px;height:auto\" srcset=\"https:\/\/tucomarca.whitekongsoftware.com\/wp-content\/uploads\/2025\/06\/VdCEstrellaazul.jpg 418w, https:\/\/tucomarca.whitekongsoftware.com\/wp-content\/uploads\/2025\/06\/VdCEstrellaazul-211x300.jpg 211w\" sizes=\"auto, (max-width: 418px) 100vw, 418px\" \/><\/figure>\n<\/div>\n\n\n<p class=\"wp-block-paragraph\">Dirigida per Javier Macipe en el seu debut com a realitzador de llargmetratges, la pel\u00b7l\u00edcula narra la hist\u00f2ria de Maurici Aznar, ic\u00f2nic rocker espanyol dels anys 90, qui empr\u00e9n un viatge a Llatinoam\u00e8rica a la recerca de sentit, redempci\u00f3 i nous horitzons musicals. En la seua travessia, es troba amb un veter\u00e0 m\u00fasic argent\u00ed en decad\u00e8ncia amb qui formar\u00e0 un duo tan inesperat com profundament commovedor.<\/p>\n\n\n\n<p class=\"wp-block-paragraph\">&#8220;L&#8217;estrela blava&#8221; ha sigut aclamada per la seua capacitat de difuminar les fronteres entre ficci\u00f3 i documental, construint una hist\u00f2ria \u00edntima i aut\u00e8ntica que connecta amb l&#8217;espectador des de l&#8217;emoci\u00f3 i la m\u00fasica.<\/p>\n\n\n\n<p class=\"wp-block-paragraph\">La pel\u00b7l\u00edcula ha obtingut huit nominacions als Premis Goya 2025, al\u00e7ant-se amb els guardons a Millor Direcci\u00f3 Novella i Millor Actor Revelaci\u00f3 per a Pepe Lorente. A m\u00e9s, ha collit reconeixements en festivals internacionals com Sant Sebasti\u00e0, Santa B\u00e0rbara o Montevideo.<\/p>\n","protected":false},"excerpt":{"rendered":"<div class=\"mh-excerpt\">El cicle &#8220;Vivir de Cine 2025&#8221; continua el seu recorregut amb la sisena sessi\u00f3, que porta de tornada el millor cinema espanyol al Palau de la M\u00fasica, on es projectar\u00e0 &#8220;La estrella azul&#8221; aquest dijous <a class=\"mh-excerpt-more\" href=\"https:\/\/tucomarca.whitekongsoftware.com\/ca\/la-estrella-azul-arriba-a-la-sisena-sessio-del-cicle-vivir-de-cine-2025\/\" title=\"&#8220;La estrella azul&#8221; arriba a la sisena sessi\u00f3 del cicle Vivir de Cine 2025\">[+] <\/a><\/div>\n","protected":false},"author":12,"featured_media":269055,"comment_status":"open","ping_status":"open","sticky":false,"template":"","format":"standard","meta":{"footnotes":""},"categories":[11019,10911,10894,10912,11007,10896],"tags":[10913,10914,22267],"class_list":["post-269057","post","type-post","status-publish","format-standard","has-post-thumbnail","category-agenda-ca","category-bunol-ca","category-la-comarca-ca","category-la-hoya-ca","category-ocio-y-cultura-ca","category-seccion-ca","tag-bunol-ca","tag-la-hoya-de-bunol-chiva-ca","tag-vivir-de-cine-2025-ca"],"_links":{"self":[{"href":"https:\/\/tucomarca.whitekongsoftware.com\/ca\/wp-json\/wp\/v2\/posts\/269057","targetHints":{"allow":["GET"]}}],"collection":[{"href":"https:\/\/tucomarca.whitekongsoftware.com\/ca\/wp-json\/wp\/v2\/posts"}],"about":[{"href":"https:\/\/tucomarca.whitekongsoftware.com\/ca\/wp-json\/wp\/v2\/types\/post"}],"author":[{"embeddable":true,"href":"https:\/\/tucomarca.whitekongsoftware.com\/ca\/wp-json\/wp\/v2\/users\/12"}],"replies":[{"embeddable":true,"href":"https:\/\/tucomarca.whitekongsoftware.com\/ca\/wp-json\/wp\/v2\/comments?post=269057"}],"version-history":[{"count":0,"href":"https:\/\/tucomarca.whitekongsoftware.com\/ca\/wp-json\/wp\/v2\/posts\/269057\/revisions"}],"wp:featuredmedia":[{"embeddable":true,"href":"https:\/\/tucomarca.whitekongsoftware.com\/ca\/wp-json\/wp\/v2\/media\/269055"}],"wp:attachment":[{"href":"https:\/\/tucomarca.whitekongsoftware.com\/ca\/wp-json\/wp\/v2\/media?parent=269057"}],"wp:term":[{"taxonomy":"category","embeddable":true,"href":"https:\/\/tucomarca.whitekongsoftware.com\/ca\/wp-json\/wp\/v2\/categories?post=269057"},{"taxonomy":"post_tag","embeddable":true,"href":"https:\/\/tucomarca.whitekongsoftware.com\/ca\/wp-json\/wp\/v2\/tags?post=269057"}],"curies":[{"name":"wp","href":"https:\/\/api.w.org\/{rel}","templated":true}]}}