{"id":269044,"date":"2025-06-12T13:00:00","date_gmt":"2025-06-12T11:00:00","guid":{"rendered":"https:\/\/www.tucomarca.com\/wordpress\/segunda\/?p=269044"},"modified":"2025-06-12T13:55:09","modified_gmt":"2025-06-12T11:55:09","slug":"mazon-anuncia-30-milions-deuros-per-a-noves-ajudes-a-comercos-hostaleria-i-mercats-municipals-afectats-per-les-riuades-per-a-continuar-avancant-en-la-reconstruccio","status":"publish","type":"post","link":"https:\/\/tucomarca.whitekongsoftware.com\/ca\/mazon-anuncia-30-milions-deuros-per-a-noves-ajudes-a-comercos-hostaleria-i-mercats-municipals-afectats-per-les-riuades-per-a-continuar-avancant-en-la-reconstruccio\/","title":{"rendered":"Maz\u00f3n anuncia 30 milions d\u2019euros per a noves ajudes a comer\u00e7os, hostaleria i mercats municipals afectats per les riuades per a continuar avan\u00e7ant en la reconstrucci\u00f3"},"content":{"rendered":"\n<h3 class=\"wp-block-heading\"><strong>Estos fons es destinaran a la implantaci\u00f3 del bo comer\u00e7, el bo hostaleria, a la digitalitzaci\u00f3 de pimes i a millores en les infraestructures dels mercats municipals<\/strong>.<\/h3>\n\n\n\n<h3 class=\"wp-block-heading\"><strong>Assenyala que el Govern d\u2019Espanya i els seus representants en les Corts \u201ctornen a defraudar els valencians amb el seu rebuig a 15 mesures necess\u00e0ries per a la recuperaci\u00f3 econ\u00f2mica i social de la nostra terra\u201d<\/strong>.<\/h3>\n\n\n\n<h3 class=\"wp-block-heading\"><strong>Lamenta \u201cla tra\u00efci\u00f3 del PSPV al finan\u00e7ament just\u201d i els recrimina el vot en contra al Fons de Liquiditat Auton\u00f2mic extraordinari dotat amb 2.500 milions d\u2019euros tan necessari per a la Comunitat<\/strong>.<\/h3>\n\n\n\n<h3 class=\"wp-block-heading\"><strong>Insta el grup parlamentari Comprom\u00eds a donar suport a q\u00fcestions rellevants per a la Comunitat, com la petici\u00f3 de les compet\u00e8ncies de costes per a defendre milers de valencians que poden perdre les seues cases o negocis en el litoral<\/strong>.<\/h3>\n\n\n\n<p class=\"wp-block-paragraph\">El president de la Generalitat, Carlos Maz\u00f3n, ha anunciat que \u201cen els pr\u00f2xims dies, el Consell posar\u00e0 en marxa un nou paquet d\u2019ajudes dotat amb 30 milions d\u2019euros per als afectats per les riuades per a continuar avan\u00e7ant en la reconstrucci\u00f3\u201d.<\/p>\n\n\n\n<p class=\"wp-block-paragraph\">Uns fons que es destinaran a la posada en marxa del bo comer\u00e7, el bo hostaleria, la digitalitzaci\u00f3 de les pimes comercials i artesanes situades en les localitats afectades i a la millora de les infraestructures dels mercats municipals i els plans d\u2019acci\u00f3 comercial.&nbsp;<\/p>\n\n\n\n<p class=\"wp-block-paragraph\">El cap del Consell ha subratllat que \u201cel Govern d\u2019Espanya i els seus representants en les Corts tornen a defraudar els valencians amb el seu rebuig a les 15 mesures proposades per la Generalitat en la XXVIII Confer\u00e8ncia de Presidents per a la recuperaci\u00f3 econ\u00f2mica i social de la nostra terra\u201d.<\/p>\n\n\n\n<p class=\"wp-block-paragraph\">Aix\u00ed ho ha assenyalat en resposta al grup parlamentari VOX en la sessi\u00f3 de control en les Corts, a on ha titllat de \u201cp\u00e8rdua de temps absoluta\u201d la trobada en reduir-se a \u201cuna successi\u00f3 de mon\u00f2legs sense cap tipus de discussi\u00f3 i en la qual no es va votar res\u201d.<\/p>\n\n\n\n<p class=\"wp-block-paragraph\"><strong>15 mesures necess\u00e0ries per a la recuperaci\u00f3<\/strong><\/p>\n\n\n\n<p class=\"wp-block-paragraph\">Durant la seua intervenci\u00f3, el cap del Consell ha detallat la bateria de 15 propostes fetes per la Generalitat en la passada Confer\u00e8ncia de Presidents entre les quals ha destacat la reforma urgent del sistema de finan\u00e7ament auton\u00f2mic, la necessitat de la posada en marxa d\u2019un fons d\u2019anivellament transitori de 1.782 milions o l\u2019actualitzaci\u00f3 immediata de les entregues a compte.<\/p>\n\n\n\n<p class=\"wp-block-paragraph\">Entre les reivindicacions, Maz\u00f3n ha incidit en el desbloqueig del Fons de Liquiditat Auton\u00f2mic extraordinari de 2.500 milions d\u2019euros, la prolongaci\u00f3 de la vida de la central nuclear de Cofrentes, un pacte d\u2019estat en mat\u00e8ria migrat\u00f2ria, el cofinan\u00e7ament estatal de l\u2019escolaritzaci\u00f3 universal i gratu\u00efta de 0 a 3 anys o el pagament del deute de 3.400 milions d\u2019euros en sanitat i depend\u00e8ncia.<\/p>\n\n\n\n<p class=\"wp-block-paragraph\">La derogaci\u00f3 de les noves regles del transvasament Tajo-Segura o inversions com la segona pista de l\u2019aeroport d\u2019Alacant-Elx-Miguel Hern\u00e1ndez i l\u2019ampliaci\u00f3 del de Manises, han sigut altres de les peticions realitzades.<\/p>\n\n\n\n<p class=\"wp-block-paragraph\">Maz\u00f3n tamb\u00e9 ha exigit a l\u2019executiu central ajudes a fons perdut per a reconstruir centres de salut, col\u00b7legis i infraestructures danyades per les riuades, l\u2019exempci\u00f3 fiscal per als damnificats, l\u2019eliminaci\u00f3 dels interessos dels pr\u00e9stecs ICO, a m\u00e9s de la creaci\u00f3 d\u2019una comissi\u00f3 mixta de coordinaci\u00f3 id\u00e8ntica a la que es va formar a La Palma 11 dies despr\u00e9s de l\u2019erupci\u00f3 del volc\u00e0 i \u201cl\u2019habilitaci\u00f3 de contractaci\u00f3 d\u2019emerg\u00e8ncia perqu\u00e8 els ajuntaments puguen fer front a les contractacions que el Govern d\u2019Espanya ha delegat en ells sense cap tipus d\u2019ajuda\u201d.<\/p>\n\n\n\n<p class=\"wp-block-paragraph\">Davant d\u2019aix\u00f2, el president de la Generalitat ha real\u00e7at la capacitat de di\u00e0leg i consens del Consell amb el grup parlamentari VOX per a la consecuci\u00f3 dels pressupostos de la Generalitat per a 2025 \u201cperqu\u00e8 est\u00e0 en joc la recuperaci\u00f3 econ\u00f2mica i social de la nostra terra despr\u00e9s de les riuades\u201d.<\/p>\n\n\n\n<p class=\"wp-block-paragraph\"><strong>Tra\u00efci\u00f3 a les necessitats de la Comunitat Valenciana<\/strong><\/p>\n\n\n\n<p class=\"wp-block-paragraph\">El president ha lamentat \u201cla tra\u00efci\u00f3 del PSPV al finan\u00e7ament just en el pitjor moment de la Comunitat Valenciana i els ha recriminat el vot en contra al Fons de Liquiditat Auton\u00f2mic extraordinari dotat amb 2.500 milions d\u2019euros que mereixen els valencians, castellonencs i alacantins.<\/p>\n\n\n\n<p class=\"wp-block-paragraph\">El cap del Consell ha reivindicat que la Generalitat est\u00e0 fent la major mobilitzaci\u00f3 de recursos de la hist\u00f2ria i en temps r\u00e8cord per a la recuperaci\u00f3 de les zones afectades. Aix\u00ed, ha posat com a exemple la reobertura de la CV-36 amb una inversi\u00f3 de 15,7 milions d\u2019euros o el restabliment del servici de Metrovalencia abans de finalitzar este mes que \u201cestem fent a soles, a pulm\u00f3\u201d.<\/p>\n\n\n\n<p class=\"wp-block-paragraph\">Igualment, ha assenyalat que l\u2019executiu central \u201ccontinua esprement 5.000 aut\u00f2noms que estan pagant per una activitat que no poden fer\u201d i ha indicat que encara hi ha \u201c39.000 fam\u00edlies afectades que no han rebut ni un euro del Govern\u201d.<\/p>\n\n\n\n<p class=\"wp-block-paragraph\">El cap del Consell tamb\u00e9 ha retret al grup PSPV que el Govern d\u2019Espanya \u201cno tinga pressupostos generals de l\u2019Estat\u201d i ha criticat que el president del Govern \u201cfuja de les sessions de control ja que des de gener de 2025 ha faltat 41 vegades entre Congr\u00e9s i Senat\u201d.<\/p>\n\n\n\n<p class=\"wp-block-paragraph\">D\u2019altra banda, el president ha lamentat l\u2019actitud de Comprom\u00eds, a qui ha acusat de diluir-se en conflictes interns i a intentar obtindre r\u00e8dit electoral en compte de defendre els interessos i necessitats dels valencians i d\u2019aportar propostes per a la reconstrucci\u00f3 de la Comunitat Valenciana.<\/p>\n\n\n\n<p class=\"wp-block-paragraph\">Maz\u00f3n ha acusat Comprom\u00eds de ser una formaci\u00f3 \u201ccada vegada m\u00e9s teledirigida amb un comandament a dist\u00e0ncia des de Madrid\u201d i els ha instat a donar suport a q\u00fcestions rellevants per a la Comunitat, com la petici\u00f3 de les compet\u00e8ncies de costes per a defendre milers de valencians que poden perdre les seues cases o negocis en el litoral.<\/p>\n\n\n\n<p class=\"wp-block-paragraph\"><\/p>\n","protected":false},"excerpt":{"rendered":"<div class=\"mh-excerpt\">Estos fons es destinaran a la implantaci\u00f3 del bo comer\u00e7, el bo hostaleria, a la digitalitzaci\u00f3 de pimes i a millores en les infraestructures dels mercats municipals. Assenyala que el Govern d\u2019Espanya i els seus <a class=\"mh-excerpt-more\" href=\"https:\/\/tucomarca.whitekongsoftware.com\/ca\/mazon-anuncia-30-milions-deuros-per-a-noves-ajudes-a-comercos-hostaleria-i-mercats-municipals-afectats-per-les-riuades-per-a-continuar-avancant-en-la-reconstruccio\/\" title=\"Maz\u00f3n anuncia 30 milions d\u2019euros per a noves ajudes a comer\u00e7os, hostaleria i mercats municipals afectats per les riuades per a continuar avan\u00e7ant en la reconstrucci\u00f3\">[+] <\/a><\/div>\n","protected":false},"author":12,"featured_media":269050,"comment_status":"open","ping_status":"open","sticky":false,"template":"","format":"standard","meta":{"footnotes":""},"categories":[21466,10898,10948,10894,10904,10903,10947,10896,10897],"tags":[22651,11498,17210],"class_list":["post-269044","post","type-post","status-publish","format-standard","has-post-thumbnail","category-dana-ca","category-ventana-ca","category-infraestructuras-ca","category-la-comarca-ca","category-sin-categorizar-ca","category-medio-ambiente-la-comarca-ca","category-politica","category-seccion-ca","category-sucesos-la-comarca-ca","tag-ayudas-a-comercios-ca","tag-generalitat-valenciana-ca","tag-mazon-ca"],"_links":{"self":[{"href":"https:\/\/tucomarca.whitekongsoftware.com\/ca\/wp-json\/wp\/v2\/posts\/269044","targetHints":{"allow":["GET"]}}],"collection":[{"href":"https:\/\/tucomarca.whitekongsoftware.com\/ca\/wp-json\/wp\/v2\/posts"}],"about":[{"href":"https:\/\/tucomarca.whitekongsoftware.com\/ca\/wp-json\/wp\/v2\/types\/post"}],"author":[{"embeddable":true,"href":"https:\/\/tucomarca.whitekongsoftware.com\/ca\/wp-json\/wp\/v2\/users\/12"}],"replies":[{"embeddable":true,"href":"https:\/\/tucomarca.whitekongsoftware.com\/ca\/wp-json\/wp\/v2\/comments?post=269044"}],"version-history":[{"count":0,"href":"https:\/\/tucomarca.whitekongsoftware.com\/ca\/wp-json\/wp\/v2\/posts\/269044\/revisions"}],"wp:featuredmedia":[{"embeddable":true,"href":"https:\/\/tucomarca.whitekongsoftware.com\/ca\/wp-json\/wp\/v2\/media\/269050"}],"wp:attachment":[{"href":"https:\/\/tucomarca.whitekongsoftware.com\/ca\/wp-json\/wp\/v2\/media?parent=269044"}],"wp:term":[{"taxonomy":"category","embeddable":true,"href":"https:\/\/tucomarca.whitekongsoftware.com\/ca\/wp-json\/wp\/v2\/categories?post=269044"},{"taxonomy":"post_tag","embeddable":true,"href":"https:\/\/tucomarca.whitekongsoftware.com\/ca\/wp-json\/wp\/v2\/tags?post=269044"}],"curies":[{"name":"wp","href":"https:\/\/api.w.org\/{rel}","templated":true}]}}