{"id":269002,"date":"2025-06-12T10:00:00","date_gmt":"2025-06-12T08:00:00","guid":{"rendered":"https:\/\/www.tucomarca.com\/wordpress\/segunda\/?p=269002"},"modified":"2025-06-12T11:14:32","modified_gmt":"2025-06-12T09:14:32","slug":"xavier-jorge-nou-coordinador-provincial-de-ciutadans-a-valencia","status":"publish","type":"post","link":"https:\/\/tucomarca.whitekongsoftware.com\/ca\/xavier-jorge-nou-coordinador-provincial-de-ciutadans-a-valencia\/","title":{"rendered":"Xavier Jorge, nou coordinador provincial de Ciutadans a Val\u00e8ncia"},"content":{"rendered":"\n<p class=\"wp-block-paragraph\">Ciutadans ha proclamat de manera definitiva a Xavier Jorge com a nou coordinador provincial del partit a Val\u00e8ncia, despr\u00e9s de tancar-se el proc\u00e9s electoral intern sense que es presentaren candidatures alternatives.<\/p>\n\n\n\n<p class=\"wp-block-paragraph\">La nova junta Directiva de Xavier Jorge, format per perfils que aposten pel treball en equip i la consolidaci\u00f3 del projecte liberal a la prov\u00edncia, tindr\u00e0 a m\u00e9s com a Secretari a Antonio David C\u00e1rdenas i com a vocals a Mar\u00eda Jos\u00e9 Miquel, Pablo Gandul, Jes\u00fas Pastor, V\u00edctor Sanchis, David Castell\u00f3 i Rosario Marco.<\/p>\n\n\n\n<p class=\"wp-block-paragraph\">La seua candidatura, sota el nom \u2018Ciutadans del Centre Liberal Progressista\u2019, ha sigut validada per la Comissi\u00f3 de Garanties, tal com estableix el Reglament Org\u00e0nic de la formaci\u00f3.<\/p>\n\n\n\n<p class=\"wp-block-paragraph\">El ja nou coordinador provincial del Cs a la prov\u00edncia de Val\u00e8ncia \u00e9s un referent del municipalisme. Xavier Jorge ha sigut alcalde de Vilamarxant entre els anys 2021 i 2023, regidor des de 2019 fins a l&#8217;actualitat i \u00e9s actualment vicepresident de la Mancomunitat del Camp de T\u00faria.<\/p>\n\n\n\n<p class=\"wp-block-paragraph\">En aquest ens comarcal, a m\u00e9s d&#8217;ostentar la vicepresid\u00e8ncia, Xavier Jorge coordina el grup de partits independents de la Mancomunitat on s\u00f3n la tercera for\u00e7a pol\u00edtica despr\u00e9s d&#8217;aconseguir unir a Ciutadans, Ucin i tots els partits locals de la comarca amb l&#8217;objectiu de defensar els interessos de cada municipi des de l&#8217;\u00f2rgan comarcal.<\/p>\n\n\n\n<p class=\"wp-block-paragraph\">Amb aquesta proclamaci\u00f3, i la proclamaci\u00f3 de les candidatures d&#8217;Alacant i Castell\u00f3, Ciutadans dona per finalitzat el proc\u00e9s de renovaci\u00f3 dels seus \u00f2rgans provincials en la Comunitat Valenciana.<\/p>\n\n\n\n<p class=\"wp-block-paragraph\">En les pr\u00f2ximes setmanes s&#8217;obrir\u00e0 el proc\u00e9s per a la constituci\u00f3 de la junta directiva auton\u00f2mica i el nomenament del nou coordinador auton\u00f2mic de Ciutadans (Cs) Comunitat Valenciana.<a><\/a><\/p>\n","protected":false},"excerpt":{"rendered":"<div class=\"mh-excerpt\">Ciutadans ha proclamat de manera definitiva a Xavier Jorge com a nou coordinador provincial del partit a Val\u00e8ncia, despr\u00e9s de tancar-se el proc\u00e9s electoral intern sense que es presentaren candidatures alternatives. La nova junta Directiva <a class=\"mh-excerpt-more\" href=\"https:\/\/tucomarca.whitekongsoftware.com\/ca\/xavier-jorge-nou-coordinador-provincial-de-ciutadans-a-valencia\/\" title=\"Xavier Jorge, nou coordinador provincial de Ciutadans a Val\u00e8ncia\">[+] <\/a><\/div>\n","protected":false},"author":12,"featured_media":269000,"comment_status":"open","ping_status":"open","sticky":false,"template":"","format":"standard","meta":{"footnotes":""},"categories":[10892,10894,10904,10947,10896,10927],"tags":[10899,22647],"class_list":["post-269002","post","type-post","status-publish","format-standard","has-post-thumbnail","category-camp-de-turia-ca","category-la-comarca-ca","category-sin-categorizar-ca","category-politica","category-seccion-ca","category-vilamarxant-ca","tag-camp-de-turia-ca","tag-ciudadanos-valencia-ca"],"_links":{"self":[{"href":"https:\/\/tucomarca.whitekongsoftware.com\/ca\/wp-json\/wp\/v2\/posts\/269002","targetHints":{"allow":["GET"]}}],"collection":[{"href":"https:\/\/tucomarca.whitekongsoftware.com\/ca\/wp-json\/wp\/v2\/posts"}],"about":[{"href":"https:\/\/tucomarca.whitekongsoftware.com\/ca\/wp-json\/wp\/v2\/types\/post"}],"author":[{"embeddable":true,"href":"https:\/\/tucomarca.whitekongsoftware.com\/ca\/wp-json\/wp\/v2\/users\/12"}],"replies":[{"embeddable":true,"href":"https:\/\/tucomarca.whitekongsoftware.com\/ca\/wp-json\/wp\/v2\/comments?post=269002"}],"version-history":[{"count":0,"href":"https:\/\/tucomarca.whitekongsoftware.com\/ca\/wp-json\/wp\/v2\/posts\/269002\/revisions"}],"wp:featuredmedia":[{"embeddable":true,"href":"https:\/\/tucomarca.whitekongsoftware.com\/ca\/wp-json\/wp\/v2\/media\/269000"}],"wp:attachment":[{"href":"https:\/\/tucomarca.whitekongsoftware.com\/ca\/wp-json\/wp\/v2\/media?parent=269002"}],"wp:term":[{"taxonomy":"category","embeddable":true,"href":"https:\/\/tucomarca.whitekongsoftware.com\/ca\/wp-json\/wp\/v2\/categories?post=269002"},{"taxonomy":"post_tag","embeddable":true,"href":"https:\/\/tucomarca.whitekongsoftware.com\/ca\/wp-json\/wp\/v2\/tags?post=269002"}],"curies":[{"name":"wp","href":"https:\/\/api.w.org\/{rel}","templated":true}]}}