{"id":268879,"date":"2025-06-13T08:30:00","date_gmt":"2025-06-13T06:30:00","guid":{"rendered":"https:\/\/www.tucomarca.com\/wordpress\/segunda\/?p=268879"},"modified":"2025-06-13T08:37:36","modified_gmt":"2025-06-13T06:37:36","slug":"turis-celebra-aquest-dissabte-el-ple-per-al-canvi-en-lalcaldia-en-el-qual-ismael-corell-pit-cedira-la-vara-de-comandament-al-popular-paco-ricau","status":"publish","type":"post","link":"https:\/\/tucomarca.whitekongsoftware.com\/ca\/turis-celebra-aquest-dissabte-el-ple-per-al-canvi-en-lalcaldia-en-el-qual-ismael-corell-pit-cedira-la-vara-de-comandament-al-popular-paco-ricau\/","title":{"rendered":"Tur\u00eds celebra aquest dissabte el ple per al canvi en l&#8217;alcaldia en el qual Ismael Corell (PIT) cedir\u00e0 la vara de comandament al Popular Paco Ricau"},"content":{"rendered":"\n<p class=\"wp-block-paragraph\">El municipi de Tur\u00eds celebrar\u00e0 aquest dissabte, 14 de juny, el ple extraordinari per al relleu en l&#8217;alcaldia que actualment ostenta Ismael Corell, del Partit Independent per Tur\u00eds (PI), qui cedir\u00e0 la vara de comandament a Paco Ricau, del Partit Popular, qui assumir\u00e0 el c\u00e0rrec tal com es va establir en el pacte de govern aconseguit entre PP i PIPT despr\u00e9s de les eleccions del passat 28 de maig de 2023.<\/p>\n\n\n\n<p class=\"wp-block-paragraph\">L&#8217;acord va permetre que Ismael Corell (PIPT) ocupara l&#8217;alcaldia durant els dos primers anys de legislatura, mentre que Paco Ricau liderar\u00e0 el consistori en la segona meitat del mandat.<\/p>\n\n\n\n<p class=\"wp-block-paragraph\">Amb aquest relleu, totes dues formacions compleixen amb els pactes despr\u00e9s dels comicis, en els quals el PP va obtindre quatre regidors i el PIPT tres, garantint aix\u00ed una majoria suficient per al govern local. El trasp\u00e0s es realitzar\u00e0 en un acte institucional previst per a aquest dissabte a les 12,00 hores.<\/p>\n","protected":false},"excerpt":{"rendered":"<div class=\"mh-excerpt\">El municipi de Tur\u00eds celebrar\u00e0 aquest dissabte, 14 de juny, el ple extraordinari per al relleu en l&#8217;alcaldia que actualment ostenta Ismael Corell, del Partit Independent per Tur\u00eds (PI), qui cedir\u00e0 la vara de comandament <a class=\"mh-excerpt-more\" href=\"https:\/\/tucomarca.whitekongsoftware.com\/ca\/turis-celebra-aquest-dissabte-el-ple-per-al-canvi-en-lalcaldia-en-el-qual-ismael-corell-pit-cedira-la-vara-de-comandament-al-popular-paco-ricau\/\" title=\"Tur\u00eds celebra aquest dissabte el ple per al canvi en l&#8217;alcaldia en el qual Ismael Corell (PIT) cedir\u00e0 la vara de comandament al Popular Paco Ricau\">[+] <\/a><\/div>\n","protected":false},"author":12,"featured_media":189061,"comment_status":"open","ping_status":"open","sticky":false,"template":"","format":"standard","meta":{"footnotes":""},"categories":[10948,10894,10904,10902,10947,10896,11047],"tags":[22638,11356,11093],"class_list":["post-268879","post","type-post","status-publish","format-standard","has-post-thumbnail","category-infraestructuras-ca","category-la-comarca-ca","category-sin-categorizar-ca","category-la-ribera-ca","category-politica","category-seccion-ca","category-turis-ca","tag-paco-ricau-ca","tag-ribera-alta-ca","tag-turis-ca"],"_links":{"self":[{"href":"https:\/\/tucomarca.whitekongsoftware.com\/ca\/wp-json\/wp\/v2\/posts\/268879","targetHints":{"allow":["GET"]}}],"collection":[{"href":"https:\/\/tucomarca.whitekongsoftware.com\/ca\/wp-json\/wp\/v2\/posts"}],"about":[{"href":"https:\/\/tucomarca.whitekongsoftware.com\/ca\/wp-json\/wp\/v2\/types\/post"}],"author":[{"embeddable":true,"href":"https:\/\/tucomarca.whitekongsoftware.com\/ca\/wp-json\/wp\/v2\/users\/12"}],"replies":[{"embeddable":true,"href":"https:\/\/tucomarca.whitekongsoftware.com\/ca\/wp-json\/wp\/v2\/comments?post=268879"}],"version-history":[{"count":0,"href":"https:\/\/tucomarca.whitekongsoftware.com\/ca\/wp-json\/wp\/v2\/posts\/268879\/revisions"}],"wp:featuredmedia":[{"embeddable":true,"href":"https:\/\/tucomarca.whitekongsoftware.com\/ca\/wp-json\/wp\/v2\/media\/189061"}],"wp:attachment":[{"href":"https:\/\/tucomarca.whitekongsoftware.com\/ca\/wp-json\/wp\/v2\/media?parent=268879"}],"wp:term":[{"taxonomy":"category","embeddable":true,"href":"https:\/\/tucomarca.whitekongsoftware.com\/ca\/wp-json\/wp\/v2\/categories?post=268879"},{"taxonomy":"post_tag","embeddable":true,"href":"https:\/\/tucomarca.whitekongsoftware.com\/ca\/wp-json\/wp\/v2\/tags?post=268879"}],"curies":[{"name":"wp","href":"https:\/\/api.w.org\/{rel}","templated":true}]}}