{"id":268791,"date":"2025-06-10T12:30:00","date_gmt":"2025-06-10T10:30:00","guid":{"rendered":"https:\/\/www.tucomarca.com\/wordpress\/segunda\/?p=268791"},"modified":"2025-06-10T18:24:48","modified_gmt":"2025-06-10T16:24:48","slug":"la-mancomunitat-de-linterior-tierra-del-vino-suneix-al-programa-reactivem-per-a-facilitar-la-cessio-de-negocis-viables","status":"publish","type":"post","link":"https:\/\/tucomarca.whitekongsoftware.com\/ca\/la-mancomunitat-de-linterior-tierra-del-vino-suneix-al-programa-reactivem-per-a-facilitar-la-cessio-de-negocis-viables\/","title":{"rendered":"La Mancomunitat de l&#8217;Interior Tierra del Vino s&#8217;uneix al programa REACTIVEM per a facilitar la cessi\u00f3 de negocis viables"},"content":{"rendered":"\n<h3 class=\"wp-block-heading\">El programa est\u00e0 impulsat per la Fundaci\u00f3 Val\u00e8ncia Activa i ara arriba a cinc mancomunitats de la prov\u00edncia de Val\u00e8ncia gr\u00e0cies a un conveni de col\u00b7laboraci\u00f3 amb la Diputaci\u00f3 de Val\u00e8ncia, amb l&#8217;objectiu que les seues eines i serveis d&#8217;assessorament per a la transmissi\u00f3 empresarial arriben a tota la prov\u00edncia de Val\u00e8ncia.<\/h3>\n\n\n\n<p class=\"wp-block-paragraph\">La Mancomunitat de l&#8217;Interior Tierra del Vino (MITV) s&#8217;ha unit al programa REACTIVEM, un servei p\u00fablic per a facilitar la transmissi\u00f3 empresarial mitjan\u00e7ant la intermediaci\u00f3 entre cedents i emprenedors, de manera que el tancament d&#8217;una empresa o el final d&#8217;una activitat es convertisca en una oportunitat per a una persona emprenedora que vulga donar-li continu\u00eftat.<\/p>\n\n\n\n<p class=\"wp-block-paragraph\">El programa naix en 2017 a iniciativa de la Fundaci\u00f3 Val\u00e8ncia Activa, de l&#8217;Ajuntament de Val\u00e8ncia i en 2022 Val\u00e8ncia Activa i Diputaci\u00f3 de Val\u00e8ncia subscriuen un conveni de col\u00b7laboraci\u00f3 per a estendre la marca, eines i serveis del programa als territoris integrats en cinc mancomunitats de la prov\u00edncia de Val\u00e8ncia, entre ells, la MITV.<\/p>\n\n\n\n<p class=\"wp-block-paragraph\">D&#8217;aquesta manera, l&#8217;equip t\u00e8cnic de Adapt@+t ja ofereix aquest servei, completament gratu\u00eft, per a acompanyar en el proc\u00e9s d&#8217;emprenedoria i transmissi\u00f3 empresarial punt a persones que volen cedir el seu negoci com aquelles que volen deixar la seua activitat, per\u00f2 volen donar-li continu\u00eftat mitjan\u00e7ant un trasp\u00e0s per ser negocis viables.<\/p>\n\n\n\n<p class=\"wp-block-paragraph\">Aix\u00ed mateix, es tracta de posar en valor el concepte de transmissi\u00f3 empresarial com una via de manteniment i creixement d&#8217;activitats empresarials econ\u00f2micament viables en una comarca amb municipis en risc de despoblaci\u00f3, al mateix temps que s&#8217;evita la p\u00e8rdua de llocs de treball.<\/p>\n\n\n\n<p class=\"wp-block-paragraph\">El servei s&#8217;ofereix des de l&#8217;\u00e0rea d&#8217;emprenedoria del Projecte Adapt@+t de la MITV, el Projecte d&#8217;Ocupaci\u00f3, Emprenedoria, Economia social i Desenvolupament local per als municipis que componen la comarca: Camporrobles, Caudete de las Fuentes, Xera, Fuenterrobles, Requena, Sinarques, Utiel, Venta del Moro i Villargordo del Cabriel.<\/p>\n\n\n\n<p class=\"wp-block-paragraph\"><\/p>\n","protected":false},"excerpt":{"rendered":"<div class=\"mh-excerpt\">El programa est\u00e0 impulsat per la Fundaci\u00f3 Val\u00e8ncia Activa i ara arriba a cinc mancomunitats de la prov\u00edncia de Val\u00e8ncia gr\u00e0cies a un conveni de col\u00b7laboraci\u00f3 amb la Diputaci\u00f3 de Val\u00e8ncia, amb l&#8217;objectiu que les <a class=\"mh-excerpt-more\" href=\"https:\/\/tucomarca.whitekongsoftware.com\/ca\/la-mancomunitat-de-linterior-tierra-del-vino-suneix-al-programa-reactivem-per-a-facilitar-la-cessio-de-negocis-viables\/\" title=\"La Mancomunitat de l&#8217;Interior Tierra del Vino s&#8217;uneix al programa REACTIVEM per a facilitar la cessi\u00f3 de negocis viables\">[+] <\/a><\/div>\n","protected":false},"author":12,"featured_media":268788,"comment_status":"open","ping_status":"open","sticky":false,"template":"","format":"standard","meta":{"footnotes":""},"categories":[10948,10894,10947,10909,10896,11059],"tags":[12387,22635,10910],"class_list":["post-268791","post","type-post","status-publish","format-standard","has-post-thumbnail","category-infraestructuras-ca","category-la-comarca-ca","category-politica","category-requena-utiel-ca","category-seccion-ca","category-utiel-ca","tag-mancomunidad-del-interior-tierra-del-vino-ca","tag-programa-reactivem-ca","tag-requena-utiel-ca"],"_links":{"self":[{"href":"https:\/\/tucomarca.whitekongsoftware.com\/ca\/wp-json\/wp\/v2\/posts\/268791","targetHints":{"allow":["GET"]}}],"collection":[{"href":"https:\/\/tucomarca.whitekongsoftware.com\/ca\/wp-json\/wp\/v2\/posts"}],"about":[{"href":"https:\/\/tucomarca.whitekongsoftware.com\/ca\/wp-json\/wp\/v2\/types\/post"}],"author":[{"embeddable":true,"href":"https:\/\/tucomarca.whitekongsoftware.com\/ca\/wp-json\/wp\/v2\/users\/12"}],"replies":[{"embeddable":true,"href":"https:\/\/tucomarca.whitekongsoftware.com\/ca\/wp-json\/wp\/v2\/comments?post=268791"}],"version-history":[{"count":0,"href":"https:\/\/tucomarca.whitekongsoftware.com\/ca\/wp-json\/wp\/v2\/posts\/268791\/revisions"}],"wp:featuredmedia":[{"embeddable":true,"href":"https:\/\/tucomarca.whitekongsoftware.com\/ca\/wp-json\/wp\/v2\/media\/268788"}],"wp:attachment":[{"href":"https:\/\/tucomarca.whitekongsoftware.com\/ca\/wp-json\/wp\/v2\/media?parent=268791"}],"wp:term":[{"taxonomy":"category","embeddable":true,"href":"https:\/\/tucomarca.whitekongsoftware.com\/ca\/wp-json\/wp\/v2\/categories?post=268791"},{"taxonomy":"post_tag","embeddable":true,"href":"https:\/\/tucomarca.whitekongsoftware.com\/ca\/wp-json\/wp\/v2\/tags?post=268791"}],"curies":[{"name":"wp","href":"https:\/\/api.w.org\/{rel}","templated":true}]}}