{"id":268705,"date":"2025-06-09T10:30:00","date_gmt":"2025-06-09T08:30:00","guid":{"rendered":"https:\/\/www.tucomarca.com\/wordpress\/segunda\/?p=268705"},"modified":"2025-06-09T22:47:14","modified_gmt":"2025-06-09T20:47:14","slug":"es-presenta-a-xest-el-llibre-la-riba-del-mal","status":"publish","type":"post","link":"https:\/\/tucomarca.whitekongsoftware.com\/ca\/es-presenta-a-xest-el-llibre-la-riba-del-mal\/","title":{"rendered":"Es presenta a Xest el llibre &#8216;La Riba del Mal&#8217;"},"content":{"rendered":"\n<p class=\"wp-block-paragraph\">Divendres passat, 6 de juny, es va presentar el llibre \u201cLa Riba del mal\u201d, de Jos\u00e9 Luis Fayos Apestegu\u00eda, en el marc de la programaci\u00f3 cultural municipal del mes de juny.<\/p>\n\n\n\n<p class=\"wp-block-paragraph\">El chestano Teo Vallet va ser l&#8217;encarregat d&#8217;introduir a l&#8217;autor i l&#8217;obra. \u201cJos\u00e9 Luis naix en 1952 a Osca, per\u00f2 creix en un xicotet poble de La Rioja. Es va graduar en Dret amb 20 anys, sent el llicenciat m\u00e9s jove de la seua \u00e8poca, i m\u00e9s tard, va aprovar unes oposicions i es va vindre ac\u00ed a l&#8217;Ajuntament de Xest, localitat on resideix i exerceix la seua professi\u00f3. L&#8217;autor \u00e9s membre d&#8217;un grup d&#8217;escriptors que hem format a nivell intercomercal, en el qual ja som m\u00e9s de 20 membres de Xest, Xiva, Requena, Utiel o Val\u00e8ncia\u201d, explicava Vallet. \u201cJos\u00e9 Luis ha escrit diversos llibres jur\u00eddics, alguns han aconseguit edicions ja importants, per\u00f2 no obstant aix\u00f2, la seua veritable passi\u00f3 radica en literatura, en la qual se submergeix amb rigorositat documental i un estil que atrapa des de la primera l\u00ednia. El que fa fascinant a l&#8217;obra que hui es presenta jo diria que \u00e9s la seua atmosfera envolupant i la profunditat dels seus personatges. \u00c9s una obra forta, \u00e9s dura\u201d.<\/p>\n\n\n\n<p class=\"wp-block-paragraph\">Per part seua, l&#8217;autor va explicar el proc\u00e9s creatiu i el contingut de l&#8217;obra, tancant la presentaci\u00f3 amb la lectura d&#8217;un fragment. \u201cJo abans de posar-me a escriure la primera l\u00ednia vinc a dedicar un m\u00ednim de nou mesos a un any d&#8217;investigaci\u00f3, a documentar-me del tema. Quan ja m&#8217;he xopat b\u00e9 i he pres les meues notes, \u00e9s quan jo comence a escriure. I llavors, el tema l&#8217;estructure, trie uns personatges i els vaig ficant en la l\u00ednia que m&#8217;he tra\u00e7at per a descriure una hist\u00f2ria. En aquest cas, la hist\u00f2ria \u00e9s d&#8217;un assass\u00ed que va recorrent les diferents perversions sexuals a trav\u00e9s dels seus assassinats. Eixa \u00e9s la meua manera d&#8217;escriure. Espere que us agrade\u201d.<\/p>\n\n\n\n<figure class=\"wp-block-image size-large\"><img loading=\"lazy\" decoding=\"async\" width=\"1024\" height=\"682\" src=\"http:\/\/www.tucomarca.com\/wordpress\/segunda\/wp-content\/uploads\/2025\/06\/ChesteLaOrilladelmal1-1024x682.jpg\" alt=\"\" class=\"wp-image-268700\" srcset=\"https:\/\/tucomarca.whitekongsoftware.com\/wp-content\/uploads\/2025\/06\/ChesteLaOrilladelmal1-1024x682.jpg 1024w, https:\/\/tucomarca.whitekongsoftware.com\/wp-content\/uploads\/2025\/06\/ChesteLaOrilladelmal1-300x200.jpg 300w, https:\/\/tucomarca.whitekongsoftware.com\/wp-content\/uploads\/2025\/06\/ChesteLaOrilladelmal1-768x512.jpg 768w, https:\/\/tucomarca.whitekongsoftware.com\/wp-content\/uploads\/2025\/06\/ChesteLaOrilladelmal1.jpg 1181w\" sizes=\"auto, (max-width: 1024px) 100vw, 1024px\" \/><\/figure>\n","protected":false},"excerpt":{"rendered":"<div class=\"mh-excerpt\">Divendres passat, 6 de juny, es va presentar el llibre \u201cLa Riba del mal\u201d, de Jos\u00e9 Luis Fayos Apestegu\u00eda, en el marc de la programaci\u00f3 cultural municipal del mes de juny. El chestano Teo Vallet <a class=\"mh-excerpt-more\" href=\"https:\/\/tucomarca.whitekongsoftware.com\/ca\/es-presenta-a-xest-el-llibre-la-riba-del-mal\/\" title=\"Es presenta a Xest el llibre &#8216;La Riba del Mal&#8217;\">[+] <\/a><\/div>\n","protected":false},"author":12,"featured_media":268703,"comment_status":"open","ping_status":"open","sticky":false,"template":"","format":"standard","meta":{"footnotes":""},"categories":[10894,10912,11007,10896,10974],"tags":[11071,10914,22621],"class_list":["post-268705","post","type-post","status-publish","format-standard","has-post-thumbnail","category-la-comarca-ca","category-la-hoya-ca","category-ocio-y-cultura-ca","category-seccion-ca","category-cheste-ca","tag-cheste","tag-la-hoya-de-bunol-chiva-ca","tag-orilla-del-mal-ca"],"_links":{"self":[{"href":"https:\/\/tucomarca.whitekongsoftware.com\/ca\/wp-json\/wp\/v2\/posts\/268705","targetHints":{"allow":["GET"]}}],"collection":[{"href":"https:\/\/tucomarca.whitekongsoftware.com\/ca\/wp-json\/wp\/v2\/posts"}],"about":[{"href":"https:\/\/tucomarca.whitekongsoftware.com\/ca\/wp-json\/wp\/v2\/types\/post"}],"author":[{"embeddable":true,"href":"https:\/\/tucomarca.whitekongsoftware.com\/ca\/wp-json\/wp\/v2\/users\/12"}],"replies":[{"embeddable":true,"href":"https:\/\/tucomarca.whitekongsoftware.com\/ca\/wp-json\/wp\/v2\/comments?post=268705"}],"version-history":[{"count":0,"href":"https:\/\/tucomarca.whitekongsoftware.com\/ca\/wp-json\/wp\/v2\/posts\/268705\/revisions"}],"wp:featuredmedia":[{"embeddable":true,"href":"https:\/\/tucomarca.whitekongsoftware.com\/ca\/wp-json\/wp\/v2\/media\/268703"}],"wp:attachment":[{"href":"https:\/\/tucomarca.whitekongsoftware.com\/ca\/wp-json\/wp\/v2\/media?parent=268705"}],"wp:term":[{"taxonomy":"category","embeddable":true,"href":"https:\/\/tucomarca.whitekongsoftware.com\/ca\/wp-json\/wp\/v2\/categories?post=268705"},{"taxonomy":"post_tag","embeddable":true,"href":"https:\/\/tucomarca.whitekongsoftware.com\/ca\/wp-json\/wp\/v2\/tags?post=268705"}],"curies":[{"name":"wp","href":"https:\/\/api.w.org\/{rel}","templated":true}]}}