{"id":268633,"date":"2025-06-06T13:25:00","date_gmt":"2025-06-06T11:25:00","guid":{"rendered":"https:\/\/www.tucomarca.com\/wordpress\/segunda\/?p=268633"},"modified":"2025-06-06T21:17:59","modified_gmt":"2025-06-06T19:17:59","slug":"benaguasil-inicia-la-reforma-dels-vestuaris-del-camp-de-futbol-municipal","status":"publish","type":"post","link":"https:\/\/tucomarca.whitekongsoftware.com\/ca\/benaguasil-inicia-la-reforma-dels-vestuaris-del-camp-de-futbol-municipal\/","title":{"rendered":"Benaguasil inicia la reforma dels vestuaris del camp de futbol municipal"},"content":{"rendered":"\n<p class=\"wp-block-paragraph\">L&#8217;Ajuntament de Benaguasil ha iniciat les obres de remodelaci\u00f3 i adequaci\u00f3 dels vestuaris del camp de futbol del Poliesportiu Municipal per a oferir a jugadors i visitants unes instal\u00b7lacions m\u00e9s c\u00f2modes i modernes.<\/p>\n\n\n\n<p class=\"wp-block-paragraph\">Els treballs, que van comen\u00e7ar la setmana passada, consistiran en la renovaci\u00f3 del paviment i de l&#8217;enrajolat m\u00e9s danyat, a m\u00e9s de millores en lampisteria per a optimitzar el servei d&#8217;aigua calenta.<\/p>\n\n\n\n<p class=\"wp-block-paragraph\">A aquesta actuaci\u00f3 se suma la instal\u00b7laci\u00f3 d&#8217;una xarxa en el lateral del camp de futbol que bufona amb el p\u00e0rquing amb l&#8217;objectiu de millorar la seguretat i evitar que les pilotes isquen fora del recinte.<\/p>\n\n\n\n<p class=\"wp-block-paragraph\">El regidor d&#8217;Esports, Rub\u00e9n Araque, ha supervisat els treballs que s&#8217;estan duent a terme i que suposen una millora significativa d&#8217;aquestes instal\u00b7lacions destinades a l&#8217;\u00fas i gaudi dels esportistes, destacant \u201cl&#8217;aposta de l&#8217;equip de govern per la millora cont\u00ednua de les instal\u00b7lacions esportives municipals per a oferir uns serveis de qualitat als usuaris\u201d.<\/p>\n\n\n\n<figure class=\"wp-block-image size-large\"><img loading=\"lazy\" decoding=\"async\" width=\"1024\" height=\"576\" src=\"http:\/\/www.tucomarca.com\/wordpress\/segunda\/wp-content\/uploads\/2025\/06\/Benaguasil_RedPorteria-1024x576.jpg\" alt=\"\" class=\"wp-image-268629\" srcset=\"https:\/\/tucomarca.whitekongsoftware.com\/wp-content\/uploads\/2025\/06\/Benaguasil_RedPorteria-1024x576.jpg 1024w, https:\/\/tucomarca.whitekongsoftware.com\/wp-content\/uploads\/2025\/06\/Benaguasil_RedPorteria-300x169.jpg 300w, https:\/\/tucomarca.whitekongsoftware.com\/wp-content\/uploads\/2025\/06\/Benaguasil_RedPorteria-768x432.jpg 768w, https:\/\/tucomarca.whitekongsoftware.com\/wp-content\/uploads\/2025\/06\/Benaguasil_RedPorteria-1536x864.jpg 1536w, https:\/\/tucomarca.whitekongsoftware.com\/wp-content\/uploads\/2025\/06\/Benaguasil_RedPorteria-678x381.jpg 678w, https:\/\/tucomarca.whitekongsoftware.com\/wp-content\/uploads\/2025\/06\/Benaguasil_RedPorteria.jpg 1600w\" sizes=\"auto, (max-width: 1024px) 100vw, 1024px\" \/><\/figure>\n","protected":false},"excerpt":{"rendered":"<div class=\"mh-excerpt\">L&#8217;Ajuntament de Benaguasil ha iniciat les obres de remodelaci\u00f3 i adequaci\u00f3 dels vestuaris del camp de futbol del Poliesportiu Municipal per a oferir a jugadors i visitants unes instal\u00b7lacions m\u00e9s c\u00f2modes i modernes. Els treballs, <a class=\"mh-excerpt-more\" href=\"https:\/\/tucomarca.whitekongsoftware.com\/ca\/benaguasil-inicia-la-reforma-dels-vestuaris-del-camp-de-futbol-municipal\/\" title=\"Benaguasil inicia la reforma dels vestuaris del camp de futbol municipal\">[+] <\/a><\/div>\n","protected":false},"author":13,"featured_media":268628,"comment_status":"open","ping_status":"open","sticky":false,"template":"","format":"standard","meta":{"footnotes":""},"categories":[10952,10892,11015,11003,10948,10894,10896],"tags":[11136,10899,12903],"class_list":["post-268633","post","type-post","status-publish","format-standard","has-post-thumbnail","category-benaguasil-ca","category-camp-de-turia-ca","category-canal-futbol","category-sports","category-infraestructuras-ca","category-la-comarca-ca","category-seccion-ca","tag-benaguasil-ca","tag-camp-de-turia-ca","tag-infraestructuras-ca"],"_links":{"self":[{"href":"https:\/\/tucomarca.whitekongsoftware.com\/ca\/wp-json\/wp\/v2\/posts\/268633","targetHints":{"allow":["GET"]}}],"collection":[{"href":"https:\/\/tucomarca.whitekongsoftware.com\/ca\/wp-json\/wp\/v2\/posts"}],"about":[{"href":"https:\/\/tucomarca.whitekongsoftware.com\/ca\/wp-json\/wp\/v2\/types\/post"}],"author":[{"embeddable":true,"href":"https:\/\/tucomarca.whitekongsoftware.com\/ca\/wp-json\/wp\/v2\/users\/13"}],"replies":[{"embeddable":true,"href":"https:\/\/tucomarca.whitekongsoftware.com\/ca\/wp-json\/wp\/v2\/comments?post=268633"}],"version-history":[{"count":0,"href":"https:\/\/tucomarca.whitekongsoftware.com\/ca\/wp-json\/wp\/v2\/posts\/268633\/revisions"}],"wp:featuredmedia":[{"embeddable":true,"href":"https:\/\/tucomarca.whitekongsoftware.com\/ca\/wp-json\/wp\/v2\/media\/268628"}],"wp:attachment":[{"href":"https:\/\/tucomarca.whitekongsoftware.com\/ca\/wp-json\/wp\/v2\/media?parent=268633"}],"wp:term":[{"taxonomy":"category","embeddable":true,"href":"https:\/\/tucomarca.whitekongsoftware.com\/ca\/wp-json\/wp\/v2\/categories?post=268633"},{"taxonomy":"post_tag","embeddable":true,"href":"https:\/\/tucomarca.whitekongsoftware.com\/ca\/wp-json\/wp\/v2\/tags?post=268633"}],"curies":[{"name":"wp","href":"https:\/\/api.w.org\/{rel}","templated":true}]}}