{"id":268504,"date":"2025-06-06T12:45:00","date_gmt":"2025-06-06T10:45:00","guid":{"rendered":"https:\/\/www.tucomarca.com\/wordpress\/segunda\/?p=268504"},"modified":"2025-06-06T15:47:10","modified_gmt":"2025-06-06T13:47:10","slug":"alboraig-dona-la-benvinguda-a-lestiu-amb-lobertura-de-la-piscina-municipal","status":"publish","type":"post","link":"https:\/\/tucomarca.whitekongsoftware.com\/ca\/alboraig-dona-la-benvinguda-a-lestiu-amb-lobertura-de-la-piscina-municipal\/","title":{"rendered":"Alboraig dona la benvinguda a l&#8217;estiu amb l&#8217;obertura de la piscina municipal"},"content":{"rendered":"\n<p class=\"wp-block-paragraph\">Aquest divendres, 7 de juny, arranca la temporada d&#8217;estiu a Alboraig amb l&#8217;obertura de la piscina municipal.<\/p>\n\n\n\n<p class=\"wp-block-paragraph\">L&#8217;horari ser\u00e0 d&#8217;11,00 h a 19,00 h, oferint a ve\u00efns i visitants un espai ideal per a refrescar-se i gaudir del bon temps. Comen\u00e7a l&#8217;estiu a Alboraig.<\/p>\n","protected":false},"excerpt":{"rendered":"<div class=\"mh-excerpt\">Aquest divendres, 7 de juny, arranca la temporada d&#8217;estiu a Alboraig amb l&#8217;obertura de la piscina municipal. L&#8217;horari ser\u00e0 d&#8217;11,00 h a 19,00 h, oferint a ve\u00efns i visitants un espai ideal per a refrescar-se <a class=\"mh-excerpt-more\" href=\"https:\/\/tucomarca.whitekongsoftware.com\/ca\/alboraig-dona-la-benvinguda-a-lestiu-amb-lobertura-de-la-piscina-municipal\/\" title=\"Alboraig dona la benvinguda a l&#8217;estiu amb l&#8217;obertura de la piscina municipal\">[+] <\/a><\/div>\n","protected":false},"author":12,"featured_media":268503,"comment_status":"open","ping_status":"open","sticky":false,"template":"","format":"standard","meta":{"footnotes":""},"categories":[10973,10948,10894,10912,10896],"tags":[11224,10914,12220],"class_list":["post-268504","post","type-post","status-publish","format-standard","has-post-thumbnail","category-alborache-ca","category-infraestructuras-ca","category-la-comarca-ca","category-la-hoya-ca","category-seccion-ca","tag-alborache-ca","tag-la-hoya-de-bunol-chiva-ca","tag-piscina-municipal-ca"],"_links":{"self":[{"href":"https:\/\/tucomarca.whitekongsoftware.com\/ca\/wp-json\/wp\/v2\/posts\/268504","targetHints":{"allow":["GET"]}}],"collection":[{"href":"https:\/\/tucomarca.whitekongsoftware.com\/ca\/wp-json\/wp\/v2\/posts"}],"about":[{"href":"https:\/\/tucomarca.whitekongsoftware.com\/ca\/wp-json\/wp\/v2\/types\/post"}],"author":[{"embeddable":true,"href":"https:\/\/tucomarca.whitekongsoftware.com\/ca\/wp-json\/wp\/v2\/users\/12"}],"replies":[{"embeddable":true,"href":"https:\/\/tucomarca.whitekongsoftware.com\/ca\/wp-json\/wp\/v2\/comments?post=268504"}],"version-history":[{"count":0,"href":"https:\/\/tucomarca.whitekongsoftware.com\/ca\/wp-json\/wp\/v2\/posts\/268504\/revisions"}],"wp:featuredmedia":[{"embeddable":true,"href":"https:\/\/tucomarca.whitekongsoftware.com\/ca\/wp-json\/wp\/v2\/media\/268503"}],"wp:attachment":[{"href":"https:\/\/tucomarca.whitekongsoftware.com\/ca\/wp-json\/wp\/v2\/media?parent=268504"}],"wp:term":[{"taxonomy":"category","embeddable":true,"href":"https:\/\/tucomarca.whitekongsoftware.com\/ca\/wp-json\/wp\/v2\/categories?post=268504"},{"taxonomy":"post_tag","embeddable":true,"href":"https:\/\/tucomarca.whitekongsoftware.com\/ca\/wp-json\/wp\/v2\/tags?post=268504"}],"curies":[{"name":"wp","href":"https:\/\/api.w.org\/{rel}","templated":true}]}}