{"id":268471,"date":"2025-06-05T14:00:00","date_gmt":"2025-06-05T12:00:00","guid":{"rendered":"https:\/\/www.tucomarca.com\/wordpress\/segunda\/?p=268471"},"modified":"2025-06-05T20:20:08","modified_gmt":"2025-06-05T18:20:08","slug":"mazon-invertim-en-modernitzacio-de-regadius-per-a-garantir-el-futur-del-sector-agricola-enfront-dun-govern-que-ens-nega-laigua-que-mereixem","status":"publish","type":"post","link":"https:\/\/tucomarca.whitekongsoftware.com\/ca\/mazon-invertim-en-modernitzacio-de-regadius-per-a-garantir-el-futur-del-sector-agricola-enfront-dun-govern-que-ens-nega-laigua-que-mereixem\/","title":{"rendered":"Maz\u00f3n: \u201cInvertim en modernitzaci\u00f3 de regadius per a garantir el futur del sector agr\u00edcola enfront d&#8217;un Govern que ens nega l&#8217;aigua que mereixem\u201d"},"content":{"rendered":"\n<h3 class=\"wp-block-heading\">El president visita les obres de modernitzaci\u00f3 de regadiu dels sectors 17 i 4 de la S\u00e9quia Real de X\u00faquer i destaca la inversi\u00f3 de m\u00e9s de 8 milions \u201cper a tirar avant el sector primari i aportar m\u00e9s aigua i de qualitat a l\u2019Albufera\u201d.<\/h3>\n\n\n\n<h3 class=\"wp-block-heading\">Ressalta que aquestes actuacions beneficien als agricultors afectats per les riuades, recorda que l&#8217;aigua \u201c\u00e9s de tots\u201d i agraeix \u201cla solidaritat i la responsabilitat\u201d dels regants del X\u00faquer \u201cperqu\u00e8 creuen en el seu territori\u201d.<\/h3>\n\n\n\n<h3 class=\"wp-block-heading\">Assenyala l&#8217;autoritat moral de la nostra terra per a reclamar l&#8217;aigua que necessita i posa com a exemple l&#8217;aposta en la millora de sistemes de reg, la depuraci\u00f3 d&#8217;aig\u00fces, el transvasament X\u00faquer-Vinalop\u00f3 i la resoluci\u00f3 pac\u00edfica en mat\u00e8ria h\u00eddrica.<\/h3>\n\n\n\n<p class=\"wp-block-paragraph\">El president de la Generalitat, Carlos Maz\u00f3n, ha subratllat l&#8217;aposta del Consell amb la modernitzaci\u00f3 de regadius mitjan\u00e7ant inversi\u00f3 econ\u00f2mica i execuci\u00f3 d&#8217;obres \u201cper a garantir el futur del sector agr\u00edcola\u201d, al mateix temps que ha retret al Govern d&#8217;Espanya que \u201ccontinue negant a la Comunitat Valenciana l&#8217;aigua que mereixem\u201d.<\/p>\n\n\n\n<p class=\"wp-block-paragraph\">Aix\u00ed s&#8217;ha manifestat en la seua visita a la posada en funcionament de les actuacions de modernitzaci\u00f3 de regadius del sector 17 de la S\u00e9quia Real del X\u00faquer i a l&#8217;inici d&#8217;obres de les del sector 4 de la mateixa entitat, on ha estat acompanyat pel conseller d&#8217;Agricultura, Aigua, Ramaderia i Pesca, Miguel Barrachina, el president de la S\u00e9quia Real del X\u00faquer, Antonio Costa, l&#8217;alcaldessa de Massalav\u00e9s, Puri Noguera, i l&#8217;alcalde d&#8217;Alberic, To\u00f1o Carratal\u00e1.<\/p>\n\n\n\n<figure class=\"wp-block-gallery has-nested-images columns-default is-cropped wp-block-gallery-1 is-layout-flex wp-block-gallery-is-layout-flex\">\n<figure class=\"wp-block-image size-large\"><img loading=\"lazy\" decoding=\"async\" width=\"1024\" height=\"682\" data-id=\"268466\" src=\"https:\/\/www.tucomarca.com\/wordpress\/segunda\/wp-content\/uploads\/2025\/06\/MazonRegadio2-1024x682.jpg\" alt=\"\" class=\"wp-image-268466\" srcset=\"https:\/\/tucomarca.whitekongsoftware.com\/wp-content\/uploads\/2025\/06\/MazonRegadio2-1024x682.jpg 1024w, https:\/\/tucomarca.whitekongsoftware.com\/wp-content\/uploads\/2025\/06\/MazonRegadio2-300x200.jpg 300w, https:\/\/tucomarca.whitekongsoftware.com\/wp-content\/uploads\/2025\/06\/MazonRegadio2-768x512.jpg 768w, https:\/\/tucomarca.whitekongsoftware.com\/wp-content\/uploads\/2025\/06\/MazonRegadio2.jpg 1181w\" sizes=\"auto, (max-width: 1024px) 100vw, 1024px\" \/><\/figure>\n\n\n\n<figure class=\"wp-block-image size-large\"><img loading=\"lazy\" decoding=\"async\" width=\"1024\" height=\"682\" data-id=\"268468\" src=\"https:\/\/www.tucomarca.com\/wordpress\/segunda\/wp-content\/uploads\/2025\/06\/MazonRegadio3-1024x682.jpg\" alt=\"\" class=\"wp-image-268468\" srcset=\"https:\/\/tucomarca.whitekongsoftware.com\/wp-content\/uploads\/2025\/06\/MazonRegadio3-1024x682.jpg 1024w, https:\/\/tucomarca.whitekongsoftware.com\/wp-content\/uploads\/2025\/06\/MazonRegadio3-300x200.jpg 300w, https:\/\/tucomarca.whitekongsoftware.com\/wp-content\/uploads\/2025\/06\/MazonRegadio3-768x512.jpg 768w, https:\/\/tucomarca.whitekongsoftware.com\/wp-content\/uploads\/2025\/06\/MazonRegadio3.jpg 1181w\" sizes=\"auto, (max-width: 1024px) 100vw, 1024px\" \/><\/figure>\n<\/figure>\n\n\n\n<p class=\"wp-block-paragraph\">El cap del Consell ha ressaltat que la inversi\u00f3 directa de la Generalitat de 4,2 milions d&#8217;euros en el sector 17 de la S\u00e9quia Real del X\u00faquer beneficia a m\u00e9s de 500 regants, possibilita una major efici\u00e8ncia en l&#8217;\u00fas de l&#8217;aigua amb un estalvi potencial de 735 hect\u00f2metres c\u00fabics a l&#8217;any i \u201cpermet aportar m\u00e9s aigua i de major qualitat al parc natural de l\u2019Albufera\u201d.<\/p>\n\n\n\n<p class=\"wp-block-paragraph\">En aquest sentit, ha agra\u00eft \u201cla solidaritat i la responsabilitat\u201d dels regants del X\u00faquer \u201cque han demostrat que no solament lluiten per traure cap avant els seus productes, sin\u00f3 que creen en la seua terra i en la joia de tots els valencians que \u00e9s l\u2019Albufera\u201d.<\/p>\n\n\n\n<p class=\"wp-block-paragraph\">El projecte, concl\u00f2s a la fi de maig en els termes municipals d&#8217;Algemes\u00ed i Alzira, ha suposat la instal\u00b7laci\u00f3 de reg localitzat en tota la superf\u00edcie de cultius, entre altres millores de la xarxa de transport i distribuci\u00f3 d&#8217;aigua.<\/p>\n\n\n\n<p class=\"wp-block-paragraph\">Aix\u00ed mateix, Maz\u00f3n ha destacat que aquestes obres beneficien a m\u00e9s als agricultors de la zona de la Ribera afectats per les riuades i ha assenyalat que aquestes actuacions proporcionen \u201cl&#8217;aigua que necessiten\u201d per a les seues collites.<\/p>\n\n\n\n<p class=\"wp-block-paragraph\">Sobre aquest tema, ha retret al Govern d&#8217;Espanya que no reconega a 28 municipis de la prov\u00edncia de Val\u00e8ncia i a 71 de la de Castell\u00f3 en les seues ajudes per a alleujar els efectes de les inundacions \u201ci que estan eixint a flotaci\u00f3 gr\u00e0cies a la conselleria d&#8217;Agricultura de la Generalitat\u201d, ha apuntat.<\/p>\n\n\n\n<p class=\"wp-block-paragraph\">Cal destacar que la Generalitat inverteix altres 4,1 milions d&#8217;euros en el sector 4 que comprenen actuacions en 255 hect\u00e0rees d&#8217;Alberic i Massalav\u00e9s per a la instal\u00b7laci\u00f3 d&#8217;un sistema de reg localitzat d&#8217;alta freq\u00fc\u00e8ncia que \u201cafavorir\u00e0 a 506 regants\u201d, segons ha incidit.<\/p>\n\n\n\n<p class=\"wp-block-paragraph\">Aquestes actuacions se sumen als 12,6 milions d&#8217;euros destinats per la Generalitat a la S\u00e9quia Real del X\u00faquer per a modernitzar infraestructures en 8 sectors de regadiu amb les quals s&#8217;obtindran 6,67 hect\u00f2metres c\u00fabics d&#8217;estalvi d&#8217;aigua que es podran derivar a L\u2019Albufera. La modernitzaci\u00f3 d&#8217;aquests sectors s&#8217;est\u00e9n sobre 2.195 hect\u00e0rees de reg, beneficiant a 5.844 agricultors.<\/p>\n\n\n\n<p class=\"wp-block-paragraph\"><strong>Autoritat moral per a reclamar l&#8217;aigua que necessitem<\/strong><\/p>\n\n\n\n<p class=\"wp-block-paragraph\">Carlos Maz\u00f3n ha defensat \u201cque l&#8217;aigua \u00e9s de tots i que tots la podem aprofitar per al nostre propi futur\u201d, a m\u00e9s de ratificar el comprom\u00eds del Consell \u201cper a continuar reclamant i exigint a l&#8217;aigua que ens mereixem\u201d i invertir en modernitzaci\u00f3 de regadius.<\/p>\n\n\n\n<p class=\"wp-block-paragraph\">En aquest sentit, ha recalcat l&#8217;autoritat moral de la Comunitat Valenciana per a exigir recursos h\u00eddrics \u201cperqu\u00e8 un territori que demana aigua en condicions, a un preu adequat i amb qualitat, ha de tindre raones per a poder demandar-la\u201d.<\/p>\n\n\n\n<p class=\"wp-block-paragraph\">Aix\u00ed, ha assenyalat que la Comunitat Valenciana compleix amb \u201cels quatre requisits\u201d necessaris i ha al\u00b7ludit a l&#8217;aposta en la millora de sistemes de reg, el transvasament X\u00faquer-Vinalop\u00f3, la resoluci\u00f3 pac\u00edfica de conflictes en mat\u00e8ria h\u00eddrica i la depuraci\u00f3 d&#8217;aig\u00fces \u201camb plans d&#8217;execuci\u00f3 com mai hi ha hagut en el nostre territori\u201d.<\/p>\n\n\n\n<p class=\"wp-block-paragraph\">El cap de l&#8217;Executiu valenci\u00e0 s&#8217;ha referit tamb\u00e9 a la cultura de l&#8217;aigua en la Comunitat Valenciana que considera aquest recurs h\u00eddric com a \u201cor\u201d i aposta per \u201cel di\u00e0leg i el consens enfront de les guerres\u201d.<\/p>\n","protected":false},"excerpt":{"rendered":"<div class=\"mh-excerpt\">El president visita les obres de modernitzaci\u00f3 de regadiu dels sectors 17 i 4 de la S\u00e9quia Real de X\u00faquer i destaca la inversi\u00f3 de m\u00e9s de 8 milions \u201cper a tirar avant el sector <a class=\"mh-excerpt-more\" href=\"https:\/\/tucomarca.whitekongsoftware.com\/ca\/mazon-invertim-en-modernitzacio-de-regadius-per-a-garantir-el-futur-del-sector-agricola-enfront-dun-govern-que-ens-nega-laigua-que-mereixem\/\" title=\"Maz\u00f3n: \u201cInvertim en modernitzaci\u00f3 de regadius per a garantir el futur del sector agr\u00edcola enfront d&#8217;un Govern que ens nega l&#8217;aigua que mereixem\u201d\">[+] <\/a><\/div>\n","protected":false},"author":12,"featured_media":268465,"comment_status":"open","ping_status":"open","sticky":false,"template":"","format":"gallery","meta":{"footnotes":""},"categories":[10983,10889,10898,10948,10894,10904,10902,10999,10903,10947,10896],"tags":[18807,11498,15228,11356],"class_list":["post-268471","post","type-post","status-publish","format-gallery","has-post-thumbnail","category-algemesi-ca","category-alzira-cat","category-ventana-ca","category-infraestructuras-ca","category-la-comarca-ca","category-sin-categorizar-ca","category-la-ribera-ca","category-masalaves-ca","category-medio-ambiente-la-comarca-ca","category-politica","category-seccion-ca","tag-carlos-mazon-ca","tag-generalitat-valenciana-ca","tag-regadio-ca","tag-ribera-alta-ca","post_format-post-format-gallery"],"_links":{"self":[{"href":"https:\/\/tucomarca.whitekongsoftware.com\/ca\/wp-json\/wp\/v2\/posts\/268471","targetHints":{"allow":["GET"]}}],"collection":[{"href":"https:\/\/tucomarca.whitekongsoftware.com\/ca\/wp-json\/wp\/v2\/posts"}],"about":[{"href":"https:\/\/tucomarca.whitekongsoftware.com\/ca\/wp-json\/wp\/v2\/types\/post"}],"author":[{"embeddable":true,"href":"https:\/\/tucomarca.whitekongsoftware.com\/ca\/wp-json\/wp\/v2\/users\/12"}],"replies":[{"embeddable":true,"href":"https:\/\/tucomarca.whitekongsoftware.com\/ca\/wp-json\/wp\/v2\/comments?post=268471"}],"version-history":[{"count":0,"href":"https:\/\/tucomarca.whitekongsoftware.com\/ca\/wp-json\/wp\/v2\/posts\/268471\/revisions"}],"wp:featuredmedia":[{"embeddable":true,"href":"https:\/\/tucomarca.whitekongsoftware.com\/ca\/wp-json\/wp\/v2\/media\/268465"}],"wp:attachment":[{"href":"https:\/\/tucomarca.whitekongsoftware.com\/ca\/wp-json\/wp\/v2\/media?parent=268471"}],"wp:term":[{"taxonomy":"category","embeddable":true,"href":"https:\/\/tucomarca.whitekongsoftware.com\/ca\/wp-json\/wp\/v2\/categories?post=268471"},{"taxonomy":"post_tag","embeddable":true,"href":"https:\/\/tucomarca.whitekongsoftware.com\/ca\/wp-json\/wp\/v2\/tags?post=268471"}],"curies":[{"name":"wp","href":"https:\/\/api.w.org\/{rel}","templated":true}]}}