{"id":268430,"date":"2025-06-05T08:00:00","date_gmt":"2025-06-05T06:00:00","guid":{"rendered":"https:\/\/www.tucomarca.com\/wordpress\/segunda\/?p=268430"},"modified":"2025-06-05T20:21:36","modified_gmt":"2025-06-05T18:21:36","slug":"la-diputacio-de-valencia-porta-loferta-turistica-de-la-provincia-al-principal-certamen-del-sector-a-galicia","status":"publish","type":"post","link":"https:\/\/tucomarca.whitekongsoftware.com\/ca\/la-diputacio-de-valencia-porta-loferta-turistica-de-la-provincia-al-principal-certamen-del-sector-a-galicia\/","title":{"rendered":"La Diputaci\u00f3 de Val\u00e8ncia porta l&#8217;oferta tur\u00edstica de la prov\u00edncia al principal certamen del sector a Galicia"},"content":{"rendered":"\n<h3 class=\"wp-block-heading\">TUREXPO Galicia 2025 se celebra fins diumenge que ve en el municipi de Silleda (Pontevedra).<\/h3>\n\n\n\n<p class=\"wp-block-paragraph\">La Diputaci\u00f3 de Val\u00e8ncia participa en una nova edici\u00f3 de TUREXPO Galicia, el principal certamen tur\u00edstic de Galicia, que enguany se celebra des de hui i fins diumenge que ve en Silleda (Pontevedra).&nbsp;<\/p>\n\n\n\n<p class=\"wp-block-paragraph\">La corporaci\u00f3 provincial acudix al certamen amb la seua marca Val\u00e8ncia Turisme al costat del municipi de Gandia, com coexpositor, en un espai expositiu tematizado amb la imatge gr\u00e0fica de la campanya promocional 2025 de la prov\u00edncia, baix l&#8217;esl\u00f2gan Te Mereixes Val\u00e8ncia. L&#8217;objectiu \u00e9s \u201cpotenciar el flux tur\u00edstic gallec cap a la prov\u00edncia de Val\u00e8ncia amb informaci\u00f3 directa de la seua oferta tur\u00edstica, aprofitant l&#8217;inici de la temporada estival i el seu especial inter\u00e9s pels nostres destins costaners, aix\u00ed com les connexions a\u00e8ries directes entre els dos territoris\u201d, segons ha manifestat el diputat de Turisme i Esports, Pedro Cuesta.&nbsp;<\/p>\n\n\n\n<p class=\"wp-block-paragraph\">Amb esta acci\u00f3, la Diputaci\u00f3 de Val\u00e8ncia conclou la seua participaci\u00f3 en fires tur\u00edstiques nacionals del primer semestre de l&#8217;any, per\u00edode en el qual ha presentat l&#8217;oferta tur\u00edstica de la prov\u00edncia, acompanyat de diversos municipis com coexpositores, en Fitur i Madrid Fusi\u00f3n (dins de l&#8217;estand de la Comunitat Valenciana), aix\u00ed com en Navartur (Pamplona), B-Travel (Barcelona), Expovacaciones (Bilbao) i Aratur (Zaragoza) amb estand propi en totes elles, abans d&#8217;acudir a Galicia.<\/p>\n\n\n\n<p class=\"wp-block-paragraph\">\u201cHem portat tota l&#8217;oferta tur\u00edstica de la nostra prov\u00edncia i totes les possibilitats que actualment oferix, a gran part dels nostres principals mercats emissors nacionals i dels m\u00e9s significatius per als nostres destins, especialment els del litoral, de cara als mesos d&#8217;estiu, labor que continuarem durant el segon semestre amb altres accions promocionals\u201d, ha apuntat el diputat.<\/p>\n\n\n\n<figure class=\"wp-block-image size-large\"><img loading=\"lazy\" decoding=\"async\" width=\"1024\" height=\"768\" src=\"http:\/\/www.tucomarca.com\/wordpress\/segunda\/wp-content\/uploads\/2025\/06\/3-1024x768.jpg\" alt=\"\" class=\"wp-image-268423\" srcset=\"https:\/\/tucomarca.whitekongsoftware.com\/wp-content\/uploads\/2025\/06\/3-1024x768.jpg 1024w, https:\/\/tucomarca.whitekongsoftware.com\/wp-content\/uploads\/2025\/06\/3-300x225.jpg 300w, https:\/\/tucomarca.whitekongsoftware.com\/wp-content\/uploads\/2025\/06\/3-768x576.jpg 768w, https:\/\/tucomarca.whitekongsoftware.com\/wp-content\/uploads\/2025\/06\/3-1536x1152.jpg 1536w, https:\/\/tucomarca.whitekongsoftware.com\/wp-content\/uploads\/2025\/06\/3-678x509.jpg 678w, https:\/\/tucomarca.whitekongsoftware.com\/wp-content\/uploads\/2025\/06\/3-326x245.jpg 326w, https:\/\/tucomarca.whitekongsoftware.com\/wp-content\/uploads\/2025\/06\/3-80x60.jpg 80w, https:\/\/tucomarca.whitekongsoftware.com\/wp-content\/uploads\/2025\/06\/3.jpg 1600w\" sizes=\"auto, (max-width: 1024px) 100vw, 1024px\" \/><\/figure>\n\n\n\n<p class=\"wp-block-paragraph\"><strong>Sectors professionals en el certamen<\/strong><\/p>\n\n\n\n<p class=\"wp-block-paragraph\">TUREXPO Gal\u00edcia, dirigida al p\u00fablic general, engloba en el seu recinte firal a sectors com a cadenes hoteleres; empreses de lloguer; allotjaments; plataformes de servicis en l\u00ednia; c\u00e0mping, caravaning i equipament; consultoria i m\u00e0rqueting especialitzat; balnearis-spa; empreses de transport; tecnologia; centres de formaci\u00f3 i institucions educatives; agents de viatges i turoperadors; entitats financeres i asseguradores; i empreses de servicis tur\u00edstics, entre altres.<\/p>\n\n\n\n<p class=\"wp-block-paragraph\">El certamen s&#8217;ha consolidat com una cita destacada del calendari tur\u00edstic nacional anual per a tots els agents del sector i enguany acollir\u00e0 tamb\u00e9, durant els seus dos primers dies d&#8217;obertura, la celebraci\u00f3 d&#8217;una borsa de contractaci\u00f3 tur\u00edstica dirigida als principals turoperadors.<\/p>\n\n\n\n<p class=\"wp-block-paragraph\">A m\u00e9s, el sal\u00f3 s&#8217;emmarca en la Feria Internacional ABANCA Semana Verde de Galicia, una proposta amb m\u00e9s de quatre d\u00e8cades de traject\u00f2ria i molt vinculada al medi rural, que el sector tur\u00edstic aprofita durant estos dies per a crear sinergies i noves oportunitats.&nbsp;<\/p>\n","protected":false},"excerpt":{"rendered":"<div class=\"mh-excerpt\">TUREXPO Galicia 2025 se celebra fins diumenge que ve en el municipi de Silleda (Pontevedra). La Diputaci\u00f3 de Val\u00e8ncia participa en una nova edici\u00f3 de TUREXPO Galicia, el principal certamen tur\u00edstic de Galicia, que enguany <a class=\"mh-excerpt-more\" href=\"https:\/\/tucomarca.whitekongsoftware.com\/ca\/la-diputacio-de-valencia-porta-loferta-turistica-de-la-provincia-al-principal-certamen-del-sector-a-galicia\/\" title=\"La Diputaci\u00f3 de Val\u00e8ncia porta l&#8217;oferta tur\u00edstica de la prov\u00edncia al principal certamen del sector a Galicia\">[+] <\/a><\/div>\n","protected":false},"author":12,"featured_media":268428,"comment_status":"open","ping_status":"open","sticky":false,"template":"","format":"standard","meta":{"footnotes":""},"categories":[10894,10904,11007,10947,10896],"tags":[11246,22597,22598],"class_list":["post-268430","post","type-post","status-publish","format-standard","has-post-thumbnail","category-la-comarca-ca","category-sin-categorizar-ca","category-ocio-y-cultura-ca","category-politica","category-seccion-ca","tag-diputacio-de-valencia-ca","tag-turexpo-ca","tag-valencia-turismo-ca"],"_links":{"self":[{"href":"https:\/\/tucomarca.whitekongsoftware.com\/ca\/wp-json\/wp\/v2\/posts\/268430","targetHints":{"allow":["GET"]}}],"collection":[{"href":"https:\/\/tucomarca.whitekongsoftware.com\/ca\/wp-json\/wp\/v2\/posts"}],"about":[{"href":"https:\/\/tucomarca.whitekongsoftware.com\/ca\/wp-json\/wp\/v2\/types\/post"}],"author":[{"embeddable":true,"href":"https:\/\/tucomarca.whitekongsoftware.com\/ca\/wp-json\/wp\/v2\/users\/12"}],"replies":[{"embeddable":true,"href":"https:\/\/tucomarca.whitekongsoftware.com\/ca\/wp-json\/wp\/v2\/comments?post=268430"}],"version-history":[{"count":0,"href":"https:\/\/tucomarca.whitekongsoftware.com\/ca\/wp-json\/wp\/v2\/posts\/268430\/revisions"}],"wp:featuredmedia":[{"embeddable":true,"href":"https:\/\/tucomarca.whitekongsoftware.com\/ca\/wp-json\/wp\/v2\/media\/268428"}],"wp:attachment":[{"href":"https:\/\/tucomarca.whitekongsoftware.com\/ca\/wp-json\/wp\/v2\/media?parent=268430"}],"wp:term":[{"taxonomy":"category","embeddable":true,"href":"https:\/\/tucomarca.whitekongsoftware.com\/ca\/wp-json\/wp\/v2\/categories?post=268430"},{"taxonomy":"post_tag","embeddable":true,"href":"https:\/\/tucomarca.whitekongsoftware.com\/ca\/wp-json\/wp\/v2\/tags?post=268430"}],"curies":[{"name":"wp","href":"https:\/\/api.w.org\/{rel}","templated":true}]}}