{"id":268417,"date":"2025-06-05T09:50:00","date_gmt":"2025-06-05T07:50:00","guid":{"rendered":"https:\/\/www.tucomarca.com\/wordpress\/segunda\/?p=268417"},"modified":"2025-06-05T20:25:39","modified_gmt":"2025-06-05T18:25:39","slug":"el-pla-obert-de-la-diputacio-complix-un-any-amb-una-inversio-de-716-milions-deuros-a-les-comarques-valencianes","status":"publish","type":"post","link":"https:\/\/tucomarca.whitekongsoftware.com\/ca\/el-pla-obert-de-la-diputacio-complix-un-any-amb-una-inversio-de-716-milions-deuros-a-les-comarques-valencianes\/","title":{"rendered":"El Pla Obert de la Diputaci\u00f3 complix un any amb una inversi\u00f3 de 71,6 milions d&#8217;euros a les comarques valencianes"},"content":{"rendered":"\n<h3 class=\"wp-block-heading\"><strong>El principal programa inversor de la instituci\u00f3 provincial, amb 350 milions d&#8217;euros, ha donat llum verda a la fi de maig a 41 noves sol\u00b7licituds dels municipis amb una dotaci\u00f3 global de 8,2 milions d&#8217;euros. El nou decret eleva a 455 els projectes aprovats en el primer any del pla<\/strong>.<\/h3>\n\n\n\n<h3 class=\"wp-block-heading\"><strong>La vicepresidenta primera, Nat\u00e0lia Enguix, destaca \u201cel major ritme en la presentaci\u00f3 de projectes segons avan\u00e7a la legislatura i els ajuntaments definixen les seues necessitats, com ten\u00edem previst en un pla quadriennal que busca facilitar l&#8217;execuci\u00f3 de les obres, sense la pressi\u00f3 dels terminis\u201d.<\/strong><\/h3>\n\n\n\n<h3 class=\"wp-block-heading\"><strong>El president, Vicent Momp\u00f3, insta els alcaldes i alcaldesses a \u201cexecutar fins a l&#8217;\u00faltim euro del programa, que enguany t\u00e9 pressupostats m\u00e9s de cent milions per a atendre eixes iniciatives dels pobles i ciutats\u201d<\/strong>.<\/h3>\n\n\n\n<h3 class=\"wp-block-heading\"><strong>Entre les millores, destaca la del cicle de l&#8217;aigua i accessibilitat a Rocafort; la instal\u00b7laci\u00f3 de jocs infantils al parc de l&#8217;Estaci\u00f3 de Silla; i la modernitzaci\u00f3 del local per a estudiants i associacions en Sollana<\/strong>.<\/h3>\n\n\n\n<p class=\"wp-block-paragraph\">El Pla Obert de la Diputaci\u00f3 de Val\u00e8ncia complix un any amb 455 projectes aprovats i una inversi\u00f3 de 71,6 milions d&#8217;euros a les comarques valencianes. L&#8217;\u00faltim decret del principal programa inversor de la corporaci\u00f3 provincial, amb una dotaci\u00f3 quadriennal de 350 milions, ha donat llum verda a 41 projectes presentats per 34 municipis d&#8217;11 comarques, que en el seu conjunt seran finan\u00e7ats amb 8.280.114 euros. La vicepresidenta primera i coordinadora del Pla Obert, Nat\u00e0lia Enguix, destaca \u201cel major ritme en la presentaci\u00f3 de projectes segons avan\u00e7a la legislatura i els ajuntaments definixen les seues necessitats\u201d.<\/p>\n\n\n\n<p class=\"wp-block-paragraph\">La mateixa Enguix, responsable de Cooperaci\u00f3 Municipal, incidix en l&#8217;eliminaci\u00f3 dels terminis de presentaci\u00f3 de les sol\u00b7licituds com un dels grans encerts del pla: \u201ceixa flexibilitat ha llevat la pressi\u00f3 als municipis, que saben que tenen de marge fins a finals de 2027 per a definir i executar les seues propostes d&#8217;un pla que a m\u00e9s els permet disposar de m\u00e9s recursos econ\u00f2mics\u201d. \u201cEsta novetat ha vingut molt b\u00e9 als ajuntaments afectats per la dana, que poden fer front a necessitats sobrevingudes que no podien contemplar abans de la cat\u00e0strofe. A m\u00e9s dels recursos del Pla Obert, els varem ampliar els terminis d&#8217;anteriors plans i disposen d&#8217;un fons de conting\u00e8ncia de la Diputaci\u00f3, que complementa totes les inversions que estem fent en mat\u00e8ria d&#8217;aigua, carreteres i neteja de garatges i soterranis per a recuperar com m\u00e9s prompte millor la normalitat en la zona afectada\u201d, apunta Enguix.<\/p>\n\n\n\n<p class=\"wp-block-paragraph\">El president, Vicent Momp\u00f3, posa el focus en la responsabilitat d&#8217;alcaldes i alcaldesses tant en els temps d&#8217;elaboraci\u00f3 i presentaci\u00f3 de les iniciatives com en l&#8217;execuci\u00f3 d&#8217;eixos projectes de present i futur per a les seues ve\u00efnes i ve\u00efns. \u201cSaben que compten amb el suport total de la Diputaci\u00f3 per a convertir en realitat eixes actuacions; per descomptat els recursos econ\u00f2mics, per\u00f2 tamb\u00e9 l&#8217;assessorament t\u00e8cnic que a vegades necessiten, especialment els pobles m\u00e9s xicotets\u201d, assenyala Momp\u00f3, qui insta els responsables locals a \u201cexecutar fins a l&#8217;\u00faltim euro del pla, que enguany t\u00e9 105 milions pressupostats\u201d.<\/p>\n\n\n\n<p class=\"wp-block-paragraph\"><strong>Nou decret<\/strong><\/p>\n\n\n\n<p class=\"wp-block-paragraph\">L&#8217;\u00faltim decret, el quinz\u00e9 des que es va posar en marxa el Pla Obert, va aprovar en els \u00faltims dies de maig 41 projectes de 34 municipis, que ja poden posar en marxa el proc\u00e9s de licitaci\u00f3 i adjudicaci\u00f3 de les obres per a poder executar-les en els terminis previstos. \u201cCada decret arreplega les sol\u00b7licituds que van presentant els ajuntaments. Pr\u00e0cticament aprovem un cada mes i hi ha mesos que dos, a difer\u00e8ncia dels anteriors plans, que comptaven amb un termini tancat per a presentar els projectes\u201d, explica la vicepresidenta, qui conclou: \u201cel Pla Obert est\u00e0 pensat perqu\u00e8 cap ajuntament haja de renunciar a les ajudes per falta de temps, amb l&#8217;ajuda t\u00e8cnica que ens demanden els municipis\u201d.<\/p>\n\n\n\n<p class=\"wp-block-paragraph\">Entre les actuacions m\u00e9s destacades trobem la reurbanitzaci\u00f3 de vies p\u00fabliques a Rocafort per a millorar la pavimentaci\u00f3, l&#8217;accessibilitat i el cicle integral de l&#8217;aigua, amb una aportaci\u00f3 provincial d&#8217;un mili\u00f3 d&#8217;euros; la millora energ\u00e8tica i d&#8217;accessibilitat de l&#8217;edifici multiusos de Sollana per a estudiants i associacions (622.000 euros); la reurbanitzaci\u00f3 dels carrers Esgl\u00e9sia i Cortes de Catarroja (775.000 euros); la instal\u00b7laci\u00f3 de jocs infantils al parc de l&#8217;Estaci\u00f3 de Silla (500.000 euros); l&#8217;adequaci\u00f3 de la piscina, vestuaris inclosos, a Simat de la Valldigna (468.000 euros); i la reurbanitzaci\u00f3 del carrer Major i la pla\u00e7a de l&#8217;Esgl\u00e9sia en Alcublas (328.000 euros).<\/p>\n\n\n\n<p class=\"wp-block-paragraph\">Per comarques, la Ribera Alta \u00e9s la que m\u00e9s projectes posar\u00e0 en marxa amb el nou decret, fins a 11 iniciatives presentades per nou municipis. Li seguixen la Vall d&#8217;Albaida i el Camp de T\u00faria amb sis projectes en cada comarca, i la Serran\u00eda amb quatre. A m\u00e9s, s&#8217;inclouen tres propostes de consistoris de l&#8217;Horta Sud i dos de municipis de la Costera, la Canal, l&#8217;Horta Nord, la Safor i la Ribera Baixa. Un projecte presentat per Chera, en la plana Utiel-Requena, completa el llistat. Quant a municipis, destaquen Sot de Chera, Navarr\u00e9s, Montaverner, Benimodo, C\u00e0rcer, L&#8217;Eliana i Catarroja, tots ells amb dos actuacions.<\/p>\n","protected":false},"excerpt":{"rendered":"<div class=\"mh-excerpt\">El principal programa inversor de la instituci\u00f3 provincial, amb 350 milions d&#8217;euros, ha donat llum verda a la fi de maig a 41 noves sol\u00b7licituds dels municipis amb una dotaci\u00f3 global de 8,2 milions d&#8217;euros. <a class=\"mh-excerpt-more\" href=\"https:\/\/tucomarca.whitekongsoftware.com\/ca\/el-pla-obert-de-la-diputacio-complix-un-any-amb-una-inversio-de-716-milions-deuros-a-les-comarques-valencianes\/\" title=\"El Pla Obert de la Diputaci\u00f3 complix un any amb una inversi\u00f3 de 71,6 milions d&#8217;euros a les comarques valencianes\">[+] <\/a><\/div>\n","protected":false},"author":12,"featured_media":268414,"comment_status":"open","ping_status":"open","sticky":false,"template":"","format":"standard","meta":{"footnotes":""},"categories":[11045,10892,11053,11054,11046,10898,10948,10963,10894,10904,10902,10893,10947,10909,10896,11026],"tags":[11246,20404,22340,16563],"class_list":["post-268417","post","type-post","status-publish","format-standard","has-post-thumbnail","category-alcublas-ca","category-camp-de-turia-ca","category-carcer-ca","category-chera-ca","category-los-serranos-ca","category-ventana-ca","category-infraestructuras-ca","category-la-canal-de-navarres-ca","category-la-comarca-ca","category-sin-categorizar-ca","category-la-ribera-ca","category-leliana-ca","category-politica","category-requena-utiel-ca","category-seccion-ca","category-sot-de-chera-ca","tag-diputacio-de-valencia-ca","tag-natalia-enguix-2-ca","tag-pla-obert-ca","tag-vicente-mompo-ca"],"_links":{"self":[{"href":"https:\/\/tucomarca.whitekongsoftware.com\/ca\/wp-json\/wp\/v2\/posts\/268417","targetHints":{"allow":["GET"]}}],"collection":[{"href":"https:\/\/tucomarca.whitekongsoftware.com\/ca\/wp-json\/wp\/v2\/posts"}],"about":[{"href":"https:\/\/tucomarca.whitekongsoftware.com\/ca\/wp-json\/wp\/v2\/types\/post"}],"author":[{"embeddable":true,"href":"https:\/\/tucomarca.whitekongsoftware.com\/ca\/wp-json\/wp\/v2\/users\/12"}],"replies":[{"embeddable":true,"href":"https:\/\/tucomarca.whitekongsoftware.com\/ca\/wp-json\/wp\/v2\/comments?post=268417"}],"version-history":[{"count":0,"href":"https:\/\/tucomarca.whitekongsoftware.com\/ca\/wp-json\/wp\/v2\/posts\/268417\/revisions"}],"wp:featuredmedia":[{"embeddable":true,"href":"https:\/\/tucomarca.whitekongsoftware.com\/ca\/wp-json\/wp\/v2\/media\/268414"}],"wp:attachment":[{"href":"https:\/\/tucomarca.whitekongsoftware.com\/ca\/wp-json\/wp\/v2\/media?parent=268417"}],"wp:term":[{"taxonomy":"category","embeddable":true,"href":"https:\/\/tucomarca.whitekongsoftware.com\/ca\/wp-json\/wp\/v2\/categories?post=268417"},{"taxonomy":"post_tag","embeddable":true,"href":"https:\/\/tucomarca.whitekongsoftware.com\/ca\/wp-json\/wp\/v2\/tags?post=268417"}],"curies":[{"name":"wp","href":"https:\/\/api.w.org\/{rel}","templated":true}]}}