{"id":268315,"date":"2025-06-04T07:00:00","date_gmt":"2025-06-04T05:00:00","guid":{"rendered":"https:\/\/www.tucomarca.com\/wordpress\/segunda\/?p=268315"},"modified":"2025-06-04T22:16:42","modified_gmt":"2025-06-04T20:16:42","slug":"el-psoe-de-bunyol-atribueix-al-pp-criticar-fugides-dempreses-i-ara-protagonitzar-les","status":"publish","type":"post","link":"https:\/\/tucomarca.whitekongsoftware.com\/ca\/el-psoe-de-bunyol-atribueix-al-pp-criticar-fugides-dempreses-i-ara-protagonitzar-les\/","title":{"rendered":"El PSOE de Bunyol atribueix al PP &#8220;criticar fugides d&#8217;empreses i ara protagonitzar-les&#8221;"},"content":{"rendered":"\n<p class=\"wp-block-paragraph\">El PSOE de Bunyol ha denunciat p\u00fablicament &#8220;la incoher\u00e8ncia del regidor d&#8217;Hisenda, Contractaci\u00f3 i Desenvolupament Econ\u00f2mic del Partit Popular, Mario Al\u00eds Hern\u00e1ndez, despr\u00e9s de con\u00e9ixer-se que l&#8217;empresa amb la qual est\u00e0 vinculat, ha sol\u00b7licitat una llic\u00e8ncia ambiental per a instal\u00b7lar-se en el Pol\u00edgon Industrial La Pahilla de Xiva&#8221;, segons els socialistes.<\/p>\n\n\n\n<p class=\"wp-block-paragraph\">La formaci\u00f3 considera &#8220;inadmissible&#8221; que el&nbsp;&#8220;responsable municipal de l&#8217;\u00e0rea encarregada d&#8217;atraure inversions i fomentar el teixit industrial de Bunyol&nbsp;haja decidit emportar-se la seua activitat econ\u00f2mica i impostos fora del municipi&#8221;, afigen.<\/p>\n\n\n\n<p class=\"wp-block-paragraph\">Des del PSOE local asseguren que Mario Al\u00eds &#8220;va ser en 2019&nbsp;el rostre visible de la Plataforma per al Desenvolupament Industrial de Bunyol, per\u00f2 hui protagonitza \u2014segons el PSOE\u2014 el major acte de desafecci\u00f3 econ\u00f2mica que es recorda en aquest Ajuntament&#8221;. Li recorden a m\u00e9s que, &#8220;sota la seua responsabilitat,&nbsp;es va perdre en 2023 la subvenci\u00f3 de l&#8217;IVACE&nbsp;per a la millora dels pol\u00edgons industrials de Bunyol, un frac\u00e0s del qual el Partit Popular mai va donar explicacions&#8221;.<\/p>\n\n\n\n<p class=\"wp-block-paragraph\">&#8220;El m\u00e9s indignant \u2014segons els socialistes\u2014 \u00e9s que&nbsp;durant la passada campanya electoral el PP va acusar l&#8217;anterior govern de permetre que les empreses marxaren de Bunyol. Hui queda clar que, amb el PP en el govern,&nbsp;s\u00f3n els seus propis regidors els qui s&#8217;emporten els negocis fora&#8221;, afirmen.<\/p>\n\n\n\n<p class=\"wp-block-paragraph\">El grup socialista exigeix&nbsp;&#8220;explicacions immediates, la ren\u00fancia de Mario Al\u00eds a les seues compet\u00e8ncies econ\u00f2miques i l&#8217;obertura d&#8217;un debat seri\u00f3s sobre l&#8217;\u00e8tica en la pol\u00edtica municipal. Bunyol no pot permetre&#8217;s un regidor que promociona el desenvolupament\u2026 per\u00f2 a Xiva\u201d, finalitzen.<\/p>\n","protected":false},"excerpt":{"rendered":"<div class=\"mh-excerpt\">El PSOE de Bunyol ha denunciat p\u00fablicament &#8220;la incoher\u00e8ncia del regidor d&#8217;Hisenda, Contractaci\u00f3 i Desenvolupament Econ\u00f2mic del Partit Popular, Mario Al\u00eds Hern\u00e1ndez, despr\u00e9s de con\u00e9ixer-se que l&#8217;empresa amb la qual est\u00e0 vinculat, ha sol\u00b7licitat una <a class=\"mh-excerpt-more\" href=\"https:\/\/tucomarca.whitekongsoftware.com\/ca\/el-psoe-de-bunyol-atribueix-al-pp-criticar-fugides-dempreses-i-ara-protagonitzar-les\/\" title=\"El PSOE de Bunyol atribueix al PP &#8220;criticar fugides d&#8217;empreses i ara protagonitzar-les&#8221;\">[+] <\/a><\/div>\n","protected":false},"author":12,"featured_media":268241,"comment_status":"open","ping_status":"open","sticky":false,"template":"","format":"standard","meta":{"footnotes":""},"categories":[10911,10894,10912,10947,10896],"tags":[10913,10914,11381],"class_list":["post-268315","post","type-post","status-publish","format-standard","has-post-thumbnail","category-bunol-ca","category-la-comarca-ca","category-la-hoya-ca","category-politica","category-seccion-ca","tag-bunol-ca","tag-la-hoya-de-bunol-chiva-ca","tag-pspv-psoe-bunol-ca"],"_links":{"self":[{"href":"https:\/\/tucomarca.whitekongsoftware.com\/ca\/wp-json\/wp\/v2\/posts\/268315","targetHints":{"allow":["GET"]}}],"collection":[{"href":"https:\/\/tucomarca.whitekongsoftware.com\/ca\/wp-json\/wp\/v2\/posts"}],"about":[{"href":"https:\/\/tucomarca.whitekongsoftware.com\/ca\/wp-json\/wp\/v2\/types\/post"}],"author":[{"embeddable":true,"href":"https:\/\/tucomarca.whitekongsoftware.com\/ca\/wp-json\/wp\/v2\/users\/12"}],"replies":[{"embeddable":true,"href":"https:\/\/tucomarca.whitekongsoftware.com\/ca\/wp-json\/wp\/v2\/comments?post=268315"}],"version-history":[{"count":0,"href":"https:\/\/tucomarca.whitekongsoftware.com\/ca\/wp-json\/wp\/v2\/posts\/268315\/revisions"}],"wp:featuredmedia":[{"embeddable":true,"href":"https:\/\/tucomarca.whitekongsoftware.com\/ca\/wp-json\/wp\/v2\/media\/268241"}],"wp:attachment":[{"href":"https:\/\/tucomarca.whitekongsoftware.com\/ca\/wp-json\/wp\/v2\/media?parent=268315"}],"wp:term":[{"taxonomy":"category","embeddable":true,"href":"https:\/\/tucomarca.whitekongsoftware.com\/ca\/wp-json\/wp\/v2\/categories?post=268315"},{"taxonomy":"post_tag","embeddable":true,"href":"https:\/\/tucomarca.whitekongsoftware.com\/ca\/wp-json\/wp\/v2\/tags?post=268315"}],"curies":[{"name":"wp","href":"https:\/\/api.w.org\/{rel}","templated":true}]}}