{"id":268217,"date":"2025-06-04T12:30:00","date_gmt":"2025-06-04T10:30:00","guid":{"rendered":"https:\/\/www.tucomarca.com\/wordpress\/segunda\/?p=268217"},"modified":"2025-06-04T14:10:03","modified_gmt":"2025-06-04T12:10:03","slug":"benaguasil-elegeix-a-les-seues-falleres-majors-i-president-infantil-per-a-2026","status":"publish","type":"post","link":"https:\/\/tucomarca.whitekongsoftware.com\/ca\/benaguasil-elegeix-a-les-seues-falleres-majors-i-president-infantil-per-a-2026\/","title":{"rendered":"Benaguasil elegeix a les seues Falleres Majors i President Infantil per a 2026"},"content":{"rendered":"\n<h3 class=\"wp-block-heading\">Ana Puchau, Paula Ricard i Manuel Cabrerizo han rebut la trucada de l&#8217;alcalde per a comunicar-los la seua elecci\u00f3.<\/h3>\n\n\n\n<p class=\"wp-block-paragraph\">El sal\u00f3 de plens de l&#8217;Ajuntament de Benaguasil va acollir ahir l&#8217;acte d&#8217;elecci\u00f3 de les Falleres Majors i President Infantil per al pr\u00f2xim exercici, Ana Puchau Blay, Paula Ricard Castillo i Manuel Cabrerizo Herv\u00e1s.<br>Els tres rebien molt emocionats i quasi sense poder articular paraula, la trucada telef\u00f2nica de l&#8217;alcalde, Ximo Segarra, per a comunicar-los la seua elecci\u00f3 com a m\u00e0xims representants de les Falles de Benaguasil.<br>Despr\u00e9s de la crida, la nova Fallera Major, Ana Puchau; la Fallera Major Infantil, Paula Ricard i el President Infantil, Manuel Cabrerizo, van acudir a l&#8217;Ajuntament per a ser presentats oficialment, rebre les felicitacions de les autoritats i del col\u00b7lectiu faller, i agrair, molt il\u00b7lusionats i amb ganes de gaudir d&#8217;un any molt intens, el seu nomenament.<br>Ana Puchau, pertany a la comissi\u00f3 del Picaor, t\u00e9 23 anys i estudia enginyeria electr\u00f2nica, industrial i autom\u00e0tica.<br>Per part seua, la xiqueta Paula Ricard Castillo \u00e9s fallera del Pilar, t\u00e9 11 anys i cursa 6\u00b0 de prim\u00e0ria.<br>Pel que fa a Manuel Cabrerizo prov\u00e9 d&#8217;una fam\u00edlia molt vinculada al m\u00f3n de les falles, i a la seua comissi\u00f3, El Picaor. T\u00e9 10 anys i estudia 5\u00e9 de Prim\u00e0ria.<br>Paula i Manuel estaran acompanyats per la Cort d&#8217;Honor Infantil formada per Alexia Calvet Benlloch, Nadia Ca\u00f1ete Torres, Isabel.la Soler Gorris i Jose Cebri\u00e1n Andr\u00e9s.<br>En l&#8217;acte han sigut presents tamb\u00e9 la regidora de Falles, Ana Aleixandre, la presidenta de la JLF, M\u00aa Jos\u00e9 Guillem, aix\u00ed com fallers i falleres de les deu comissions que t\u00e9 Benaguasil.<\/p>\n\n\n\n<figure class=\"wp-block-gallery has-nested-images columns-default is-cropped wp-block-gallery-1 is-layout-flex wp-block-gallery-is-layout-flex\">\n<figure class=\"wp-block-image size-large\"><img loading=\"lazy\" decoding=\"async\" width=\"1024\" height=\"682\" data-id=\"268207\" src=\"https:\/\/www.tucomarca.com\/wordpress\/segunda\/wp-content\/uploads\/2025\/06\/BenaguasilFallerasMayores26_1-1024x682.jpg\" alt=\"\" class=\"wp-image-268207\" srcset=\"https:\/\/tucomarca.whitekongsoftware.com\/wp-content\/uploads\/2025\/06\/BenaguasilFallerasMayores26_1-1024x682.jpg 1024w, https:\/\/tucomarca.whitekongsoftware.com\/wp-content\/uploads\/2025\/06\/BenaguasilFallerasMayores26_1-300x200.jpg 300w, https:\/\/tucomarca.whitekongsoftware.com\/wp-content\/uploads\/2025\/06\/BenaguasilFallerasMayores26_1-768x512.jpg 768w, https:\/\/tucomarca.whitekongsoftware.com\/wp-content\/uploads\/2025\/06\/BenaguasilFallerasMayores26_1.jpg 1181w\" sizes=\"auto, (max-width: 1024px) 100vw, 1024px\" \/><\/figure>\n\n\n\n<figure class=\"wp-block-image size-large\"><img loading=\"lazy\" decoding=\"async\" width=\"1024\" height=\"682\" data-id=\"268210\" src=\"https:\/\/www.tucomarca.com\/wordpress\/segunda\/wp-content\/uploads\/2025\/06\/BenaguasilFallerasMayores26_3-1024x682.jpg\" alt=\"\" class=\"wp-image-268210\" srcset=\"https:\/\/tucomarca.whitekongsoftware.com\/wp-content\/uploads\/2025\/06\/BenaguasilFallerasMayores26_3-1024x682.jpg 1024w, https:\/\/tucomarca.whitekongsoftware.com\/wp-content\/uploads\/2025\/06\/BenaguasilFallerasMayores26_3-300x200.jpg 300w, https:\/\/tucomarca.whitekongsoftware.com\/wp-content\/uploads\/2025\/06\/BenaguasilFallerasMayores26_3-768x512.jpg 768w, https:\/\/tucomarca.whitekongsoftware.com\/wp-content\/uploads\/2025\/06\/BenaguasilFallerasMayores26_3.jpg 1181w\" sizes=\"auto, (max-width: 1024px) 100vw, 1024px\" \/><\/figure>\n<\/figure>\n","protected":false},"excerpt":{"rendered":"<div class=\"mh-excerpt\">Ana Puchau, Paula Ricard i Manuel Cabrerizo han rebut la trucada de l&#8217;alcalde per a comunicar-los la seua elecci\u00f3. El sal\u00f3 de plens de l&#8217;Ajuntament de Benaguasil va acollir ahir l&#8217;acte d&#8217;elecci\u00f3 de les Falleres <a class=\"mh-excerpt-more\" href=\"https:\/\/tucomarca.whitekongsoftware.com\/ca\/benaguasil-elegeix-a-les-seues-falleres-majors-i-president-infantil-per-a-2026\/\" title=\"Benaguasil elegeix a les seues Falleres Majors i President Infantil per a 2026\">[+] <\/a><\/div>\n","protected":false},"author":12,"featured_media":268216,"comment_status":"open","ping_status":"open","sticky":false,"template":"","format":"gallery","meta":{"footnotes":""},"categories":[10952,10892,10894,11004,11007,11008,10896],"tags":[11136,10899,22573],"class_list":["post-268217","post","type-post","status-publish","format-gallery","has-post-thumbnail","category-benaguasil-ca","category-camp-de-turia-ca","category-la-comarca-ca","category-la-semana-en-imagenes-ca","category-ocio-y-cultura-ca","category-pueblos-en-fiestas-ca","category-seccion-ca","tag-benaguasil-ca","tag-camp-de-turia-ca","tag-falleras-mayores-2026-ca","post_format-post-format-gallery"],"_links":{"self":[{"href":"https:\/\/tucomarca.whitekongsoftware.com\/ca\/wp-json\/wp\/v2\/posts\/268217","targetHints":{"allow":["GET"]}}],"collection":[{"href":"https:\/\/tucomarca.whitekongsoftware.com\/ca\/wp-json\/wp\/v2\/posts"}],"about":[{"href":"https:\/\/tucomarca.whitekongsoftware.com\/ca\/wp-json\/wp\/v2\/types\/post"}],"author":[{"embeddable":true,"href":"https:\/\/tucomarca.whitekongsoftware.com\/ca\/wp-json\/wp\/v2\/users\/12"}],"replies":[{"embeddable":true,"href":"https:\/\/tucomarca.whitekongsoftware.com\/ca\/wp-json\/wp\/v2\/comments?post=268217"}],"version-history":[{"count":0,"href":"https:\/\/tucomarca.whitekongsoftware.com\/ca\/wp-json\/wp\/v2\/posts\/268217\/revisions"}],"wp:featuredmedia":[{"embeddable":true,"href":"https:\/\/tucomarca.whitekongsoftware.com\/ca\/wp-json\/wp\/v2\/media\/268216"}],"wp:attachment":[{"href":"https:\/\/tucomarca.whitekongsoftware.com\/ca\/wp-json\/wp\/v2\/media?parent=268217"}],"wp:term":[{"taxonomy":"category","embeddable":true,"href":"https:\/\/tucomarca.whitekongsoftware.com\/ca\/wp-json\/wp\/v2\/categories?post=268217"},{"taxonomy":"post_tag","embeddable":true,"href":"https:\/\/tucomarca.whitekongsoftware.com\/ca\/wp-json\/wp\/v2\/tags?post=268217"}],"curies":[{"name":"wp","href":"https:\/\/api.w.org\/{rel}","templated":true}]}}