{"id":268200,"date":"2025-06-04T12:00:00","date_gmt":"2025-06-04T10:00:00","guid":{"rendered":"https:\/\/www.tucomarca.com\/wordpress\/segunda\/?p=268200"},"modified":"2025-06-04T12:38:33","modified_gmt":"2025-06-04T10:38:33","slug":"la-generalitat-denuncia-davant-la-fiscalia-a-la-confederacio-hidrografica-del-xuquer-per-abocaments-de-residus-i-vehicles-al-costat-del-barranc-del-pedris","status":"publish","type":"post","link":"https:\/\/tucomarca.whitekongsoftware.com\/ca\/la-generalitat-denuncia-davant-la-fiscalia-a-la-confederacio-hidrografica-del-xuquer-per-abocaments-de-residus-i-vehicles-al-costat-del-barranc-del-pedris\/","title":{"rendered":"La Generalitat denuncia davant la Fiscalia a la Confederaci\u00f3 Hidrogr\u00e0fica del X\u00faquer per abocaments de residus i vehicles al costat del barranc del Pedr\u00eds"},"content":{"rendered":"\n<h3 class=\"wp-block-heading\">La Conselleria de Medi Ambient formalitza les dues den\u00fancies davant la mala praxi en la gesti\u00f3 de residus i l&#8217;incompliment de la normativa.<\/h3>\n\n\n\n<h3 class=\"wp-block-heading\">S&#8217;han rem\u00e9s al Seprona tres informes del Cos d&#8217;Agents Mediambientals que verifiquen la pres\u00e8ncia de m\u00e9s de 300 vehicles afectats per les riuades abandonats en la rambla del Poyo.<\/h3>\n\n\n\n<h3 class=\"wp-block-heading\">Aquests fets poden ser constitutius d&#8217;un delicte de contaminaci\u00f3 ambiental, gesti\u00f3 il\u00b7legal de residus i trasllat de residus tipificats en el Codi Penal.<\/h3>\n\n\n\n<p class=\"wp-block-paragraph\">La Generalitat ha formalitzat dues den\u00fancies davant la Fiscalia provincial de Val\u00e8ncia contra la Confederaci\u00f3 Hidrogr\u00e0fica del X\u00faquer (CHJ), despr\u00e9s de detectar la pres\u00e8ncia d&#8217;abocaments de residus i de m\u00e9s de 300 vehicles afectats per les riuades abandonats a l&#8217;entorn del barranc del Poyo. Aquests fets poden ser constitutius d&#8217;un delicte de contaminaci\u00f3 ambiental o de trasllat de residus tipificats en el Codi Penal.<\/p>\n\n\n\n<p class=\"wp-block-paragraph\">Aix\u00ed ho ha avan\u00e7at el secretari auton\u00f2mic de Medi Ambient i Territori, Ra\u00fal M\u00e8rida, qui ha explicat que la Conselleria de Medi Ambient, Infraestructures i Territori ha tramitat aquestes actuacions despr\u00e9s que aquest dimarts el Ple del Consell prenguera coneixement de la den\u00fancia presentada per la Conselleria davant el Seprona per l&#8217;abocament i tractament de residus que est\u00e0 realitzant la CHJ i l&#8217;aband\u00f3 de vehicles al costat del barranc del Poyo a Riba-roja de T\u00faria. Unes actuacions que s&#8217;han detectat en el marc dels treballs de recuperaci\u00f3 del llit despr\u00e9s de les riuades del passat 29 d&#8217;octubre.<\/p>\n\n\n\n<figure class=\"wp-block-gallery has-nested-images columns-2 is-cropped wp-block-gallery-1 is-layout-flex wp-block-gallery-is-layout-flex\">\n<figure class=\"wp-block-image size-large\"><img loading=\"lazy\" decoding=\"async\" width=\"1024\" height=\"768\" data-id=\"268197\" src=\"https:\/\/www.tucomarca.com\/wordpress\/segunda\/wp-content\/uploads\/2025\/06\/MED_Vertidos4-1024x768.jpg\" alt=\"\" class=\"wp-image-268197\" srcset=\"https:\/\/tucomarca.whitekongsoftware.com\/wp-content\/uploads\/2025\/06\/MED_Vertidos4-1024x768.jpg 1024w, https:\/\/tucomarca.whitekongsoftware.com\/wp-content\/uploads\/2025\/06\/MED_Vertidos4-300x225.jpg 300w, https:\/\/tucomarca.whitekongsoftware.com\/wp-content\/uploads\/2025\/06\/MED_Vertidos4-768x576.jpg 768w, https:\/\/tucomarca.whitekongsoftware.com\/wp-content\/uploads\/2025\/06\/MED_Vertidos4-678x509.jpg 678w, https:\/\/tucomarca.whitekongsoftware.com\/wp-content\/uploads\/2025\/06\/MED_Vertidos4-326x245.jpg 326w, https:\/\/tucomarca.whitekongsoftware.com\/wp-content\/uploads\/2025\/06\/MED_Vertidos4-80x60.jpg 80w, https:\/\/tucomarca.whitekongsoftware.com\/wp-content\/uploads\/2025\/06\/MED_Vertidos4.jpg 1181w\" sizes=\"auto, (max-width: 1024px) 100vw, 1024px\" \/><\/figure>\n\n\n\n<figure class=\"wp-block-image size-large\"><img loading=\"lazy\" decoding=\"async\" width=\"1024\" height=\"768\" data-id=\"268195\" src=\"https:\/\/www.tucomarca.com\/wordpress\/segunda\/wp-content\/uploads\/2025\/06\/MED_Vertidos3-1024x768.jpg\" alt=\"\" class=\"wp-image-268195\" srcset=\"https:\/\/tucomarca.whitekongsoftware.com\/wp-content\/uploads\/2025\/06\/MED_Vertidos3-1024x768.jpg 1024w, https:\/\/tucomarca.whitekongsoftware.com\/wp-content\/uploads\/2025\/06\/MED_Vertidos3-300x225.jpg 300w, https:\/\/tucomarca.whitekongsoftware.com\/wp-content\/uploads\/2025\/06\/MED_Vertidos3-768x576.jpg 768w, https:\/\/tucomarca.whitekongsoftware.com\/wp-content\/uploads\/2025\/06\/MED_Vertidos3-678x509.jpg 678w, https:\/\/tucomarca.whitekongsoftware.com\/wp-content\/uploads\/2025\/06\/MED_Vertidos3-326x245.jpg 326w, https:\/\/tucomarca.whitekongsoftware.com\/wp-content\/uploads\/2025\/06\/MED_Vertidos3-80x60.jpg 80w, https:\/\/tucomarca.whitekongsoftware.com\/wp-content\/uploads\/2025\/06\/MED_Vertidos3.jpg 1181w\" sizes=\"auto, (max-width: 1024px) 100vw, 1024px\" \/><\/figure>\n\n\n\n<figure class=\"wp-block-image size-large\"><img loading=\"lazy\" decoding=\"async\" width=\"1024\" height=\"576\" data-id=\"268193\" src=\"https:\/\/www.tucomarca.com\/wordpress\/segunda\/wp-content\/uploads\/2025\/06\/MED_Vertidos2-1024x576.jpg\" alt=\"\" class=\"wp-image-268193\" srcset=\"https:\/\/tucomarca.whitekongsoftware.com\/wp-content\/uploads\/2025\/06\/MED_Vertidos2-1024x576.jpg 1024w, https:\/\/tucomarca.whitekongsoftware.com\/wp-content\/uploads\/2025\/06\/MED_Vertidos2-300x169.jpg 300w, https:\/\/tucomarca.whitekongsoftware.com\/wp-content\/uploads\/2025\/06\/MED_Vertidos2-768x432.jpg 768w, https:\/\/tucomarca.whitekongsoftware.com\/wp-content\/uploads\/2025\/06\/MED_Vertidos2-678x381.jpg 678w, https:\/\/tucomarca.whitekongsoftware.com\/wp-content\/uploads\/2025\/06\/MED_Vertidos2.jpg 1181w\" sizes=\"auto, (max-width: 1024px) 100vw, 1024px\" \/><\/figure>\n<\/figure>\n\n\n\n<p class=\"wp-block-paragraph\">M\u00e8rida ha detallat que des de la Direcci\u00f3 General de Qualitat i Educaci\u00f3 Ambiental s&#8217;ha tingut coneixement de tres informes emesos pel cos d&#8217;Agents Mediambientals de la Generalitat amb els quals \u201chem pogut constatar que els residus que la riuada ha deixat al descobert en zona del llit estan sent traslladats des del propi llit a la parcel\u00b7la contigua (la n\u00famero 14, del pol\u00edgon 22 a Riba-roja de T\u00faria) sense cap mena de tractament ni condicionament del terreny, incomplint la normativa\u201d. Es tracta principalment de pl\u00e0stics, rodes, t\u00e8xtils, fustes que estan sent abocades i enterrades en l&#8217;esmentada parcel\u00b7la, amb una superf\u00edcie aproximada de set hect\u00e0rees.<\/p>\n\n\n\n<p class=\"wp-block-paragraph\">El secretari auton\u00f2mic ha assenyalat que, \u201cenfront d&#8217;aquestes males pr\u00e0ctiques de la CHJ, des del Consell es treballa des dels primers dies perqu\u00e8 la gesti\u00f3 del mili\u00f3 de tones de residus derivats de les inundacions es fa\u00e7a d&#8217;acord amb la normativa en la mat\u00e8ria i s&#8217;ha posat en marxa un contracte per valor de prop de 180 milions d&#8217;euros amb l&#8217;objectiu de garantir un tractament adequat i minimitzar l&#8217;impacte en el nostre territori\u201d.<\/p>\n\n\n\n<p class=\"wp-block-paragraph\"><strong>M\u00e9s de 300 cotxes abandonats<\/strong><\/p>\n\n\n\n<p class=\"wp-block-paragraph\">Durant la seua compareixen\u00e7a, M\u00e8rida ha indicat que un altre equip d&#8217;agents mediambientals \u201ctamb\u00e9 ha verificat en un informe que en la parcel\u00b7la 2 del pol\u00edgon 22 de Riba-roja de T\u00faria hi ha 217 vehicles afectats per les inundacions, acumulats en diversos punts d&#8217;apilament\u201d. Aquests fets s&#8217;uneixen a una altra inspecci\u00f3 en la qual han aflorat altres 84 vehicles abandonats. \u201cEl Consell tamb\u00e9 va prendre en coneixement d&#8217;eixe tercer informe que amplia la quantitat de vehicles apilats en el barranc del Pedr\u00eds i els seus voltants als 301\u201d, ha remarcat M\u00e8rida, que ha afegit que aquest \u00faltim document tamb\u00e9 ha sigut traslladat al Seprona des de la Direcci\u00f3 General de Qualitat Ambiental.<\/p>\n\n\n\n<p class=\"wp-block-paragraph\">El dirigent auton\u00f2mic ha insistit que aquests vehicles \u201chan de tractar-se arranjament a la normativa, com s&#8217;ha fet amb el pla conjunt posat en marxa per la Generalitat i els ajuntaments per a gestionar la retirada de m\u00e9s de 130.000 vehicles\u201d.<\/p>\n\n\n\n<p class=\"wp-block-paragraph\">En aquest sentit, M\u00e8rida ha recordat que, d&#8217;acord amb la disposici\u00f3 desena del Reial decret llei 8\/2024, la responsabilitat de la retirada dep\u00e9n de la ubicaci\u00f3 dels vehicles. \u201cD&#8217;una banda, la CHJ havia d&#8217;haver-se encarregat dels situats en llits, la Generalitat dels quals estaven en vies auton\u00f2miques, i els ajuntaments, dels situats en parcel\u00b7les municipals\u201d.<\/p>\n\n\n\n<p class=\"wp-block-paragraph\">Els propietaris de vehicles afectats en aquesta situaci\u00f3 podien retirar-los abans del 28 de febrer, ja que a partir de llavors passen a ser considerats com a vehicles abandonats i han de ser traslladats a centres gestors per al seu tractament i gesti\u00f3 de baixa definitiva.<\/p>\n\n\n\n<p class=\"wp-block-paragraph\">Una gesti\u00f3, ha agregat M\u00e8rida, \u201cque no sols pot afectar el nostre entorn, sin\u00f3 que deixa en un absolut estat de desemparament i indefensi\u00f3 a m\u00e9s de 300 propietaris de vehicles que encara segueixen, 7 mesos despr\u00e9s, sense poder tramitar les ajudes per la p\u00e8rdua dels seus b\u00e9ns\u201d.<\/p>\n","protected":false},"excerpt":{"rendered":"<div class=\"mh-excerpt\">La Conselleria de Medi Ambient formalitza les dues den\u00fancies davant la mala praxi en la gesti\u00f3 de residus i l&#8217;incompliment de la normativa. S&#8217;han rem\u00e9s al Seprona tres informes del Cos d&#8217;Agents Mediambientals que verifiquen <a class=\"mh-excerpt-more\" href=\"https:\/\/tucomarca.whitekongsoftware.com\/ca\/la-generalitat-denuncia-davant-la-fiscalia-a-la-confederacio-hidrografica-del-xuquer-per-abocaments-de-residus-i-vehicles-al-costat-del-barranc-del-pedris\/\" title=\"La Generalitat denuncia davant la Fiscalia a la Confederaci\u00f3 Hidrogr\u00e0fica del X\u00faquer per abocaments de residus i vehicles al costat del barranc del Pedr\u00eds\">[+] <\/a><\/div>\n","protected":false},"author":12,"featured_media":268192,"comment_status":"open","ping_status":"open","sticky":false,"template":"","format":"gallery","meta":{"footnotes":""},"categories":[10892,21466,10898,10948,10894,10904,10903,10947,10906,10896,10897],"tags":[21966,12292,15409,11498],"class_list":["post-268200","post","type-post","status-publish","format-gallery","has-post-thumbnail","category-camp-de-turia-ca","category-dana-ca","category-ventana-ca","category-infraestructuras-ca","category-la-comarca-ca","category-sin-categorizar-ca","category-medio-ambiente-la-comarca-ca","category-politica","category-riba-roja-ca","category-seccion-ca","category-sucesos-la-comarca-ca","tag-barranco-del-poyo-ca","tag-chj-ca","tag-dana-2-ca","tag-generalitat-valenciana-ca","post_format-post-format-gallery"],"_links":{"self":[{"href":"https:\/\/tucomarca.whitekongsoftware.com\/ca\/wp-json\/wp\/v2\/posts\/268200","targetHints":{"allow":["GET"]}}],"collection":[{"href":"https:\/\/tucomarca.whitekongsoftware.com\/ca\/wp-json\/wp\/v2\/posts"}],"about":[{"href":"https:\/\/tucomarca.whitekongsoftware.com\/ca\/wp-json\/wp\/v2\/types\/post"}],"author":[{"embeddable":true,"href":"https:\/\/tucomarca.whitekongsoftware.com\/ca\/wp-json\/wp\/v2\/users\/12"}],"replies":[{"embeddable":true,"href":"https:\/\/tucomarca.whitekongsoftware.com\/ca\/wp-json\/wp\/v2\/comments?post=268200"}],"version-history":[{"count":0,"href":"https:\/\/tucomarca.whitekongsoftware.com\/ca\/wp-json\/wp\/v2\/posts\/268200\/revisions"}],"wp:featuredmedia":[{"embeddable":true,"href":"https:\/\/tucomarca.whitekongsoftware.com\/ca\/wp-json\/wp\/v2\/media\/268192"}],"wp:attachment":[{"href":"https:\/\/tucomarca.whitekongsoftware.com\/ca\/wp-json\/wp\/v2\/media?parent=268200"}],"wp:term":[{"taxonomy":"category","embeddable":true,"href":"https:\/\/tucomarca.whitekongsoftware.com\/ca\/wp-json\/wp\/v2\/categories?post=268200"},{"taxonomy":"post_tag","embeddable":true,"href":"https:\/\/tucomarca.whitekongsoftware.com\/ca\/wp-json\/wp\/v2\/tags?post=268200"}],"curies":[{"name":"wp","href":"https:\/\/api.w.org\/{rel}","templated":true}]}}