{"id":268117,"date":"2025-06-03T11:45:00","date_gmt":"2025-06-03T09:45:00","guid":{"rendered":"https:\/\/www.tucomarca.com\/wordpress\/segunda\/?p=268117"},"modified":"2025-06-03T19:51:42","modified_gmt":"2025-06-03T17:51:42","slug":"el-consell-destina-36-milions-deuros-a-ajudes-per-a-vehicles-sinistrats-per-la-dana-que-beneficiaran-a-nous-collectius-afectats","status":"publish","type":"post","link":"https:\/\/tucomarca.whitekongsoftware.com\/ca\/el-consell-destina-36-milions-deuros-a-ajudes-per-a-vehicles-sinistrats-per-la-dana-que-beneficiaran-a-nous-collectius-afectats\/","title":{"rendered":"El Consell destina 36 milions d&#8217;euros a ajudes per a vehicles sinistrats per la DANA que beneficiaran a nous col\u00b7lectius afectats"},"content":{"rendered":"\n<h3 class=\"wp-block-heading\">Les ajudes urgents inclouen m\u00e9s tipus de vehicles afectats pel temporal i nous beneficiaris.<\/h3>\n\n\n\n<h3 class=\"wp-block-heading\">Informes d&#8217;agents mediambientals alerten sobre un possible abocament il\u00b7legal de residus i la pres\u00e8ncia de vehicles afectats a l&#8217;entorn del Barranc del Poyo.<\/h3>\n\n\n\n<h3 class=\"wp-block-heading\">La contractaci\u00f3 del servei per a la implantaci\u00f3 de la Hist\u00f2ria Cl\u00ednica \u00fanica marca una fita hist\u00f2rica que millorar\u00e0 l&#8217;atenci\u00f3 sanit\u00e0ria&nbsp;i la coordinaci\u00f3 entre professionals en tota la Comunitat Valenciana.<\/h3>\n\n\n\n<p class=\"wp-block-paragraph\">El Ple del Consell ha aprovat el decret que estableix les bases reguladores per a la concessi\u00f3 directa de noves ajudes urgents, dirigides a reparar els danys econ\u00f2mics causats per la destrucci\u00f3 de vehicles durant el temporal de vent i pluges del passat 29 d&#8217;octubre de 2024. &nbsp;<\/p>\n\n\n\n<p class=\"wp-block-paragraph\">Aix\u00ed ho ha anunciat la portaveu del Consell, Susana Camarero, aquest dimarts, durant la roda de premsa en la qual ha informat sobre els punts aprovats en la reuni\u00f3 plen\u00e0ria. Cambrer ha explicat que aquesta segona convocat\u00f2ria d&#8217;ajudes compta amb una inversi\u00f3 global de 36 milions d&#8217;euros i a m\u00e9s amplia els terminis i els beneficiaris, incloent no sols a persones f\u00edsiques, sin\u00f3 tamb\u00e9 a societats civils, comunitats de b\u00e9ns, entitats sense personalitat jur\u00eddica i persones jur\u00eddiques, a excepci\u00f3 d&#8217;administracions p\u00fabliques. &nbsp;D&#8217;aquesta manera, ha explicat que les persones f\u00edsiques, les pimes i els aut\u00f2noms amb vehicle a nom de l&#8217;empresa podran beneficiar-se de la mesura.<\/p>\n\n\n\n<p class=\"wp-block-paragraph\">La vicepresidenta ha destacat a m\u00e9s que s&#8217;amplia la tipologia de vehicles incorporant autobusos, camions, furgons, remolcs, motocultors, tractors agr\u00edcoles i quads, amb quanties que oscil\u00b7len entre els 250 euros per a ciclomotors i els 15.000 euros per a autobusos.&nbsp;<\/p>\n\n\n\n<p class=\"wp-block-paragraph\">\u201cAquestes noves ajudes s\u00f3n fonamentals i se sumen a les anteriors per a vehicles sinistrats per a continuar fent costat a les persones afectades que les continuen necessitant\u201d, ha assegurat.&nbsp;<\/p>\n\n\n\n<p class=\"wp-block-paragraph\"><strong>Abocaments no autoritzats&nbsp;<\/strong><\/p>\n\n\n\n<p class=\"wp-block-paragraph\">Aix\u00ed mateix, Camarero ha assenyalat que el Consell ha sigut informat de les actuacions iniciades per la Conselleria de Medi Ambient, Infraestructures i Territori davant la detecci\u00f3 de possibles irregularitats en la retirada i tractament de residus no autoritzats en el municipi de Riba-roja de T\u00faria.<\/p>\n\n\n\n<p class=\"wp-block-paragraph\">Segons ha detallat la portaveu, els informes dels agents mediambientals de l&#8217;oficina comarcal de Medi Ambient de Xiva constaten l&#8217;acumulaci\u00f3 de residus i de vehicles afectats per les inundacions en diferents punts de l&#8217;entorn del Barranc del Pedr\u00eds.&nbsp;<\/p>\n\n\n\n<p class=\"wp-block-paragraph\">Davant aquesta situaci\u00f3, Camarero ha assenyalat que la Direcci\u00f3 General de Qualitat i Educaci\u00f3 Ambiental ha sol\u00b7licitat a la comand\u00e0ncia de la Gu\u00e0rdia Civil de Val\u00e8ncia que el Seprona realitze una inspecci\u00f3 en aquestes parcel\u00b7les amb l&#8217;objectiu de \u201cconstatar els fets i comprovar qui s\u00f3n els responsables dels abocaments i si l&#8217;empresa titular de la parcel\u00b7la \u00e9s coneixedora o parteix actuant. Tot aix\u00f2 a l&#8217;efecte de determinar el grau de responsabilitat del promotor de l&#8217;obra i del propietari de la parcel\u00b7la, tenint en compte que l&#8217;abocament s&#8217;ha realitzat sense cap mena de control i podria comportar un risc de contaminaci\u00f3 del s\u00f2l\u201d.<\/p>\n\n\n\n<p class=\"wp-block-paragraph\"><strong>Hist\u00f2ria cl\u00ednica \u00fanica i centralitzada<\/strong><\/p>\n\n\n\n<p class=\"wp-block-paragraph\">En l&#8217;\u00e0mbit sanitari, el Consell ha autoritzat la contractaci\u00f3 del servei per a la implantaci\u00f3 de la Hist\u00f2ria Cl\u00ednica \u00fanica i centralitzada per a la Comunitat Valenciana per un import de m\u00e9s de 70 milions d&#8217;euros.&nbsp;<\/p>\n\n\n\n<p class=\"wp-block-paragraph\">Sobre aquest tema, el conseller de Sanitat, Marciano G\u00f3mez, que ha comparegut en roda de premsa al costat de la vicepresidenta Susana Camarero, ha destacat que es tracta de \u201cuna fita hist\u00f2rica ja que suposa un gran avan\u00e7 en la seguretat per als pacients, evitar\u00e0 duplicitats, afavorir\u00e0 la flu\u00efdesa de la informaci\u00f3 i unificar\u00e0 les desenes d&#8217;eines inform\u00e0tiques existents actualment i que no s\u00f3n interoperables entre elles\u201d. Precisament, aix\u00f2 \u00faltim permetr\u00e0 un estalvi anual de 10 milions d&#8217;euros en llic\u00e8ncies a la Generalitat, com ha assenyalat G\u00f3mez.<\/p>\n\n\n\n<p class=\"wp-block-paragraph\">Gr\u00e0cies a la unificaci\u00f3 de la informaci\u00f3 de cada pacient des d&#8217;Atenci\u00f3 Prim\u00e0ria fins a l&#8217;Hospital\u00e0ria i Sociosanit\u00e0ria, es podr\u00e0 accedir a la informaci\u00f3 cl\u00ednica completa en qualsevol punt del sistema p\u00fablic valenci\u00e0 de salut, \u201cla qual cosa suposa que la seguretat del pacient es veur\u00e0 incrementada de manera exponencial\u201d, ha destacat el titular de Sanitat. \u201cA m\u00e9s, -ha continuat- el pacient podr\u00e0 accedir mitjan\u00e7ant plataformes web a la seua hist\u00f2ria cl\u00ednica, perqu\u00e8 pensem que \u00e9s imprescindible el seu apoderament buscant que eixa relaci\u00f3 metge-pacient facilite la millora de la seua salut, que en definitiva \u00e9s el nostre objectiu\u201d.<\/p>\n\n\n\n<p class=\"wp-block-paragraph\">Despr\u00e9s de l&#8217;adjudicaci\u00f3, previsiblement el mes d&#8217;octubre, s&#8217;implementar\u00e0 en primer lloc en l&#8217;Agrupaci\u00f3 Sanit\u00e0ria Interdepartamental Val\u00e8ncia-Oest, que integra els departaments de Salut Val\u00e8ncia-Hospital General, Manises i Requena, ja que disposen de tres infraestructures inform\u00e0tiques distintes, la qual cosa facilitar\u00e0 el seu desenvolupament posterior en la resta del sistema sanitari p\u00fablic valenci\u00e0.&nbsp;<\/p>\n\n\n\n<p class=\"wp-block-paragraph\">Des de la Conselleria de Sanitat es preveu que la hist\u00f2ria cl\u00ednica \u00fanica estiga implantada en 3 anys en tots els hospitals p\u00fablics de la Comunitat Valenciana, i posteriorment es desplegar\u00e0 en tots els centres d&#8217;Atenci\u00f3 Prim\u00e0ria.&nbsp;<\/p>\n\n\n\n<p class=\"wp-block-paragraph\">El titular de Sanitat tamb\u00e9 ha avan\u00e7at que el Consell ha autoritzat un contracte de m\u00e9s de 62 milions d&#8217;euros per a la redacci\u00f3 i execuci\u00f3 en una \u00fanica fase de les obres de rehabilitaci\u00f3 integral de l&#8217;Hospital Doctor Moliner, conservant la seua est\u00e8tica i valor hist\u00f2ric. Aquesta decisi\u00f3, que reempla\u00e7a el pla inicial de realitzar l&#8217;obra en dues fases, cerca garantir la seguretat de pacients i professionals i reduir el temps d&#8217;execuci\u00f3 en un 30%.<\/p>\n\n\n\n<p class=\"wp-block-paragraph\">\u201cDes d&#8217;abril s&#8217;ha iniciat un proc\u00e9s de derivaci\u00f3 progressiva de pacients a altres hospitals de cr\u00f2nics i llarga estada, ja que est\u00e0 previst el seu&nbsp; tancament definitiu despr\u00e9s de l&#8217;estiu. Els pacients seran reubicats, segons les seues necessitats, a l&#8217;Hospital Pare Jofr\u00e9 i en el nou Complex Sanitari Mislata-Quart\u201d, ha indicat G\u00f3mez.&nbsp;<\/p>\n\n\n\n<p class=\"wp-block-paragraph\"><strong>Nous grups salarials per al personal de Just\u00edcia<\/strong><\/p>\n\n\n\n<p class=\"wp-block-paragraph\">D&#8217;altra banda, el Consell ha aprovat nous grups salarials per al personal al servei de l&#8217;Administraci\u00f3 de Just\u00edcia de la Comunitat Valenciana, en el marc de la implantaci\u00f3 de la nova estructura judicial prevista per la Llei org\u00e0nica 1\/2025. \u201cAquesta mesura \u00e9s clau per a la creaci\u00f3 dels Tribunals d&#8217;Inst\u00e0ncia i les seues corresponents relacions de llocs de treball i respon a una petici\u00f3 del sector\u201d, segons ha informat Susana Camarero.<\/p>\n\n\n\n<p class=\"wp-block-paragraph\">Sobre aquest tema, ha explicat que aquest acord substitueix els antics grups salarials amb complement auton\u00f2mic transitori per uns altres que inclouen un complement espec\u00edfic, sense suposar un augment de cost, ja que mantenen les mateixes quanties retributives. A m\u00e9s, \u201cla Llei de Pressupostos de 2025 incorpora un increment retributiu de 5 milions d&#8217;euros, anunciat pel president, que millora les condicions salarials del personal de Just\u00edcia amb efectes retroactius des de l&#8217;1 de gener\u201d, ha puntualitzat.&nbsp;<\/p>\n\n\n\n<p class=\"wp-block-paragraph\"><strong>Formaci\u00f3 i cultura&nbsp;<\/strong><\/p>\n\n\n\n<p class=\"wp-block-paragraph\">En mat\u00e8ria educativa i social, la portaveu ha traslladat que s&#8217;han aprovat dos convenis rellevants. Un amb la Universitat Nacional d&#8217;Educaci\u00f3 a Dist\u00e0ncia (UNED) perqu\u00e8 els seus estudiants de grau i m\u00e0ster complementaen la seua formaci\u00f3 amb pr\u00e0ctiques externes curriculars o extracurriculars en la Conselleria de Serveis Socials, Igualtat i Habitatge, o en les seues entitats dependents com l&#8217;IVAJ o el IVASS. &nbsp;<\/p>\n\n\n\n<p class=\"wp-block-paragraph\">A m\u00e9s, el Consell ha aprovat un altre conveni amb les cinc universitats p\u00fabliques valencianes per a promoure activitats acad\u00e8miques dirigides a persones majors durant el curs 2024-2025, amb 120.000 euros, \u00e9s a dir 24.000 euros per a cada universitat. L&#8217;objectiu \u00e9s fomentar aquestes activitats formatives, que inclouen itineraris formatius en diverses \u00e0rees de coneixement, cursos monogr\u00e0fics, confer\u00e8ncies i visites guiades, buscant proporcionar oportunitats d&#8217;aprenentatge, creativitat i integraci\u00f3 cultural i social a aquest col\u00b7lectiu. &nbsp;<\/p>\n\n\n\n<p class=\"wp-block-paragraph\">Finalment, Cambrer ha assenyalat que tamb\u00e9 s&#8217;ha donat el vistiplau a un pla de col\u00b7laboraci\u00f3 amb la Diputaci\u00f3 de Castell\u00f3 i la EPSAR per valor de 20,6 milions d&#8217;euros per a renovar i construir infraestructures hidr\u00e0uliques, i&nbsp;<\/p>\n\n\n\n<p class=\"wp-block-paragraph\">Finalment, ha indicat que s&#8217;ha subscrit un acord amb l&#8217;Ajuntament de Val\u00e8ncia per a la 40a edici\u00f3 de Cinema Jove, que se celebrar\u00e0 del 19 al 28 de juny, i es consolida com un referent internacional del cinema jove.<\/p>\n","protected":false},"excerpt":{"rendered":"<div class=\"mh-excerpt\">Les ajudes urgents inclouen m\u00e9s tipus de vehicles afectats pel temporal i nous beneficiaris. Informes d&#8217;agents mediambientals alerten sobre un possible abocament il\u00b7legal de residus i la pres\u00e8ncia de vehicles afectats a l&#8217;entorn del Barranc <a class=\"mh-excerpt-more\" href=\"https:\/\/tucomarca.whitekongsoftware.com\/ca\/el-consell-destina-36-milions-deuros-a-ajudes-per-a-vehicles-sinistrats-per-la-dana-que-beneficiaran-a-nous-collectius-afectats\/\" title=\"El Consell destina 36 milions d&#8217;euros a ajudes per a vehicles sinistrats per la DANA que beneficiaran a nous col\u00b7lectius afectats\">[+] <\/a><\/div>\n","protected":false},"author":12,"featured_media":268115,"comment_status":"open","ping_status":"open","sticky":false,"template":"","format":"standard","meta":{"footnotes":""},"categories":[21466,10898,10948,10894,10904,10903,10947,10896,10897],"tags":[15409,22571,21789,15325,11199],"class_list":["post-268117","post","type-post","status-publish","format-standard","has-post-thumbnail","category-dana-ca","category-ventana-ca","category-infraestructuras-ca","category-la-comarca-ca","category-sin-categorizar-ca","category-medio-ambiente-la-comarca-ca","category-politica","category-seccion-ca","category-sucesos-la-comarca-ca","tag-dana-2-ca","tag-el-consell-ca","tag-generalitat-ca","tag-gva-ca","tag-la-comunitat-ca"],"_links":{"self":[{"href":"https:\/\/tucomarca.whitekongsoftware.com\/ca\/wp-json\/wp\/v2\/posts\/268117","targetHints":{"allow":["GET"]}}],"collection":[{"href":"https:\/\/tucomarca.whitekongsoftware.com\/ca\/wp-json\/wp\/v2\/posts"}],"about":[{"href":"https:\/\/tucomarca.whitekongsoftware.com\/ca\/wp-json\/wp\/v2\/types\/post"}],"author":[{"embeddable":true,"href":"https:\/\/tucomarca.whitekongsoftware.com\/ca\/wp-json\/wp\/v2\/users\/12"}],"replies":[{"embeddable":true,"href":"https:\/\/tucomarca.whitekongsoftware.com\/ca\/wp-json\/wp\/v2\/comments?post=268117"}],"version-history":[{"count":0,"href":"https:\/\/tucomarca.whitekongsoftware.com\/ca\/wp-json\/wp\/v2\/posts\/268117\/revisions"}],"wp:featuredmedia":[{"embeddable":true,"href":"https:\/\/tucomarca.whitekongsoftware.com\/ca\/wp-json\/wp\/v2\/media\/268115"}],"wp:attachment":[{"href":"https:\/\/tucomarca.whitekongsoftware.com\/ca\/wp-json\/wp\/v2\/media?parent=268117"}],"wp:term":[{"taxonomy":"category","embeddable":true,"href":"https:\/\/tucomarca.whitekongsoftware.com\/ca\/wp-json\/wp\/v2\/categories?post=268117"},{"taxonomy":"post_tag","embeddable":true,"href":"https:\/\/tucomarca.whitekongsoftware.com\/ca\/wp-json\/wp\/v2\/tags?post=268117"}],"curies":[{"name":"wp","href":"https:\/\/api.w.org\/{rel}","templated":true}]}}