{"id":267990,"date":"2025-06-02T08:30:00","date_gmt":"2025-06-02T06:30:00","guid":{"rendered":"https:\/\/www.tucomarca.com\/wordpress\/segunda\/?p=267990"},"modified":"2025-06-02T19:03:07","modified_gmt":"2025-06-02T17:03:07","slug":"carlos-mazon-visita-les-obres-del-pont-que-uneix-catarroja-amb-massanasa-que-sobri-hui-al-transit-despres-duna-inversio-de-500-000-euros","status":"publish","type":"post","link":"https:\/\/tucomarca.whitekongsoftware.com\/ca\/carlos-mazon-visita-les-obres-del-pont-que-uneix-catarroja-amb-massanasa-que-sobri-hui-al-transit-despres-duna-inversio-de-500-000-euros\/","title":{"rendered":"Carlos Maz\u00f3n visita les obres del pont que uneix Catarroja amb Massanasa que s&#8217;obri hui al tr\u00e0nsit despr\u00e9s d&#8217;una inversi\u00f3 de 500.000 euros"},"content":{"rendered":"\n<p class=\"wp-block-paragraph\">El president de la Generalitat, Carlos Maz\u00f3n, ha visitat les obres del pont que uneix Catarroja i Massanassa, en el qual el Consell ha invertit 500.000 euros i que s&#8217;obri hui al tr\u00e0nsit.&nbsp;<\/p>\n\n\n\n<p class=\"wp-block-paragraph\">Maz\u00f3n ha acudit a Massanassa despr\u00e9s de comprovar l&#8217;evoluci\u00f3 de les actuacions que s&#8217;estan duent a terme per a reconstruir l&#8217;acc\u00e9s al Circuit Ricardo Tormo de Xest.<\/p>\n\n\n\n<p class=\"wp-block-paragraph\">La Conselleria de Medi Ambient, Infraestructures i Territori ha finalitzat aquest dilluns les obres de reconstrucci\u00f3 del pont que uneix Catarroja i Massanassa, despr\u00e9s d&#8217;invertir 500.000 euros.<\/p>\n\n\n\n<p class=\"wp-block-paragraph\">El conseller de Medi Ambient, Infraestructures i Territori, Vicente Mart\u00ednez Mus, ha destacat que aquesta infraestructura constitueix \u201cun important eix de connexi\u00f3 entre les poblacions de L&#8217;Horta Sud, afectades per les inundacions\u201d i ha afegit que amb l&#8217;obertura del pont &#8220;fem un pas m\u00e9s cap a la volta a la normalitat\u201d.<\/p>\n\n\n\n<p class=\"wp-block-paragraph\">Els treballs de reconstrucci\u00f3 s&#8217;han desenvolupat durant quatre mesos, una vegada els ajuntaments van cedir les compet\u00e8ncies d&#8217;aquestes vies locals a la Generalitat per a executar els treballs.<\/p>\n\n\n\n<p class=\"wp-block-paragraph\">S&#8217;han invertit 500.000 euros en diferents accions que han consistit en el desmuntatge de les baranes danyades o la realitzaci\u00f3 del forjat de plaques prefabricades. Tamb\u00e9, en la construcci\u00f3 d&#8217;un mur de formig\u00f3 a banda i banda del pont, aix\u00ed com de la zona per als vianants de la infraestructura.<\/p>\n\n\n\n<p class=\"wp-block-paragraph\">Despr\u00e9s de l&#8217;asfaltat de la cal\u00e7ada del pont sobre el barranc del Pedr\u00eds que s&#8217;est\u00e0 realitzant durant aquest dilluns, s&#8217;obri al tr\u00e0nsit amb senyalitzaci\u00f3 provisional i una vegada que l&#8217;aglomerat ja haja refredat completament, es realitzar\u00e0 el pintat de les marcades vials i passos de vianants al costat de la rotonda.<\/p>\n\n\n\n<p class=\"wp-block-paragraph\">D&#8217;aquesta manera, aquest dimarts la infraestructura estar\u00e0 en situaci\u00f3 de completa normalitat, segons informa la Generalitat en un comunicat, en el qual indica que fins ara el pont funcionava amb un sem\u00e0for provisional per a regular el tr\u00e0nsit i oferia un \u00fanic carril habilitat en lloc dels dos habituals.<\/p>\n\n\n\n<p class=\"wp-block-paragraph\">El pont de pedra de cadirat polit del segle XVIII que uneix Catarroja i Massanassa va ser constru\u00eft en 1767 per a salvar el barranc del Pedr\u00eds. Mesura 50 metres aproximadament i consta de cinc arcs, dos estreps i quatre piles.<\/p>\n\n\n\n<p class=\"wp-block-paragraph\">Encara que no va patir un col\u00b7lapse total el passat 29 d&#8217;octubre s\u00ed que va patir grans danys que van obligar a una inspecci\u00f3 completa per a la seua reconstrucci\u00f3, segons les mateixes fonts.<\/p>\n\n\n\n<p class=\"wp-block-paragraph\"><strong>Puente entre Catarroja i Albal<\/strong><\/p>\n\n\n\n<p class=\"wp-block-paragraph\">D&#8217;altra banda, en l&#8217;estructura de l&#8217;Antic Cam\u00ed ral de Madrid entre Catarroja i Albal ha finalitzat tamb\u00e9 la reconstrucci\u00f3 del pont que uneix aquestes dues poblacions i s&#8217;ha restitu\u00eft tant el tr\u00e0nsit viari com per als vianants a la normalitat. En aquests treballs s&#8217;han invertit 90.000 euros.<\/p>\n\n\n\n<p class=\"wp-block-paragraph\">En aquest cas, els treballs s&#8217;han centrat en la neteja del fons del llit sota el pont, l&#8217;an\u00e0lisi estructural, la demolici\u00f3 de les restes de vorera del Carrer Pelayo, la construcci\u00f3 d&#8217;un mur de bloc de formig\u00f3 armat per a contenci\u00f3 de terres, aix\u00ed com la reconstrucci\u00f3 de la vorera i la reposici\u00f3 de les baranes<\/p>\n\n\n\n<p class=\"wp-block-paragraph\">Aquestes reobertures s&#8217;emmarquen en els treballs despr\u00e9s de l&#8217;assumpci\u00f3 de 54 obres de titularitat municipal per valor de 49,2 milions, segons les fonts, que afigen que totes les obres estan actualment en marxa i conforme acaben les actuacions les diferents vies es van reobrint.<\/p>\n\n\n\n<p class=\"wp-block-paragraph\"><\/p>\n\n\n\n<figure class=\"wp-block-image size-large\"><img loading=\"lazy\" decoding=\"async\" width=\"1024\" height=\"682\" src=\"http:\/\/www.tucomarca.com\/wordpress\/segunda\/wp-content\/uploads\/2025\/06\/MazonMassanassa2-1024x682.jpeg\" alt=\"\" class=\"wp-image-267985\" srcset=\"https:\/\/tucomarca.whitekongsoftware.com\/wp-content\/uploads\/2025\/06\/MazonMassanassa2-1024x682.jpeg 1024w, https:\/\/tucomarca.whitekongsoftware.com\/wp-content\/uploads\/2025\/06\/MazonMassanassa2-300x200.jpeg 300w, https:\/\/tucomarca.whitekongsoftware.com\/wp-content\/uploads\/2025\/06\/MazonMassanassa2-768x512.jpeg 768w, https:\/\/tucomarca.whitekongsoftware.com\/wp-content\/uploads\/2025\/06\/MazonMassanassa2-1536x1023.jpeg 1536w, https:\/\/tucomarca.whitekongsoftware.com\/wp-content\/uploads\/2025\/06\/MazonMassanassa2.jpeg 1600w\" sizes=\"auto, (max-width: 1024px) 100vw, 1024px\" \/><\/figure>\n","protected":false},"excerpt":{"rendered":"<div class=\"mh-excerpt\">El president de la Generalitat, Carlos Maz\u00f3n, ha visitat les obres del pont que uneix Catarroja i Massanassa, en el qual el Consell ha invertit 500.000 euros i que s&#8217;obri hui al tr\u00e0nsit.&nbsp; Maz\u00f3n ha <a class=\"mh-excerpt-more\" href=\"https:\/\/tucomarca.whitekongsoftware.com\/ca\/carlos-mazon-visita-les-obres-del-pont-que-uneix-catarroja-amb-massanasa-que-sobri-hui-al-transit-despres-duna-inversio-de-500-000-euros\/\" title=\"Carlos Maz\u00f3n visita les obres del pont que uneix Catarroja amb Massanasa que s&#8217;obri hui al tr\u00e0nsit despr\u00e9s d&#8217;una inversi\u00f3 de 500.000 euros\">[+] <\/a><\/div>\n","protected":false},"author":1,"featured_media":267988,"comment_status":"open","ping_status":"open","sticky":false,"template":"","format":"standard","meta":{"footnotes":""},"categories":[21466,10898,10948,10894,10904,10903,10947,10896,10897],"tags":[18807,15409,11199],"class_list":["post-267990","post","type-post","status-publish","format-standard","has-post-thumbnail","category-dana-ca","category-ventana-ca","category-infraestructuras-ca","category-la-comarca-ca","category-sin-categorizar-ca","category-medio-ambiente-la-comarca-ca","category-politica","category-seccion-ca","category-sucesos-la-comarca-ca","tag-carlos-mazon-ca","tag-dana-2-ca","tag-la-comunitat-ca"],"_links":{"self":[{"href":"https:\/\/tucomarca.whitekongsoftware.com\/ca\/wp-json\/wp\/v2\/posts\/267990","targetHints":{"allow":["GET"]}}],"collection":[{"href":"https:\/\/tucomarca.whitekongsoftware.com\/ca\/wp-json\/wp\/v2\/posts"}],"about":[{"href":"https:\/\/tucomarca.whitekongsoftware.com\/ca\/wp-json\/wp\/v2\/types\/post"}],"author":[{"embeddable":true,"href":"https:\/\/tucomarca.whitekongsoftware.com\/ca\/wp-json\/wp\/v2\/users\/1"}],"replies":[{"embeddable":true,"href":"https:\/\/tucomarca.whitekongsoftware.com\/ca\/wp-json\/wp\/v2\/comments?post=267990"}],"version-history":[{"count":0,"href":"https:\/\/tucomarca.whitekongsoftware.com\/ca\/wp-json\/wp\/v2\/posts\/267990\/revisions"}],"wp:featuredmedia":[{"embeddable":true,"href":"https:\/\/tucomarca.whitekongsoftware.com\/ca\/wp-json\/wp\/v2\/media\/267988"}],"wp:attachment":[{"href":"https:\/\/tucomarca.whitekongsoftware.com\/ca\/wp-json\/wp\/v2\/media?parent=267990"}],"wp:term":[{"taxonomy":"category","embeddable":true,"href":"https:\/\/tucomarca.whitekongsoftware.com\/ca\/wp-json\/wp\/v2\/categories?post=267990"},{"taxonomy":"post_tag","embeddable":true,"href":"https:\/\/tucomarca.whitekongsoftware.com\/ca\/wp-json\/wp\/v2\/tags?post=267990"}],"curies":[{"name":"wp","href":"https:\/\/api.w.org\/{rel}","templated":true}]}}