{"id":267880,"date":"2025-06-02T10:45:00","date_gmt":"2025-06-02T08:45:00","guid":{"rendered":"https:\/\/www.tucomarca.com\/wordpress\/segunda\/?p=267880"},"modified":"2025-06-02T14:23:11","modified_gmt":"2025-06-02T12:23:11","slug":"dos-artistes-de-cortes-de-pallas-juntes-en-la-galeria-ronda-de-valencia","status":"publish","type":"post","link":"https:\/\/tucomarca.whitekongsoftware.com\/ca\/dos-artistes-de-cortes-de-pallas-juntes-en-la-galeria-ronda-de-valencia\/","title":{"rendered":"Dos artistes de Cortes de Pall\u00e1s, juntes en la galeria Ronda de Val\u00e8ncia"},"content":{"rendered":"\n<p class=\"wp-block-paragraph\">Divendres passat, 30 de maig, es va inaugurar en la galeria Ronda situada en l&#8217;Av. Arag\u00f3 17 de Val\u00e8ncia, l&#8217;exposici\u00f3 D&#8217;Instants, Dones i Roques de l&#8217;artista cortesana Mayte Navarro Golf. En aquesta ocasi\u00f3 va comptar amb la col\u00b7laboraci\u00f3 de la cantant i compositora Estefan\u00eda Marzo (Gramea Soul).\u00a0<\/p>\n\n\n\n<p class=\"wp-block-paragraph\">La fusi\u00f3 del treball de totes dues dones va comen\u00e7ar a gestar-se en la pedania Vi\u00f1uelas, lloc d&#8217;origen de les dues, donant com a resultat un acte molt emotiu on l&#8217;art t\u00e8xtil i el rap es van unir per a donar un missatge ecofeminista, creant un moment especial que no deixe a ning\u00fa indiferent. Les obres van parlar a trav\u00e9s de la veu de Gramea Soul i la m\u00fasica de Gabriela Larios.<\/p>\n\n\n\n<p class=\"wp-block-paragraph\">L&#8217;exposici\u00f3 ens convida a un recorregut per una selecci\u00f3 d&#8217;obres realitzades en els \u00faltims anys i s&#8217;estructura entorn de tres seccions tem\u00e0tiques que tenen un protagonista en com\u00fa, la dona. En aquest 2025, l&#8217;artista ha participat en quatre exposicions col\u00b7lectives i dos individuals. Actualment les seues obres es poden veure, a m\u00e9s d&#8217;en aquesta galeria, a l&#8217;hotel Allon Mediterrania de Villajollosa, la galeria Toni Mari de D\u00e9nia i la galeria Istorik de Val\u00e8ncia.&nbsp;<\/p>\n\n\n\n<p class=\"wp-block-paragraph\">El seu treball ha sigut seleccionat en diverses convocat\u00f2ries i premiat per la Fundaci\u00f3 Francisco Brines, convertint-se en una de les artistes m\u00e9s destacades en l&#8217;art t\u00e8xtil valenci\u00e0.<\/p>\n\n\n\n<p class=\"wp-block-paragraph\">Gramea Soul, una de les artistes de rap amb major projecci\u00f3 de la comunitat valenciana, amant de la m\u00fasica, l&#8217;escriptura i la interpretaci\u00f3, compagina la seua carrera musical amb el seu desenvolupament com a docent. Sound System Rap \u00e9s el seu nou projecte educatiu. Enfocat en un p\u00fablic adolescent, l&#8217;objectiu del qual \u00e9s fomentar una visi\u00f3 positiva de la vida, usant el Rap i la m\u00fasica com a eines, adquirint recursos i habilitats per a afrontar el seu futur.<\/p>\n\n\n\n<p class=\"wp-block-paragraph\">Gramea Soul \u00e9s una Mc de cor, capa\u00e7 d&#8217;arribar a les persones a trav\u00e9s de la seua m\u00fasica i la seua personalitat. El seu pr\u00f2xim EP \u201cP\u00e8rdua\u201d estar\u00e0 fora aquest pr\u00f2xim mes de setembre.&nbsp;<\/p>\n\n\n\n<p class=\"wp-block-paragraph\">-Per a nosaltres ha sigut una sorpresa descobrir que, fent coses tan diferents, pod\u00edem tindre tant en com\u00fa-. Algunes de les lletres d&#8217;Estefan\u00eda Marzo semblen fetes expressament per a l&#8217;obra de Mayte Navarro Golf.&nbsp;<\/p>\n\n\n\n<p class=\"wp-block-paragraph\">L&#8217;exposici\u00f3 D&#8217;Instants, Dones i Roques estar\u00e0 fins el pr\u00f2xim dia 17 de juny de dilluns a dissabte en horari de 10.00 \u2013 13.30 i de 16.30 \u2013 20.30.<\/p>\n\n\n\n<figure class=\"wp-block-gallery has-nested-images columns-default is-cropped wp-block-gallery-1 is-layout-flex wp-block-gallery-is-layout-flex\">\n<figure class=\"wp-block-image size-large\"><img loading=\"lazy\" decoding=\"async\" width=\"1024\" height=\"683\" data-id=\"267874\" src=\"https:\/\/www.tucomarca.com\/wordpress\/segunda\/wp-content\/uploads\/2025\/06\/CortesArtistas02-1024x683.jpg\" alt=\"\" class=\"wp-image-267874\" srcset=\"https:\/\/tucomarca.whitekongsoftware.com\/wp-content\/uploads\/2025\/06\/CortesArtistas02-1024x683.jpg 1024w, https:\/\/tucomarca.whitekongsoftware.com\/wp-content\/uploads\/2025\/06\/CortesArtistas02-300x200.jpg 300w, https:\/\/tucomarca.whitekongsoftware.com\/wp-content\/uploads\/2025\/06\/CortesArtistas02-768x512.jpg 768w, https:\/\/tucomarca.whitekongsoftware.com\/wp-content\/uploads\/2025\/06\/CortesArtistas02-1536x1024.jpg 1536w, https:\/\/tucomarca.whitekongsoftware.com\/wp-content\/uploads\/2025\/06\/CortesArtistas02-2048x1365.jpg 2048w\" sizes=\"auto, (max-width: 1024px) 100vw, 1024px\" \/><\/figure>\n\n\n\n<figure class=\"wp-block-image size-large\"><img loading=\"lazy\" decoding=\"async\" width=\"1024\" height=\"683\" data-id=\"267872\" src=\"https:\/\/www.tucomarca.com\/wordpress\/segunda\/wp-content\/uploads\/2025\/06\/CortesArtistas01-1024x683.jpg\" alt=\"\" class=\"wp-image-267872\" srcset=\"https:\/\/tucomarca.whitekongsoftware.com\/wp-content\/uploads\/2025\/06\/CortesArtistas01-1024x683.jpg 1024w, https:\/\/tucomarca.whitekongsoftware.com\/wp-content\/uploads\/2025\/06\/CortesArtistas01-300x200.jpg 300w, https:\/\/tucomarca.whitekongsoftware.com\/wp-content\/uploads\/2025\/06\/CortesArtistas01-768x512.jpg 768w, https:\/\/tucomarca.whitekongsoftware.com\/wp-content\/uploads\/2025\/06\/CortesArtistas01-1536x1024.jpg 1536w, https:\/\/tucomarca.whitekongsoftware.com\/wp-content\/uploads\/2025\/06\/CortesArtistas01-2048x1365.jpg 2048w\" sizes=\"auto, (max-width: 1024px) 100vw, 1024px\" \/><\/figure>\n<\/figure>\n","protected":false},"excerpt":{"rendered":"<div class=\"mh-excerpt\">Divendres passat, 30 de maig, es va inaugurar en la galeria Ronda situada en l&#8217;Av. Arag\u00f3 17 de Val\u00e8ncia, l&#8217;exposici\u00f3 D&#8217;Instants, Dones i Roques de l&#8217;artista cortesana Mayte Navarro Golf. En aquesta ocasi\u00f3 va comptar <a class=\"mh-excerpt-more\" href=\"https:\/\/tucomarca.whitekongsoftware.com\/ca\/dos-artistes-de-cortes-de-pallas-juntes-en-la-galeria-ronda-de-valencia\/\" title=\"Dos artistes de Cortes de Pall\u00e1s, juntes en la galeria Ronda de Val\u00e8ncia\">[+] <\/a><\/div>\n","protected":false},"author":13,"featured_media":267876,"comment_status":"open","ping_status":"open","sticky":false,"template":"","format":"gallery","meta":{"footnotes":""},"categories":[10951,10953,10894,11007,10896],"tags":[11216,11230,15856],"class_list":["post-267880","post","type-post","status-publish","format-gallery","has-post-thumbnail","category-ayora-cofrentes-ca","category-cortes-de-pallas-ca","category-la-comarca-ca","category-ocio-y-cultura-ca","category-seccion-ca","tag-ayora-cofrentes-ca","tag-cortes-de-pallas-ca","tag-ocio-y-cultura-ca","post_format-post-format-gallery"],"_links":{"self":[{"href":"https:\/\/tucomarca.whitekongsoftware.com\/ca\/wp-json\/wp\/v2\/posts\/267880","targetHints":{"allow":["GET"]}}],"collection":[{"href":"https:\/\/tucomarca.whitekongsoftware.com\/ca\/wp-json\/wp\/v2\/posts"}],"about":[{"href":"https:\/\/tucomarca.whitekongsoftware.com\/ca\/wp-json\/wp\/v2\/types\/post"}],"author":[{"embeddable":true,"href":"https:\/\/tucomarca.whitekongsoftware.com\/ca\/wp-json\/wp\/v2\/users\/13"}],"replies":[{"embeddable":true,"href":"https:\/\/tucomarca.whitekongsoftware.com\/ca\/wp-json\/wp\/v2\/comments?post=267880"}],"version-history":[{"count":0,"href":"https:\/\/tucomarca.whitekongsoftware.com\/ca\/wp-json\/wp\/v2\/posts\/267880\/revisions"}],"wp:featuredmedia":[{"embeddable":true,"href":"https:\/\/tucomarca.whitekongsoftware.com\/ca\/wp-json\/wp\/v2\/media\/267876"}],"wp:attachment":[{"href":"https:\/\/tucomarca.whitekongsoftware.com\/ca\/wp-json\/wp\/v2\/media?parent=267880"}],"wp:term":[{"taxonomy":"category","embeddable":true,"href":"https:\/\/tucomarca.whitekongsoftware.com\/ca\/wp-json\/wp\/v2\/categories?post=267880"},{"taxonomy":"post_tag","embeddable":true,"href":"https:\/\/tucomarca.whitekongsoftware.com\/ca\/wp-json\/wp\/v2\/tags?post=267880"}],"curies":[{"name":"wp","href":"https:\/\/api.w.org\/{rel}","templated":true}]}}