{"id":267861,"date":"2025-06-02T10:00:00","date_gmt":"2025-06-02T08:00:00","guid":{"rendered":"https:\/\/www.tucomarca.com\/wordpress\/segunda\/?p=267861"},"modified":"2025-06-02T13:49:11","modified_gmt":"2025-06-02T11:49:11","slug":"el-cd-bunyol-es-prepara-per-a-la-seua-temporada-en-tercera-amb-el-fitxatge-de-edu-iranzo-i-les-renovacions-dalbert-valero-i-adrian-perez","status":"publish","type":"post","link":"https:\/\/tucomarca.whitekongsoftware.com\/ca\/el-cd-bunyol-es-prepara-per-a-la-seua-temporada-en-tercera-amb-el-fitxatge-de-edu-iranzo-i-les-renovacions-dalbert-valero-i-adrian-perez\/","title":{"rendered":"El CD Bunyol es prepara per a la seua temporada en tercera amb el fitxatge de Edu Iranzo i les renovacions d&#8217;Albert Valero i Adri\u00e1n P\u00e9rez"},"content":{"rendered":"\n<p class=\"wp-block-paragraph\">El CD Bunyol ja treballa en el seu retorn a Tercera Federaci\u00f3 i ha comen\u00e7at a perfilar la seua plantilla per a la pr\u00f2xima temporada amb les primeres renovacions i un nou fitxatge. El club ha confirmat la continu\u00eftat del defensa\u00a0<strong>Adri\u00e1n P\u00e9rez<\/strong>\u00a0i el migcampista\u00a0<strong>Albert Valero<\/strong>, dos jugadors importants en l&#8217;esquema de l&#8217;equip durant la passada campanya. Tots dos continuaran vestint la samarreta blanca en aquesta nova etapa en categoria nacional.<\/p>\n\n\n\n<p class=\"wp-block-paragraph\">A m\u00e9s, el Bunyol ha tancat el fitxatge del davanter\u00a0<strong>Edu Iranzo<\/strong>, un refor\u00e7 amb experi\u00e8ncia que arriba per a apuntalar la plantilla en la seua tornada a Tercera. Amb aquestes primeres decisions, el club deixa clar el seu comprom\u00eds per confeccionar un equip competitiu que afronte amb garanties el repte de mantindre&#8217;s en la categoria i lluitar per objectius ambiciosos.<\/p>\n\n\n\n<p class=\"wp-block-paragraph\">Aix\u00f2 se suma a la not\u00edcia que ja es va con\u00e9ixer la setmana passada de la renovaci\u00f3 tamb\u00e9 de l&#8217;entrenador, Alejandro Sant Isidre.<\/p>\n","protected":false},"excerpt":{"rendered":"<div class=\"mh-excerpt\">El CD Bunyol ja treballa en el seu retorn a Tercera Federaci\u00f3 i ha comen\u00e7at a perfilar la seua plantilla per a la pr\u00f2xima temporada amb les primeres renovacions i un nou fitxatge. El club <a class=\"mh-excerpt-more\" href=\"https:\/\/tucomarca.whitekongsoftware.com\/ca\/el-cd-bunyol-es-prepara-per-a-la-seua-temporada-en-tercera-amb-el-fitxatge-de-edu-iranzo-i-les-renovacions-dalbert-valero-i-adrian-perez\/\" title=\"El CD Bunyol es prepara per a la seua temporada en tercera amb el fitxatge de Edu Iranzo i les renovacions d&#8217;Albert Valero i Adri\u00e1n P\u00e9rez\">[+] <\/a><\/div>\n","protected":false},"author":13,"featured_media":267855,"comment_status":"open","ping_status":"open","sticky":false,"template":"","format":"standard","meta":{"footnotes":""},"categories":[10911,11015,11003,10894,10912,10896],"tags":[10913,11126,11074,11075,10914],"class_list":["post-267861","post","type-post","status-publish","format-standard","has-post-thumbnail","category-bunol-ca","category-canal-futbol","category-sports","category-la-comarca-ca","category-la-hoya-ca","category-seccion-ca","tag-bunol-ca","tag-cd-bunol-ca","tag-deportes-ca","tag-futbol-ca","tag-la-hoya-de-bunol-chiva-ca"],"_links":{"self":[{"href":"https:\/\/tucomarca.whitekongsoftware.com\/ca\/wp-json\/wp\/v2\/posts\/267861","targetHints":{"allow":["GET"]}}],"collection":[{"href":"https:\/\/tucomarca.whitekongsoftware.com\/ca\/wp-json\/wp\/v2\/posts"}],"about":[{"href":"https:\/\/tucomarca.whitekongsoftware.com\/ca\/wp-json\/wp\/v2\/types\/post"}],"author":[{"embeddable":true,"href":"https:\/\/tucomarca.whitekongsoftware.com\/ca\/wp-json\/wp\/v2\/users\/13"}],"replies":[{"embeddable":true,"href":"https:\/\/tucomarca.whitekongsoftware.com\/ca\/wp-json\/wp\/v2\/comments?post=267861"}],"version-history":[{"count":0,"href":"https:\/\/tucomarca.whitekongsoftware.com\/ca\/wp-json\/wp\/v2\/posts\/267861\/revisions"}],"wp:featuredmedia":[{"embeddable":true,"href":"https:\/\/tucomarca.whitekongsoftware.com\/ca\/wp-json\/wp\/v2\/media\/267855"}],"wp:attachment":[{"href":"https:\/\/tucomarca.whitekongsoftware.com\/ca\/wp-json\/wp\/v2\/media?parent=267861"}],"wp:term":[{"taxonomy":"category","embeddable":true,"href":"https:\/\/tucomarca.whitekongsoftware.com\/ca\/wp-json\/wp\/v2\/categories?post=267861"},{"taxonomy":"post_tag","embeddable":true,"href":"https:\/\/tucomarca.whitekongsoftware.com\/ca\/wp-json\/wp\/v2\/tags?post=267861"}],"curies":[{"name":"wp","href":"https:\/\/api.w.org\/{rel}","templated":true}]}}