{"id":267832,"date":"2025-06-01T12:00:00","date_gmt":"2025-06-01T10:00:00","guid":{"rendered":"https:\/\/www.tucomarca.com\/wordpress\/segunda\/?p=267832"},"modified":"2025-06-02T10:35:25","modified_gmt":"2025-06-02T08:35:25","slug":"mompo-hi-ha-pp-per-a-rato-aci-hi-ha-forca-projecte-i-conviccio","status":"publish","type":"post","link":"https:\/\/tucomarca.whitekongsoftware.com\/ca\/mompo-hi-ha-pp-per-a-rato-aci-hi-ha-forca-projecte-i-conviccio\/","title":{"rendered":"Momp\u00f3: \u201cHi ha PP per a \u2018rato\u2019, ac\u00ed hi ha for\u00e7a, projecte i convicci\u00f3\u201d"},"content":{"rendered":"\n<h3 class=\"wp-block-heading\">El president del PP de la prov\u00edncia de Val\u00e8ncia reunix 900 miltantes \u201cals quals els unix una manera de fer pol\u00edtica: la valentia enfront de l&#8217;adversitat\u201d.<\/h3>\n\n\n\n<h3 class=\"wp-block-heading\">El comit\u00e9 i a la junta directiva provincial es reunixen a N\u00e0quera amb la pres\u00e8ncia de la vicesecret\u00e0ria d&#8217;Organitzaci\u00f3 del PP, Carmen F\u00fanez i el president del PPCV, Carlos Maz\u00f3n.<\/h3>\n\n\n\n<h3 class=\"wp-block-heading\">Els tres l\u00edders populars coincidixen a destacar \u201cla garreperia, el cinisme i el menypreu\u201d de S\u00e1nchez enfront del \u201ctreball\u201d de les institucions valencianes.<\/h3>\n\n\n\n<p class=\"wp-block-paragraph\">El president del Partit Popular a la prov\u00edncia de Val\u00e8ncia, Vicent Momp\u00f3, ha destacat la uni\u00f3 i el projecte del PP davant els 900 militants i simpatitzants que este mat\u00ed ho han abrigallat a N\u00e0quera: \u201cac\u00ed han ganes de treballar per a al\u00e7ar esta prov\u00edncia en peus, hi ha uni\u00f3 i hi ha Partit Popular per a rato\u201d.&nbsp;<\/p>\n\n\n\n<p class=\"wp-block-paragraph\">En la mateixa l\u00ednia, ha assegurat, \u201cac\u00ed hi ha una convicci\u00f3 que ni es compra ni s&#8217;improvisa: la de creure en el projecte del Partit Popular; ens unix una manera de fer pol\u00edtica: la valentia davant l&#8217;adversitat i la fermesa davant els intents dels qui han volgut esborrar la nostra veu. Davant un Govern que ha fet del sectarisme una estrat\u00e8gia, de l&#8217;enfrontament una rutina i del c\u00e0lcul electoral una forma de vida, nosaltres seguim centrats en el que importa: treballar, treballar i treballar per i per als valencians\u201d.<\/p>\n\n\n\n<p class=\"wp-block-paragraph\">Igualment, ha advertit Momp\u00f3, \u201cmentres uns es dediquen a insultar i a pintar seus, nosaltres ens dediquem a governar. Mentres uns difamen, nosaltres constru\u00efm. Mentres uns convertixen els problemes en titulars, nosaltres els convertim en solucions. Ells han preferit difamar, dividir, generar odi, intoxicar a l&#8217;opini\u00f3 p\u00fablica; per\u00f2 el Partit Popular no entrar\u00e0 en el seu joc\u201d.&nbsp;<\/p>\n\n\n\n<p class=\"wp-block-paragraph\">\u201cNo permetrem que esta trag\u00e8dia s&#8217;utilitze com a arma. No acceptarem lli\u00e7ons dels qui han abandonat la Comunitat Valenciana cada vegada que ha necessitat ajuda. Perqu\u00e8 a la Comunitat Valenciana no li la def\u00e9n en paraules boniques en campanya electoral, li la def\u00e9n en finan\u00e7ament just, en inversions reals i en respecte institucional. I d&#8217;aix\u00f2, el Govern de S\u00e1nchez va, precisament, va molt just\u201d, ha criticat.<\/p>\n\n\n\n<p class=\"wp-block-paragraph\">En este sentit, ha argumentat, \u201chem demostrat que una altra manera de governar \u00e9s possible. Hem recuperat institucions com la Diputaci\u00f3 de Val\u00e8ncia. Hem recuperat la Diputaci\u00f3 per al qual va ser concebuda: per a estar al costat dels pobles, al servici de la gent. L\u2019hem tret al carrer, a les comarques i en tot el territori\u201d.<\/p>\n\n\n\n<p class=\"wp-block-paragraph\">Igualment, ha def\u00e9s el l\u00edder provincial, \u201cno podem permetre&#8217;ns ni una sola fissura. Hui m\u00e9s que mai necessitem unitat, fermesa i confian\u00e7a. Este projecte \u00e9s ampli, gener\u00f3s i obert i en ell caben totes i tots els qui volen una prov\u00edncia millor, sense sectarismes ni trinxeres. Estem preparats, estem units i estem decidits a continuar guanyant el futur\u201d.<\/p>\n\n\n\n<p class=\"wp-block-paragraph\">Per part seua, el president del PPCV i del Consell, Carlos Maz\u00f3n ha subratllat que \u201cel PP complix amb el que necessita la Comunitat Valenciana enfront d&#8217;un S\u00e1nchez que menyst\u00e9 i asf\u00edxia la nostra terra, S\u00e1nchez negant-nos els 2.500 milions d&#8217;euros del FLA extraordinari que venim reclamant des de fa sis mesos i no actualitzant els lliuraments a compte del Sistema de Finan\u00e7ament Auton\u00f2mic que fa que deixem de rebre 800 milions d&#8217;euros en el que portem d&#8217;any\u201d.<\/p>\n\n\n\n<p class=\"wp-block-paragraph\">De la mateixa manera, la vicesecret\u00e0ria d&#8217;Organitzaci\u00f3 del PP, Carmen F\u00fanez ha enaltit la labor del Consell enfront de \u201cgarreperia\u201d del Govern central, que a m\u00e9s no aconseguix tirar avant els pressupostos. F\u00fanez ha aprofitat l&#8217;acte per a demanar el suport a la manifestaci\u00f3 del diumenge que ve a Madrid contra l&#8217;Executiu. Una concentraci\u00f3 de protesta que Momp\u00f3 ha secundat despr\u00e9s de dirigir-se a F\u00fanez per a agrair-li l&#8217;assist\u00e8ncia: \u201cla teua pres\u00e8ncia hui ac\u00ed significa molt. Perqu\u00e8 el PP nacional tamb\u00e9 sap que la Comunitat Valenciana \u00e9s clau. Que esta terra ja no est\u00e0 disposada a callar. I que ac\u00ed hi ha for\u00e7a, projecte i convicci\u00f3\u201d.<\/p>\n\n\n\n<p class=\"wp-block-paragraph\">A l&#8217;esmorzar amb militants i simpatitzants tamb\u00e9 han assistit la secret\u00e0ria general del PP de la prov\u00edncia, Reme Mazzolari i el seu hom\u00f2leg auton\u00f2mic, Juanfran P\u00e9rez Llorca; el diputat nacional per Val\u00e8ncia, Carlos Gil; i un gran nombre de consellers com Susana Camarero, Vicente Mart\u00ednez-Mus o Juan Carlos Valderrama, entre altres.<\/p>\n\n\n\n<figure class=\"wp-block-gallery has-nested-images columns-2 is-cropped wp-block-gallery-1 is-layout-flex wp-block-gallery-is-layout-flex\">\n<figure class=\"wp-block-image size-large\"><img loading=\"lazy\" decoding=\"async\" width=\"1024\" height=\"684\" data-id=\"267819\" src=\"https:\/\/www.tucomarca.com\/wordpress\/segunda\/wp-content\/uploads\/2025\/06\/PP_Naquera01-1024x684.jpg\" alt=\"\" class=\"wp-image-267819\" srcset=\"https:\/\/tucomarca.whitekongsoftware.com\/wp-content\/uploads\/2025\/06\/PP_Naquera01-1024x684.jpg 1024w, https:\/\/tucomarca.whitekongsoftware.com\/wp-content\/uploads\/2025\/06\/PP_Naquera01-300x200.jpg 300w, https:\/\/tucomarca.whitekongsoftware.com\/wp-content\/uploads\/2025\/06\/PP_Naquera01-768x513.jpg 768w, https:\/\/tucomarca.whitekongsoftware.com\/wp-content\/uploads\/2025\/06\/PP_Naquera01-1536x1027.jpg 1536w, https:\/\/tucomarca.whitekongsoftware.com\/wp-content\/uploads\/2025\/06\/PP_Naquera01.jpg 1616w\" sizes=\"auto, (max-width: 1024px) 100vw, 1024px\" \/><\/figure>\n\n\n\n<figure class=\"wp-block-image size-large\"><img loading=\"lazy\" decoding=\"async\" width=\"1024\" height=\"684\" data-id=\"267821\" src=\"https:\/\/www.tucomarca.com\/wordpress\/segunda\/wp-content\/uploads\/2025\/06\/PP_Naquera02-1024x684.jpg\" alt=\"\" class=\"wp-image-267821\" srcset=\"https:\/\/tucomarca.whitekongsoftware.com\/wp-content\/uploads\/2025\/06\/PP_Naquera02-1024x684.jpg 1024w, https:\/\/tucomarca.whitekongsoftware.com\/wp-content\/uploads\/2025\/06\/PP_Naquera02-300x200.jpg 300w, https:\/\/tucomarca.whitekongsoftware.com\/wp-content\/uploads\/2025\/06\/PP_Naquera02-768x513.jpg 768w, https:\/\/tucomarca.whitekongsoftware.com\/wp-content\/uploads\/2025\/06\/PP_Naquera02-1536x1027.jpg 1536w, https:\/\/tucomarca.whitekongsoftware.com\/wp-content\/uploads\/2025\/06\/PP_Naquera02.jpg 1616w\" sizes=\"auto, (max-width: 1024px) 100vw, 1024px\" \/><\/figure>\n\n\n\n<figure class=\"wp-block-image size-large\"><img loading=\"lazy\" decoding=\"async\" width=\"1024\" height=\"683\" data-id=\"267823\" src=\"https:\/\/www.tucomarca.com\/wordpress\/segunda\/wp-content\/uploads\/2025\/06\/PP_Naquera03-1024x683.jpg\" alt=\"\" class=\"wp-image-267823\" srcset=\"https:\/\/tucomarca.whitekongsoftware.com\/wp-content\/uploads\/2025\/06\/PP_Naquera03-1024x683.jpg 1024w, https:\/\/tucomarca.whitekongsoftware.com\/wp-content\/uploads\/2025\/06\/PP_Naquera03-300x200.jpg 300w, https:\/\/tucomarca.whitekongsoftware.com\/wp-content\/uploads\/2025\/06\/PP_Naquera03-768x512.jpg 768w, https:\/\/tucomarca.whitekongsoftware.com\/wp-content\/uploads\/2025\/06\/PP_Naquera03-1536x1024.jpg 1536w, https:\/\/tucomarca.whitekongsoftware.com\/wp-content\/uploads\/2025\/06\/PP_Naquera03-2048x1366.jpg 2048w\" sizes=\"auto, (max-width: 1024px) 100vw, 1024px\" \/><\/figure>\n\n\n\n<figure class=\"wp-block-image size-large\"><img loading=\"lazy\" decoding=\"async\" width=\"1024\" height=\"683\" data-id=\"267825\" src=\"https:\/\/www.tucomarca.com\/wordpress\/segunda\/wp-content\/uploads\/2025\/06\/PP_Naquera04-1024x683.jpg\" alt=\"\" class=\"wp-image-267825\" srcset=\"https:\/\/tucomarca.whitekongsoftware.com\/wp-content\/uploads\/2025\/06\/PP_Naquera04-1024x683.jpg 1024w, https:\/\/tucomarca.whitekongsoftware.com\/wp-content\/uploads\/2025\/06\/PP_Naquera04-300x200.jpg 300w, https:\/\/tucomarca.whitekongsoftware.com\/wp-content\/uploads\/2025\/06\/PP_Naquera04-768x512.jpg 768w, https:\/\/tucomarca.whitekongsoftware.com\/wp-content\/uploads\/2025\/06\/PP_Naquera04-1536x1024.jpg 1536w, https:\/\/tucomarca.whitekongsoftware.com\/wp-content\/uploads\/2025\/06\/PP_Naquera04-2048x1365.jpg 2048w\" sizes=\"auto, (max-width: 1024px) 100vw, 1024px\" \/><\/figure>\n<\/figure>\n","protected":false},"excerpt":{"rendered":"<div class=\"mh-excerpt\">El president del PP de la prov\u00edncia de Val\u00e8ncia reunix 900 miltantes \u201cals quals els unix una manera de fer pol\u00edtica: la valentia enfront de l&#8217;adversitat\u201d. El comit\u00e9 i a la junta directiva provincial es <a class=\"mh-excerpt-more\" href=\"https:\/\/tucomarca.whitekongsoftware.com\/ca\/mompo-hi-ha-pp-per-a-rato-aci-hi-ha-forca-projecte-i-conviccio\/\" title=\"Momp\u00f3: \u201cHi ha PP per a \u2018rato\u2019, ac\u00ed hi ha for\u00e7a, projecte i convicci\u00f3\u201d\">[+] <\/a><\/div>\n","protected":false},"author":13,"featured_media":267830,"comment_status":"open","ping_status":"open","sticky":false,"template":"","format":"gallery","meta":{"footnotes":""},"categories":[10892,10898,10894,10936,10947,10896],"tags":[10899,11134,11978,11140,11344],"class_list":["post-267832","post","type-post","status-publish","format-gallery","has-post-thumbnail","category-camp-de-turia-ca","category-ventana-ca","category-la-comarca-ca","category-naquera-ca","category-politica","category-seccion-ca","tag-camp-de-turia-ca","tag-naquera-ca","tag-partido-popular-ca","tag-politica-ca","tag-pp-ca","post_format-post-format-gallery"],"_links":{"self":[{"href":"https:\/\/tucomarca.whitekongsoftware.com\/ca\/wp-json\/wp\/v2\/posts\/267832","targetHints":{"allow":["GET"]}}],"collection":[{"href":"https:\/\/tucomarca.whitekongsoftware.com\/ca\/wp-json\/wp\/v2\/posts"}],"about":[{"href":"https:\/\/tucomarca.whitekongsoftware.com\/ca\/wp-json\/wp\/v2\/types\/post"}],"author":[{"embeddable":true,"href":"https:\/\/tucomarca.whitekongsoftware.com\/ca\/wp-json\/wp\/v2\/users\/13"}],"replies":[{"embeddable":true,"href":"https:\/\/tucomarca.whitekongsoftware.com\/ca\/wp-json\/wp\/v2\/comments?post=267832"}],"version-history":[{"count":0,"href":"https:\/\/tucomarca.whitekongsoftware.com\/ca\/wp-json\/wp\/v2\/posts\/267832\/revisions"}],"wp:featuredmedia":[{"embeddable":true,"href":"https:\/\/tucomarca.whitekongsoftware.com\/ca\/wp-json\/wp\/v2\/media\/267830"}],"wp:attachment":[{"href":"https:\/\/tucomarca.whitekongsoftware.com\/ca\/wp-json\/wp\/v2\/media?parent=267832"}],"wp:term":[{"taxonomy":"category","embeddable":true,"href":"https:\/\/tucomarca.whitekongsoftware.com\/ca\/wp-json\/wp\/v2\/categories?post=267832"},{"taxonomy":"post_tag","embeddable":true,"href":"https:\/\/tucomarca.whitekongsoftware.com\/ca\/wp-json\/wp\/v2\/tags?post=267832"}],"curies":[{"name":"wp","href":"https:\/\/api.w.org\/{rel}","templated":true}]}}