{"id":267739,"date":"2025-05-30T08:35:00","date_gmt":"2025-05-30T06:35:00","guid":{"rendered":"https:\/\/www.tucomarca.com\/wordpress\/segunda\/?p=267739"},"modified":"2025-05-30T15:15:59","modified_gmt":"2025-05-30T13:15:59","slug":"la-diputacio-de-valencia-crea-un-calendari-turistic-digital-amb-les-festes-i-esdeveniments-mes-rellevants-de-la-provincia","status":"publish","type":"post","link":"https:\/\/tucomarca.whitekongsoftware.com\/ca\/la-diputacio-de-valencia-crea-un-calendari-turistic-digital-amb-les-festes-i-esdeveniments-mes-rellevants-de-la-provincia\/","title":{"rendered":"La Diputaci\u00f3 de Val\u00e8ncia crea un calendari tur\u00edstic digital amb les festes i esdeveniments m\u00e9s rellevants de la prov\u00edncia"},"content":{"rendered":"\n<h3 class=\"wp-block-heading\">L&#8217;\u00e0rea de Turisme que dirigix el diputat Pedro Cuesta informa en el document albergat en la seua p\u00e0gina web sobre tots els esdeveniments que puguen ser d&#8217;inter\u00e9s tant per a la poblaci\u00f3 local com per als turistes.<\/h3>\n\n\n<div class=\"wp-block-image\">\n<figure class=\"alignleft size-large is-resized\"><img loading=\"lazy\" decoding=\"async\" width=\"591\" height=\"1024\" src=\"http:\/\/www.tucomarca.com\/wordpress\/segunda\/wp-content\/uploads\/2025\/05\/TurismeCalendario-591x1024.jpeg\" alt=\"\" class=\"wp-image-267736\" style=\"width:364px;height:auto\" srcset=\"https:\/\/tucomarca.whitekongsoftware.com\/wp-content\/uploads\/2025\/05\/TurismeCalendario-591x1024.jpeg 591w, https:\/\/tucomarca.whitekongsoftware.com\/wp-content\/uploads\/2025\/05\/TurismeCalendario-173x300.jpeg 173w, https:\/\/tucomarca.whitekongsoftware.com\/wp-content\/uploads\/2025\/05\/TurismeCalendario-768x1332.jpeg 768w, https:\/\/tucomarca.whitekongsoftware.com\/wp-content\/uploads\/2025\/05\/TurismeCalendario-886x1536.jpeg 886w, https:\/\/tucomarca.whitekongsoftware.com\/wp-content\/uploads\/2025\/05\/TurismeCalendario.jpeg 1181w\" sizes=\"auto, (max-width: 591px) 100vw, 591px\" \/><\/figure>\n<\/div>\n\n\n<p class=\"wp-block-paragraph\">La Diputaci\u00f3 de Val\u00e8ncia, a trav\u00e9s del Centre de Turisme i Esports que dirigix el diputat Pedro Cuesta, ha editat un calendari tur\u00edstic digital de la prov\u00edncia, que arreplega les festes i esdeveniments m\u00e9s significatius que tenen lloc en els municipis valencians, de cara a la dinamitzaci\u00f3 de visitants i turistes pel territori, amb la finalitat de ser \u201cun document informatiu pr\u00e0ctic, \u00fatil i viu, que s&#8217;anir\u00e0 complementant, enriquint i actualitzant progressivament\u201d, segons ha destacat el responsable de Turisme, Pedro Cuesta.&nbsp;<\/p>\n\n\n\n<p class=\"wp-block-paragraph\">El document, albergat en la p\u00e0gina de l&#8217;\u00e0rea de Turisme de la Diputaci\u00f3 www.turisme.dival.es, \u201csorgix amb la finalitat d&#8217;informar de les celebracions i esdeveniments previstos en els municipis de la prov\u00edncia de Val\u00e8ncia durant l&#8217;exercici vigent, que poden ser d&#8217;inter\u00e9s tant per a la poblaci\u00f3 resident que vulga visitar o con\u00e9ixer altres localitats ve\u00efnes, com per als turistes que venen al nostre territori\u201d, ha explicat Cuesta.<\/p>\n\n\n\n<p class=\"wp-block-paragraph\">La informaci\u00f3 continguda en el calendari ha sigut aportada pels ajuntaments, associacions i entitats de la prov\u00edncia, i podr\u00e0 ser ampliada amb noves contribucions. Els seus esdeveniments estan relacionats amb la cultura, la gastronomia, l&#8217;enologia, l&#8217;activitat esportiva i les tradicions locals, ja siguen permanents en el temps o de car\u00e0cter ef\u00edmer durant l&#8217;exercici en curs.&nbsp;<\/p>\n\n\n\n<p class=\"wp-block-paragraph\">\u201cPret\u00e9n ser una ferramenta dinamitzadora, que aporte coneixement i projecci\u00f3 dels nostres municipis i les seues singularitats, alhora que incite a visitar les localitats. En definitiva, que promocione tota la riquesa de la prov\u00edncia de Val\u00e8ncia\u201d, ha concl\u00f2s el responsable provincial.<\/p>\n","protected":false},"excerpt":{"rendered":"<div class=\"mh-excerpt\">L&#8217;\u00e0rea de Turisme que dirigix el diputat Pedro Cuesta informa en el document albergat en la seua p\u00e0gina web sobre tots els esdeveniments que puguen ser d&#8217;inter\u00e9s tant per a la poblaci\u00f3 local com per <a class=\"mh-excerpt-more\" href=\"https:\/\/tucomarca.whitekongsoftware.com\/ca\/la-diputacio-de-valencia-crea-un-calendari-turistic-digital-amb-les-festes-i-esdeveniments-mes-rellevants-de-la-provincia\/\" title=\"La Diputaci\u00f3 de Val\u00e8ncia crea un calendari tur\u00edstic digital amb les festes i esdeveniments m\u00e9s rellevants de la prov\u00edncia\">[+] <\/a><\/div>\n","protected":false},"author":12,"featured_media":267737,"comment_status":"open","ping_status":"open","sticky":false,"template":"","format":"standard","meta":{"footnotes":""},"categories":[10894,10904,11007,10896],"tags":[11246,18066],"class_list":["post-267739","post","type-post","status-publish","format-standard","has-post-thumbnail","category-la-comarca-ca","category-sin-categorizar-ca","category-ocio-y-cultura-ca","category-seccion-ca","tag-diputacio-de-valencia-ca","tag-valencia-turisme-2-ca"],"_links":{"self":[{"href":"https:\/\/tucomarca.whitekongsoftware.com\/ca\/wp-json\/wp\/v2\/posts\/267739","targetHints":{"allow":["GET"]}}],"collection":[{"href":"https:\/\/tucomarca.whitekongsoftware.com\/ca\/wp-json\/wp\/v2\/posts"}],"about":[{"href":"https:\/\/tucomarca.whitekongsoftware.com\/ca\/wp-json\/wp\/v2\/types\/post"}],"author":[{"embeddable":true,"href":"https:\/\/tucomarca.whitekongsoftware.com\/ca\/wp-json\/wp\/v2\/users\/12"}],"replies":[{"embeddable":true,"href":"https:\/\/tucomarca.whitekongsoftware.com\/ca\/wp-json\/wp\/v2\/comments?post=267739"}],"version-history":[{"count":0,"href":"https:\/\/tucomarca.whitekongsoftware.com\/ca\/wp-json\/wp\/v2\/posts\/267739\/revisions"}],"wp:featuredmedia":[{"embeddable":true,"href":"https:\/\/tucomarca.whitekongsoftware.com\/ca\/wp-json\/wp\/v2\/media\/267737"}],"wp:attachment":[{"href":"https:\/\/tucomarca.whitekongsoftware.com\/ca\/wp-json\/wp\/v2\/media?parent=267739"}],"wp:term":[{"taxonomy":"category","embeddable":true,"href":"https:\/\/tucomarca.whitekongsoftware.com\/ca\/wp-json\/wp\/v2\/categories?post=267739"},{"taxonomy":"post_tag","embeddable":true,"href":"https:\/\/tucomarca.whitekongsoftware.com\/ca\/wp-json\/wp\/v2\/tags?post=267739"}],"curies":[{"name":"wp","href":"https:\/\/api.w.org\/{rel}","templated":true}]}}