{"id":267625,"date":"2025-05-29T12:15:00","date_gmt":"2025-05-29T10:15:00","guid":{"rendered":"https:\/\/www.tucomarca.com\/wordpress\/segunda\/?p=267625"},"modified":"2025-05-29T19:37:05","modified_gmt":"2025-05-29T17:37:05","slug":"ava-asaja-denuncia-lassalt-a-una-caseta-de-reg-a-xest-impedeix-regar-els-citric","status":"publish","type":"post","link":"https:\/\/tucomarca.whitekongsoftware.com\/ca\/ava-asaja-denuncia-lassalt-a-una-caseta-de-reg-a-xest-impedeix-regar-els-citric\/","title":{"rendered":"AVA-Asaja den\u00fancia l&#8217;assalt a una caseta de reg a Xest impedeix regar els c\u00edtric"},"content":{"rendered":"\n<h3 class=\"wp-block-heading\">L&#8217;associaci\u00f3 lamenta \u201cel drama que mai acaba\u201d i reclama m\u00e9s vigil\u00e0ncia davant uns robatoris agraris que l&#8217;any passat van deixar p\u00e8rdues valorades en 30 milions.<\/h3>\n\n\n\n<p class=\"wp-block-paragraph\">L&#8217;Associaci\u00f3 Valenciana d&#8217;Agricultors (AVA-Asaja) den\u00fancia l&#8217;assalt a una caseta de reg situada en una explotaci\u00f3 de c\u00edtrics de Xest, en la Foia de Bunyol, i que ha provocat que s&#8217;impedisquen regar les plantacions fins que no es reparen les instal\u00b7lacions inutilitzades. Els lladres van for\u00e7ar l&#8217;entrada i es van emportar cablejat de coure de la maquin\u00e0ria, aix\u00ed com de la bateria que subministra energia el\u00e8ctrica per a bombar l&#8217;aigua.<br>Jos\u00e9 Antonio Ruiz, afectat pel robatori i delegat de AVA-Asaja a Xest, declara que \u201cels assaltants solen acudir a robar en les casetes de reg on hi ha plaques solars, ja que dins hi ha m\u00e9s probabilitats de trobar material susceptible de ser sostret i venut. Els b\u00e9ns robats tenen poc valor en el mercat negre, encara que el problema real \u00e9s la impossibilitat de poder regar just quan ja afrontem moments de la campanya amb altes temperatures\u201d, assegura Ruiz.<\/p>\n\n\n\n<p class=\"wp-block-paragraph\">El modus operandi s&#8217;assembla a bona part dels robatoris que van oc\u00f3rrer l&#8217;any passat i que van generar p\u00e8rdues superiors als 30 milions d&#8217;euros, segons els c\u00e0lculs de AVA-Asaja. Malgrat que els agricultors instal\u00b7len sistemes de seguretat, com a alarmes o cambres, aix\u00f2 no impedeix que els lladres forcen l&#8217;entrada i accedisquen a les instal\u00b7lacions de reg per a aconseguir coure i altres materials de venda r\u00e0pida i f\u00e0cil.<\/p>\n\n\n\n<p class=\"wp-block-paragraph\">Crist\u00f3bal Aguado, president de AVA-Asaja, reitera a les administracions \u201cla intensificaci\u00f3 de la vigil\u00e0ncia en les explotacions agropecu\u00e0ries i en els centres de recepci\u00f3 de les mercaderies robades\u201d. A m\u00e9s, sol\u00b7licita un enduriment del Codi Penal per a imposar penes m\u00e9s severes enfront de l&#8217;acumulaci\u00f3 de furts en el medi rural. El dirigent agrari manifesta que \u201cla majoria dels agricultors consideren que les den\u00fancies s\u00f3n una p\u00e8rdua de temps, ja que els afectats que les interposen solen fer-ho per a percebre la indemnitzaci\u00f3 del segur i demana reduir les traves burocr\u00e0tiques per a agilitzar la seua interposici\u00f3. Es roba molt\u00edssim m\u00e9s del que es denuncia\u201d.<\/p>\n","protected":false},"excerpt":{"rendered":"<div class=\"mh-excerpt\">L&#8217;associaci\u00f3 lamenta \u201cel drama que mai acaba\u201d i reclama m\u00e9s vigil\u00e0ncia davant uns robatoris agraris que l&#8217;any passat van deixar p\u00e8rdues valorades en 30 milions. L&#8217;Associaci\u00f3 Valenciana d&#8217;Agricultors (AVA-Asaja) den\u00fancia l&#8217;assalt a una caseta de <a class=\"mh-excerpt-more\" href=\"https:\/\/tucomarca.whitekongsoftware.com\/ca\/ava-asaja-denuncia-lassalt-a-una-caseta-de-reg-a-xest-impedeix-regar-els-citric\/\" title=\"AVA-Asaja den\u00fancia l&#8217;assalt a una caseta de reg a Xest impedeix regar els c\u00edtric\">[+] <\/a><\/div>\n","protected":false},"author":12,"featured_media":267624,"comment_status":"open","ping_status":"open","sticky":false,"template":"","format":"standard","meta":{"footnotes":""},"categories":[10905,10948,10894,10912,10903,10947,10896,10897,10974],"tags":[11924,11071,10914],"class_list":["post-267625","post","type-post","status-publish","format-standard","has-post-thumbnail","category-agricultura-la-comarca-ca","category-infraestructuras-ca","category-la-comarca-ca","category-la-hoya-ca","category-medio-ambiente-la-comarca-ca","category-politica","category-seccion-ca","category-sucesos-la-comarca-ca","category-cheste-ca","tag-ava-asaja-ca","tag-cheste","tag-la-hoya-de-bunol-chiva-ca"],"_links":{"self":[{"href":"https:\/\/tucomarca.whitekongsoftware.com\/ca\/wp-json\/wp\/v2\/posts\/267625","targetHints":{"allow":["GET"]}}],"collection":[{"href":"https:\/\/tucomarca.whitekongsoftware.com\/ca\/wp-json\/wp\/v2\/posts"}],"about":[{"href":"https:\/\/tucomarca.whitekongsoftware.com\/ca\/wp-json\/wp\/v2\/types\/post"}],"author":[{"embeddable":true,"href":"https:\/\/tucomarca.whitekongsoftware.com\/ca\/wp-json\/wp\/v2\/users\/12"}],"replies":[{"embeddable":true,"href":"https:\/\/tucomarca.whitekongsoftware.com\/ca\/wp-json\/wp\/v2\/comments?post=267625"}],"version-history":[{"count":0,"href":"https:\/\/tucomarca.whitekongsoftware.com\/ca\/wp-json\/wp\/v2\/posts\/267625\/revisions"}],"wp:featuredmedia":[{"embeddable":true,"href":"https:\/\/tucomarca.whitekongsoftware.com\/ca\/wp-json\/wp\/v2\/media\/267624"}],"wp:attachment":[{"href":"https:\/\/tucomarca.whitekongsoftware.com\/ca\/wp-json\/wp\/v2\/media?parent=267625"}],"wp:term":[{"taxonomy":"category","embeddable":true,"href":"https:\/\/tucomarca.whitekongsoftware.com\/ca\/wp-json\/wp\/v2\/categories?post=267625"},{"taxonomy":"post_tag","embeddable":true,"href":"https:\/\/tucomarca.whitekongsoftware.com\/ca\/wp-json\/wp\/v2\/tags?post=267625"}],"curies":[{"name":"wp","href":"https:\/\/api.w.org\/{rel}","templated":true}]}}