{"id":267472,"date":"2025-05-29T10:00:00","date_gmt":"2025-05-29T08:00:00","guid":{"rendered":"https:\/\/www.tucomarca.com\/wordpress\/segunda\/?p=267472"},"modified":"2025-05-29T10:17:13","modified_gmt":"2025-05-29T08:17:13","slug":"millares-celebra-aquest-dissabte-la-seua-viii-ruta-de-la-tapa","status":"publish","type":"post","link":"https:\/\/tucomarca.whitekongsoftware.com\/ca\/millares-celebra-aquest-dissabte-la-seua-viii-ruta-de-la-tapa\/","title":{"rendered":"Millares celebra aquest dissabte la seua VIII Ruta de la Tapa"},"content":{"rendered":"\n<p class=\"wp-block-paragraph\">Millares celebra aquest dissabte, 31 de maig, la VIII Ruta de la Tapa, una de les activitats gastron\u00f2miques m\u00e9s esperades del municipi. A partir de les 19.00 hores, ve\u00efns i visitants recorreran els bars del poble degustant una variada oferta de tapes especialment preparades per a l&#8217;ocasi\u00f3.<\/p>\n\n\n<div class=\"wp-block-image\">\n<figure class=\"alignleft size-large is-resized\"><img loading=\"lazy\" decoding=\"async\" width=\"724\" height=\"1024\" src=\"http:\/\/www.tucomarca.com\/wordpress\/segunda\/wp-content\/uploads\/2025\/05\/MillaresRutaTapa-724x1024.jpg\" alt=\"\" class=\"wp-image-267468\" style=\"width:397px;height:auto\" srcset=\"https:\/\/tucomarca.whitekongsoftware.com\/wp-content\/uploads\/2025\/05\/MillaresRutaTapa-724x1024.jpg 724w, https:\/\/tucomarca.whitekongsoftware.com\/wp-content\/uploads\/2025\/05\/MillaresRutaTapa-212x300.jpg 212w, https:\/\/tucomarca.whitekongsoftware.com\/wp-content\/uploads\/2025\/05\/MillaresRutaTapa-768x1087.jpg 768w, https:\/\/tucomarca.whitekongsoftware.com\/wp-content\/uploads\/2025\/05\/MillaresRutaTapa-1085x1536.jpg 1085w, https:\/\/tucomarca.whitekongsoftware.com\/wp-content\/uploads\/2025\/05\/MillaresRutaTapa.jpg 1447w\" sizes=\"auto, (max-width: 724px) 100vw, 724px\" \/><\/figure>\n<\/div>\n\n\n<p class=\"wp-block-paragraph\">Participen en aquesta edici\u00f3 el Mes\u00f3n Boro\u2019s, el Bar Alegria de la Huerta i el Bar La Plaza, que ofereixen als comensals propostes originals que combinen tradici\u00f3 i creativitat. L&#8217;ambient als carrers \u00e9s festiu i acollidor, amb una notable aflu\u00e8ncia de p\u00fablic que recolza aquesta iniciativa local.<\/p>\n\n\n\n<p class=\"wp-block-paragraph\">La jornada est\u00e0 organitzada per la Regidoria de Festes i Tradicions Locals de l&#8217;Ajuntament de Millars, amb l&#8217;objectiu de dinamitzar la vida social del municipi, fer costat al sector hostaler i posar en valor la cultura culin\u00e0ria de la zona.<\/p>\n\n\n\n<p class=\"wp-block-paragraph\">Amb cada edici\u00f3, la Ruta de la Tapa es consolida com una cita clau per al gaudi i la promoci\u00f3 de Millars.<\/p>\n","protected":false},"excerpt":{"rendered":"<div class=\"mh-excerpt\">Millares celebra aquest dissabte, 31 de maig, la VIII Ruta de la Tapa, una de les activitats gastron\u00f2miques m\u00e9s esperades del municipi. A partir de les 19.00 hores, ve\u00efns i visitants recorreran els bars del <a class=\"mh-excerpt-more\" href=\"https:\/\/tucomarca.whitekongsoftware.com\/ca\/millares-celebra-aquest-dissabte-la-seua-viii-ruta-de-la-tapa\/\" title=\"Millares celebra aquest dissabte la seua VIII Ruta de la Tapa\">[+] <\/a><\/div>\n","protected":false},"author":12,"featured_media":267469,"comment_status":"open","ping_status":"open","sticky":false,"template":"","format":"standard","meta":{"footnotes":""},"categories":[11019,10963,10894,10970,11007,10896],"tags":[11094,11186,22496],"class_list":["post-267472","post","type-post","status-publish","format-standard","has-post-thumbnail","category-agenda-ca","category-la-canal-de-navarres-ca","category-la-comarca-ca","category-millares-ca","category-ocio-y-cultura-ca","category-seccion-ca","tag-la-canal-de-navarres","tag-millares-ca","tag-viii-ruta-de-la-tapa-ca"],"_links":{"self":[{"href":"https:\/\/tucomarca.whitekongsoftware.com\/ca\/wp-json\/wp\/v2\/posts\/267472","targetHints":{"allow":["GET"]}}],"collection":[{"href":"https:\/\/tucomarca.whitekongsoftware.com\/ca\/wp-json\/wp\/v2\/posts"}],"about":[{"href":"https:\/\/tucomarca.whitekongsoftware.com\/ca\/wp-json\/wp\/v2\/types\/post"}],"author":[{"embeddable":true,"href":"https:\/\/tucomarca.whitekongsoftware.com\/ca\/wp-json\/wp\/v2\/users\/12"}],"replies":[{"embeddable":true,"href":"https:\/\/tucomarca.whitekongsoftware.com\/ca\/wp-json\/wp\/v2\/comments?post=267472"}],"version-history":[{"count":0,"href":"https:\/\/tucomarca.whitekongsoftware.com\/ca\/wp-json\/wp\/v2\/posts\/267472\/revisions"}],"wp:featuredmedia":[{"embeddable":true,"href":"https:\/\/tucomarca.whitekongsoftware.com\/ca\/wp-json\/wp\/v2\/media\/267469"}],"wp:attachment":[{"href":"https:\/\/tucomarca.whitekongsoftware.com\/ca\/wp-json\/wp\/v2\/media?parent=267472"}],"wp:term":[{"taxonomy":"category","embeddable":true,"href":"https:\/\/tucomarca.whitekongsoftware.com\/ca\/wp-json\/wp\/v2\/categories?post=267472"},{"taxonomy":"post_tag","embeddable":true,"href":"https:\/\/tucomarca.whitekongsoftware.com\/ca\/wp-json\/wp\/v2\/tags?post=267472"}],"curies":[{"name":"wp","href":"https:\/\/api.w.org\/{rel}","templated":true}]}}