{"id":267354,"date":"2025-05-28T11:30:00","date_gmt":"2025-05-28T09:30:00","guid":{"rendered":"https:\/\/www.tucomarca.com\/wordpress\/segunda\/?p=267354"},"modified":"2025-05-28T14:53:21","modified_gmt":"2025-05-28T12:53:21","slug":"xest-rebra-mes-dun-milio-deuros-en-ajudes-del-govern-per-a-la-reparacio-dinfraestructures-del-cicle-de-laigua-danyades-per-la-dana","status":"publish","type":"post","link":"https:\/\/tucomarca.whitekongsoftware.com\/ca\/xest-rebra-mes-dun-milio-deuros-en-ajudes-del-govern-per-a-la-reparacio-dinfraestructures-del-cicle-de-laigua-danyades-per-la-dana\/","title":{"rendered":"Xest rebr\u00e0 m\u00e9s d&#8217;un mili\u00f3 d&#8217;euros en ajudes del Govern per a la reparaci\u00f3 d&#8217;infraestructures del cicle de l&#8217;aigua danyades per la DANA"},"content":{"rendered":"\n<p class=\"wp-block-paragraph\">Dilluns passat, 26 de maig, el secretari d&#8217;Estat de medi ambient, Hugo Mor\u00e1n, es va reunir amb representants d&#8217;entitats operadores del cicle integral de l&#8217;aigua i amb alcaldes de municipis afectats per la DANA amb l&#8217;objectiu de presentar i coordinar la tramitaci\u00f3 de les ajudes previstes, de car\u00e0cter extraordinari, destinades a la reparaci\u00f3 i adequaci\u00f3 d&#8217;infraestructures essencials de prove\u00efment, sanejament i depuraci\u00f3 d&#8217;aig\u00fces que es van veure danyades per la DANA del passat 29 d&#8217;octubre.<\/p>\n\n\n\n<p class=\"wp-block-paragraph\"><strong>Actuacions a Xest<\/strong><\/p>\n\n\n\n<p class=\"wp-block-paragraph\">En la resoluci\u00f3 de les ajudes, sotmesa a informaci\u00f3 p\u00fablica fins al pr\u00f2xim 9 de juny, es detalla la relaci\u00f3 d&#8217;entitats gestores dels serveis de prove\u00efment, sanejament i depuraci\u00f3, especificant en cada cas les infraestructures danyades per la DANA i la quantia provisional de l&#8217;ajuda a rebre. En el cas de Xest, es contemplen 1.115.307,52 euros en ajudes per a prove\u00efment, sanejament i depuraci\u00f3, sent aquest \u00faltim punt al qual es destinaria m\u00e9s de la meitat de la subvenci\u00f3, amb c\u00e0rrec a la EPSAR i a l&#8217;Empresa General Valenciana de l&#8217;Aigua.<\/p>\n\n\n\n<p class=\"wp-block-paragraph\">A la trobada, celebrat en la seu de la Confederaci\u00f3 Hidrogr\u00e0fica del X\u00faquer, va assistir l&#8217;alcalde Xest, Jos\u00e9 Morell. \u201cA Xest, l&#8217;import de les ajudes del Ministeri de Transici\u00f3 Ecol\u00f2gica per a reparar infraestructures d&#8217;aigua afectades per la DANA anir\u00e0 destinat a reparar la depuradora i el final del col\u00b7lector del barranc Silleta, entre altres actuacions\u201d, ha explicat Morell.<\/p>\n\n\n\n<p class=\"wp-block-paragraph\"><strong>Terminis<\/strong><\/p>\n\n\n\n<p class=\"wp-block-paragraph\">Una vegada s&#8217;hagen resolt les al\u00b7legacions i obtinguts els informes preceptius, el Ministeri procedir\u00e0 a la signatura de la resoluci\u00f3 final i al pagament anticipat del 100% de l&#8217;import assignat a les entitats benefici\u00e0ries. Segons la previsi\u00f3 del Govern, els pagaments es realitzaran abans de finalitzar el mes de juny i el termini per a l&#8217;execuci\u00f3 ser\u00e0 de 48 mesos despr\u00e9s de la signatura de la resoluci\u00f3.<\/p>\n","protected":false},"excerpt":{"rendered":"<div class=\"mh-excerpt\">Dilluns passat, 26 de maig, el secretari d&#8217;Estat de medi ambient, Hugo Mor\u00e1n, es va reunir amb representants d&#8217;entitats operadores del cicle integral de l&#8217;aigua i amb alcaldes de municipis afectats per la DANA amb <a class=\"mh-excerpt-more\" href=\"https:\/\/tucomarca.whitekongsoftware.com\/ca\/xest-rebra-mes-dun-milio-deuros-en-ajudes-del-govern-per-a-la-reparacio-dinfraestructures-del-cicle-de-laigua-danyades-per-la-dana\/\" title=\"Xest rebr\u00e0 m\u00e9s d&#8217;un mili\u00f3 d&#8217;euros en ajudes del Govern per a la reparaci\u00f3 d&#8217;infraestructures del cicle de l&#8217;aigua danyades per la DANA\">[+] <\/a><\/div>\n","protected":false},"author":12,"featured_media":258357,"comment_status":"open","ping_status":"open","sticky":false,"template":"","format":"standard","meta":{"footnotes":""},"categories":[21466,10898,10948,10894,10904,10912,10903,10947,10896,10897,10974],"tags":[22489,11071,15409,10914],"class_list":["post-267354","post","type-post","status-publish","format-standard","has-post-thumbnail","category-dana-ca","category-ventana-ca","category-infraestructuras-ca","category-la-comarca-ca","category-sin-categorizar-ca","category-la-hoya-ca","category-medio-ambiente-la-comarca-ca","category-politica","category-seccion-ca","category-sucesos-la-comarca-ca","category-cheste-ca","tag-ayudas-del-gobierno-ca","tag-cheste","tag-dana-2-ca","tag-la-hoya-de-bunol-chiva-ca"],"_links":{"self":[{"href":"https:\/\/tucomarca.whitekongsoftware.com\/ca\/wp-json\/wp\/v2\/posts\/267354","targetHints":{"allow":["GET"]}}],"collection":[{"href":"https:\/\/tucomarca.whitekongsoftware.com\/ca\/wp-json\/wp\/v2\/posts"}],"about":[{"href":"https:\/\/tucomarca.whitekongsoftware.com\/ca\/wp-json\/wp\/v2\/types\/post"}],"author":[{"embeddable":true,"href":"https:\/\/tucomarca.whitekongsoftware.com\/ca\/wp-json\/wp\/v2\/users\/12"}],"replies":[{"embeddable":true,"href":"https:\/\/tucomarca.whitekongsoftware.com\/ca\/wp-json\/wp\/v2\/comments?post=267354"}],"version-history":[{"count":0,"href":"https:\/\/tucomarca.whitekongsoftware.com\/ca\/wp-json\/wp\/v2\/posts\/267354\/revisions"}],"wp:featuredmedia":[{"embeddable":true,"href":"https:\/\/tucomarca.whitekongsoftware.com\/ca\/wp-json\/wp\/v2\/media\/258357"}],"wp:attachment":[{"href":"https:\/\/tucomarca.whitekongsoftware.com\/ca\/wp-json\/wp\/v2\/media?parent=267354"}],"wp:term":[{"taxonomy":"category","embeddable":true,"href":"https:\/\/tucomarca.whitekongsoftware.com\/ca\/wp-json\/wp\/v2\/categories?post=267354"},{"taxonomy":"post_tag","embeddable":true,"href":"https:\/\/tucomarca.whitekongsoftware.com\/ca\/wp-json\/wp\/v2\/tags?post=267354"}],"curies":[{"name":"wp","href":"https:\/\/api.w.org\/{rel}","templated":true}]}}