{"id":267326,"date":"2025-05-28T08:30:00","date_gmt":"2025-05-28T06:30:00","guid":{"rendered":"https:\/\/www.tucomarca.com\/wordpress\/segunda\/?p=267326"},"modified":"2025-05-28T14:40:24","modified_gmt":"2025-05-28T12:40:24","slug":"la-mancomunitat-foia-de-bunyol-xiva-aposta-pel-turisme-com-a-motor-de-desenvolupament-rural-i-presenta-les-seues-propostes-a-la-diputacio-de-valencia","status":"publish","type":"post","link":"https:\/\/tucomarca.whitekongsoftware.com\/ca\/la-mancomunitat-foia-de-bunyol-xiva-aposta-pel-turisme-com-a-motor-de-desenvolupament-rural-i-presenta-les-seues-propostes-a-la-diputacio-de-valencia\/","title":{"rendered":"La Mancomunitat Foia de Bunyol Xiva aposta pel turisme com a motor de desenvolupament rural i presenta les seues propostes a la Diputaci\u00f3 de Val\u00e8ncia"},"content":{"rendered":"\n<p class=\"wp-block-paragraph\">La Mancomunitat refor\u00e7a la seua estrat\u00e8gia per a dinamitzar l&#8217;interior amb iniciatives centrades en sostenibilitat, proximitat i posada en valor del patrimoni natural i gastron\u00f2mic.<\/p>\n\n\n\n<p class=\"wp-block-paragraph\">La Mancomunitat Foia de Bunyol Xiva ha fet un nou pas en la seua estrat\u00e8gia per a posicionar-se com a dest\u00ed de turisme d&#8217;interior. El president de l&#8217;entitat i alcalde de Dosaig\u00fces, Toni D\u00edaz, acompanyat per la vicepresidenta i alcaldessa de Godelleta, Amparo Pardo, ha presentat al diputat de Turisme de la Diputaci\u00f3 de Val\u00e8ncia, Pedro Cuesta, una bateria de propostes dissenyades per a dinamitzar el sector tur\u00edstic a la comarca.<\/p>\n\n\n\n<p class=\"wp-block-paragraph\">Durant la trobada, celebrat en la seu de la Diputaci\u00f3, es van abordar diferents l\u00ednies de col\u00b7laboraci\u00f3 que permeten refor\u00e7ar la identitat tur\u00edstica del territori, una zona amb un alt potencial per la seua proximitat a la ciutat de Val\u00e8ncia i per comptar amb un entorn natural privilegiat i una gastronomia singular.<\/p>\n\n\n\n<p class=\"wp-block-paragraph\">\u201cLa uni\u00f3 dels municipis entorn de la Mancomunitat ens permet afrontar els reptes de futur amb una visi\u00f3 compartida. El turisme \u00e9s una palanca clau per al desenvolupament local i la generaci\u00f3 d&#8217;oportunitats\u201d, ha destacat Toni D\u00edaz.<\/p>\n\n\n\n<p class=\"wp-block-paragraph\">Aquesta reuni\u00f3 s&#8217;emmarca en la l\u00ednia de treball oberta per la Mancomunitat, que ja ha mantingut trobades amb les \u00e0rees de Desenvolupament Rural i Serveis Socials de la Diputaci\u00f3. L&#8217;objectiu \u00e9s donar a con\u00e9ixer les necessitats reals del territori i coordinar pol\u00edtiques supramunicipals que impulsen el creixement equilibrat de la comarca.<\/p>\n\n\n\n<p class=\"wp-block-paragraph\">La iniciativa entronca amb l&#8217;estrat\u00e8gia de la Diputaci\u00f3 de Val\u00e8ncia en mat\u00e8ria de turisme d&#8217;interior, centrada en promoure destins sostenibles, de proximitat i amb identitat pr\u00f2pia. Una aposta que busca diversificar l&#8217;oferta tur\u00edstica provincial, atraure visitants a zones menys massificades i refor\u00e7ar el teixit econ\u00f2mic de les comarques rurals.<\/p>\n\n\n\n<p class=\"wp-block-paragraph\">La Foia de Bu\u00f1olChiva es postula aix\u00ed com un dest\u00ed emergent que, a menys d&#8217;una hora de Val\u00e8ncia capital, combina naturalesa, tradici\u00f3 i autenticitat en un entorn per descobrir.<\/p>\n","protected":false},"excerpt":{"rendered":"<div class=\"mh-excerpt\">La Mancomunitat refor\u00e7a la seua estrat\u00e8gia per a dinamitzar l&#8217;interior amb iniciatives centrades en sostenibilitat, proximitat i posada en valor del patrimoni natural i gastron\u00f2mic. La Mancomunitat Foia de Bunyol Xiva ha fet un nou <a class=\"mh-excerpt-more\" href=\"https:\/\/tucomarca.whitekongsoftware.com\/ca\/la-mancomunitat-foia-de-bunyol-xiva-aposta-pel-turisme-com-a-motor-de-desenvolupament-rural-i-presenta-les-seues-propostes-a-la-diputacio-de-valencia\/\" title=\"La Mancomunitat Foia de Bunyol Xiva aposta pel turisme com a motor de desenvolupament rural i presenta les seues propostes a la Diputaci\u00f3 de Val\u00e8ncia\">[+] <\/a><\/div>\n","protected":false},"author":12,"featured_media":267324,"comment_status":"open","ping_status":"open","sticky":false,"template":"","format":"standard","meta":{"footnotes":""},"categories":[10973,10911,10976,10977,10980,10948,10894,10912,10978,10947,10979,10974,10975],"tags":[22487,10914,11106],"class_list":["post-267326","post","type-post","status-publish","format-standard","has-post-thumbnail","category-alborache-ca","category-bunol-ca","category-dos-aguas-ca","category-godelleta-ca","category-yatova-ca","category-infraestructuras-ca","category-la-comarca-ca","category-la-hoya-ca","category-macastre-ca","category-politica","category-siete-aguas-ca","category-cheste-ca","category-chiva-ca","tag-desarrollo-ca","tag-la-hoya-de-bunol-chiva-ca","tag-mancomunidad-hoya-de-bunol-chiva-ca"],"_links":{"self":[{"href":"https:\/\/tucomarca.whitekongsoftware.com\/ca\/wp-json\/wp\/v2\/posts\/267326","targetHints":{"allow":["GET"]}}],"collection":[{"href":"https:\/\/tucomarca.whitekongsoftware.com\/ca\/wp-json\/wp\/v2\/posts"}],"about":[{"href":"https:\/\/tucomarca.whitekongsoftware.com\/ca\/wp-json\/wp\/v2\/types\/post"}],"author":[{"embeddable":true,"href":"https:\/\/tucomarca.whitekongsoftware.com\/ca\/wp-json\/wp\/v2\/users\/12"}],"replies":[{"embeddable":true,"href":"https:\/\/tucomarca.whitekongsoftware.com\/ca\/wp-json\/wp\/v2\/comments?post=267326"}],"version-history":[{"count":0,"href":"https:\/\/tucomarca.whitekongsoftware.com\/ca\/wp-json\/wp\/v2\/posts\/267326\/revisions"}],"wp:featuredmedia":[{"embeddable":true,"href":"https:\/\/tucomarca.whitekongsoftware.com\/ca\/wp-json\/wp\/v2\/media\/267324"}],"wp:attachment":[{"href":"https:\/\/tucomarca.whitekongsoftware.com\/ca\/wp-json\/wp\/v2\/media?parent=267326"}],"wp:term":[{"taxonomy":"category","embeddable":true,"href":"https:\/\/tucomarca.whitekongsoftware.com\/ca\/wp-json\/wp\/v2\/categories?post=267326"},{"taxonomy":"post_tag","embeddable":true,"href":"https:\/\/tucomarca.whitekongsoftware.com\/ca\/wp-json\/wp\/v2\/tags?post=267326"}],"curies":[{"name":"wp","href":"https:\/\/api.w.org\/{rel}","templated":true}]}}