{"id":267131,"date":"2025-05-27T11:30:00","date_gmt":"2025-05-27T09:30:00","guid":{"rendered":"https:\/\/www.tucomarca.com\/wordpress\/segunda\/?p=267131"},"modified":"2025-05-27T12:13:02","modified_gmt":"2025-05-27T10:13:02","slug":"benaguasil-reforca-la-seguretat-viaria-amb-la-installacio-dun-pas-de-vianants-intelligent-i-un-radar-pedagogic","status":"publish","type":"post","link":"https:\/\/tucomarca.whitekongsoftware.com\/ca\/benaguasil-reforca-la-seguretat-viaria-amb-la-installacio-dun-pas-de-vianants-intelligent-i-un-radar-pedagogic\/","title":{"rendered":"Benaguasil refor\u00e7a la seguretat vi\u00e0ria amb la instal\u00b7laci\u00f3 d&#8217;un pas de vianants intel\u00b7ligent i un radar pedag\u00f2gic"},"content":{"rendered":"\n<h3 class=\"wp-block-heading\">L&#8217;actuaci\u00f3 s&#8217;emmarca dins del Pla Reacciona de la Diputaci\u00f3 de Val\u00e8ncia.<\/h3>\n\n\n\n<p class=\"wp-block-paragraph\">El municipi de Benaguasil compta amb el primer pas de vianants intel\u00b7ligent i radar pedag\u00f2gic, que ha instal\u00b7lat l&#8217;Ajuntament, a trav\u00e9s de la regidoria de Seguretat, al carrer Pedralba, amb l&#8217;objectiu de millorar la seguretat d&#8217;acc\u00e9s al centre educatiu Asunci\u00f3n de vianants i conductors.<br>El nou pas per als vianants funciona amb tecnologia led i est\u00e0 format per plaques lum\u00edniques situades en els externs de cada banda blanca que s&#8217;activen quan els sensors de detecci\u00f3 indiquen que un vianant es disposa a creuar.<br>Pel que fa al radar aquest sistema dissuasiu compta amb cartelleria informativa fixa i amb un cartell led que informa els conductors quan s&#8217;aproximen de la velocitat a la qual condueixen, convidant-los a reduir la velocitat si \u00e9s superior a la permesa.<\/p>\n\n\n\n<figure class=\"wp-block-image size-large\"><img loading=\"lazy\" decoding=\"async\" width=\"1024\" height=\"665\" src=\"http:\/\/www.tucomarca.com\/wordpress\/segunda\/wp-content\/uploads\/2025\/05\/BenaguasilrRadar-1024x665.jpg\" alt=\"\" class=\"wp-image-267128\" srcset=\"https:\/\/tucomarca.whitekongsoftware.com\/wp-content\/uploads\/2025\/05\/BenaguasilrRadar-1024x665.jpg 1024w, https:\/\/tucomarca.whitekongsoftware.com\/wp-content\/uploads\/2025\/05\/BenaguasilrRadar-300x195.jpg 300w, https:\/\/tucomarca.whitekongsoftware.com\/wp-content\/uploads\/2025\/05\/BenaguasilrRadar-768x499.jpg 768w, https:\/\/tucomarca.whitekongsoftware.com\/wp-content\/uploads\/2025\/05\/BenaguasilrRadar-1536x997.jpg 1536w, https:\/\/tucomarca.whitekongsoftware.com\/wp-content\/uploads\/2025\/05\/BenaguasilrRadar.jpg 1600w\" sizes=\"auto, (max-width: 1024px) 100vw, 1024px\" \/><\/figure>\n\n\n\n<p class=\"wp-block-paragraph\">El regidor de Seguretat, Rub\u00e9n Araque, ha comprovat el funcionament d&#8217;aquest nou sistema que promou la seguretat i la sostenibilitat en el marc de la l\u00ednia de treball de la Regidoria per a refor\u00e7ar els m\u00e8todes de senyalitzaci\u00f3 a trav\u00e9s de les noves tecnologies i millorar la seguretat vi\u00e0ria, sobretot en un dels punts que acumula m\u00e9s tr\u00e0nsit tant de vehicles com de vianants a l&#8217;\u00e9sser una ruta de pas d&#8217;escolars cap al seu col\u00b7legi.<\/p>\n","protected":false},"excerpt":{"rendered":"<div class=\"mh-excerpt\">L&#8217;actuaci\u00f3 s&#8217;emmarca dins del Pla Reacciona de la Diputaci\u00f3 de Val\u00e8ncia. El municipi de Benaguasil compta amb el primer pas de vianants intel\u00b7ligent i radar pedag\u00f2gic, que ha instal\u00b7lat l&#8217;Ajuntament, a trav\u00e9s de la regidoria <a class=\"mh-excerpt-more\" href=\"https:\/\/tucomarca.whitekongsoftware.com\/ca\/benaguasil-reforca-la-seguretat-viaria-amb-la-installacio-dun-pas-de-vianants-intelligent-i-un-radar-pedagogic\/\" title=\"Benaguasil refor\u00e7a la seguretat vi\u00e0ria amb la instal\u00b7laci\u00f3 d&#8217;un pas de vianants intel\u00b7ligent i un radar pedag\u00f2gic\">[+] <\/a><\/div>\n","protected":false},"author":12,"featured_media":267127,"comment_status":"open","ping_status":"open","sticky":false,"template":"","format":"standard","meta":{"footnotes":""},"categories":[10952,10892,10948,10894,10947,10896],"tags":[11136,10899,22474],"class_list":["post-267131","post","type-post","status-publish","format-standard","has-post-thumbnail","category-benaguasil-ca","category-camp-de-turia-ca","category-infraestructuras-ca","category-la-comarca-ca","category-politica","category-seccion-ca","tag-benaguasil-ca","tag-camp-de-turia-ca","tag-paso-de-peatones-inteligente-ca"],"_links":{"self":[{"href":"https:\/\/tucomarca.whitekongsoftware.com\/ca\/wp-json\/wp\/v2\/posts\/267131","targetHints":{"allow":["GET"]}}],"collection":[{"href":"https:\/\/tucomarca.whitekongsoftware.com\/ca\/wp-json\/wp\/v2\/posts"}],"about":[{"href":"https:\/\/tucomarca.whitekongsoftware.com\/ca\/wp-json\/wp\/v2\/types\/post"}],"author":[{"embeddable":true,"href":"https:\/\/tucomarca.whitekongsoftware.com\/ca\/wp-json\/wp\/v2\/users\/12"}],"replies":[{"embeddable":true,"href":"https:\/\/tucomarca.whitekongsoftware.com\/ca\/wp-json\/wp\/v2\/comments?post=267131"}],"version-history":[{"count":0,"href":"https:\/\/tucomarca.whitekongsoftware.com\/ca\/wp-json\/wp\/v2\/posts\/267131\/revisions"}],"wp:featuredmedia":[{"embeddable":true,"href":"https:\/\/tucomarca.whitekongsoftware.com\/ca\/wp-json\/wp\/v2\/media\/267127"}],"wp:attachment":[{"href":"https:\/\/tucomarca.whitekongsoftware.com\/ca\/wp-json\/wp\/v2\/media?parent=267131"}],"wp:term":[{"taxonomy":"category","embeddable":true,"href":"https:\/\/tucomarca.whitekongsoftware.com\/ca\/wp-json\/wp\/v2\/categories?post=267131"},{"taxonomy":"post_tag","embeddable":true,"href":"https:\/\/tucomarca.whitekongsoftware.com\/ca\/wp-json\/wp\/v2\/tags?post=267131"}],"curies":[{"name":"wp","href":"https:\/\/api.w.org\/{rel}","templated":true}]}}