{"id":267014,"date":"2025-05-26T12:00:00","date_gmt":"2025-05-26T10:00:00","guid":{"rendered":"https:\/\/www.tucomarca.com\/wordpress\/segunda\/?p=267014"},"modified":"2025-05-26T19:03:20","modified_gmt":"2025-05-26T17:03:20","slug":"mompo-anuncia-una-campanya-provincial-per-a-exigir-a-sanchez-que-deixe-dasfixiar-la-reconstruccio","status":"publish","type":"post","link":"https:\/\/tucomarca.whitekongsoftware.com\/ca\/mompo-anuncia-una-campanya-provincial-per-a-exigir-a-sanchez-que-deixe-dasfixiar-la-reconstruccio\/","title":{"rendered":"Momp\u00f3 anuncia una campanya provincial per a exigir a S\u00e1nchez &#8220;que deixe d&#8217;asfixiar la reconstrucci\u00f3&#8221;"},"content":{"rendered":"\n<h3 class=\"wp-block-heading\">El president del PP advertix que sense el FLA \u201cs&#8217;est\u00e0 posant bastons a la roda al treball que la Generalitat i la Diputaci\u00f3 estan fent per a al\u00e7ar els pobles afectats per la DANA\u201d.<\/h3>\n\n\n\n<h3 class=\"wp-block-heading\">El PP presentar\u00e0 en tots els municipis de la prov\u00edncia i en la Diputaci\u00f3 mocions perqu\u00e8 el Govern injecte immediatament els diners que li corresponen a la Comunitat Valenciana.<\/h3>\n\n\n\n<p class=\"wp-block-paragraph\">El president del Partit Popular a la prov\u00edncia de Val\u00e8ncia, Vicent Momp\u00f3, ha anunciat una campanya per a exigir a S\u00e1nchez que deixe d&#8217;asfixiar la reconstrucci\u00f3: \u201curgix un front com\u00fa de tots els municipis valencians per a dir-li al Govern central ja n\u2019hi ha prou i aconseguir que arribe els diners que ens pertanyen\u201d.<\/p>\n\n\n\n<p class=\"wp-block-paragraph\">Per aix\u00f2, ha esgrimit, \u201cpresentarem mocions en tots els ajuntaments i en la Diputaci\u00f3 perqu\u00e8 el Govern injecte immediatament el FLA extraordinari que correspon a la Comunitat Valenciana\u201d. Igualment, ha destacat, \u201chem d&#8217;anar tots a l&#8217;una i al\u00e7ar la veu contra esta injust\u00edcia que est\u00e0 obstaculitzant el treball que, a difer\u00e8ncia de l&#8217;Executiu, uns altres s\u00ed que estem fent\u201d.&nbsp;<\/p>\n\n\n\n<p class=\"wp-block-paragraph\">En este sentit, ha concretat el l\u00edder provincial del PP, \u201cla corporaci\u00f3 provincial porta set mesos treballant sense descans per a ajudar als nostres pobles, hem assumit compet\u00e8ncies que no ens corresponen i hem aprovat en temps r\u00e8cord un pressupost adaptat a la reconstrucci\u00f3 que est\u00e0 donant resultats en este cam\u00ed, que \u00e9s lent i dur; per\u00f2 que algun dia acabar\u00e0 i quan aix\u00f2 oc\u00f3rrega cada un sabrem si hem acostat el muscle o hem posat bastons a la roda\u201d.&nbsp;<\/p>\n\n\n\n<p class=\"wp-block-paragraph\">\u201cNo estem demanant almoina, ni volem privilegis respecte a uns altres, nom\u00e9s demanem el que ens correspon\u201d, ha argumentat Momp\u00f3, al mateix temps que s&#8217;ha preguntat \u201cqu\u00e8 m\u00e9s ha de passar en esta prov\u00edncia i en esta comunitat perqu\u00e8 S\u00e1nchez reaccione, fins a on \u00e9s capa\u00e7 d&#8217;arribar?\u201d.&nbsp;<\/p>\n\n\n\n<p class=\"wp-block-paragraph\">Finalment, Momp\u00f3 ha subratllat que \u201cmentres el Govern est\u00e0 a altres assumptes, el PP nom\u00e9s t\u00e9 un cam\u00ed: treballar per la reconstrucci\u00f3 i exigir, des de tots els \u00e0mbits i institucions, el que li pertany a tots els valencians i valencianes\u201d. \u201cPer molts obstacles que ens posen, res ni ning\u00fa impedir\u00e0 que ens alcem, ens costar\u00e0 m\u00e9s o menys; per\u00f2 que ning\u00fa dubte que ens posarem en peu com sempre hem fet\u201d, ha concl\u00f2s.<\/p>\n","protected":false},"excerpt":{"rendered":"<div class=\"mh-excerpt\">El president del PP advertix que sense el FLA \u201cs&#8217;est\u00e0 posant bastons a la roda al treball que la Generalitat i la Diputaci\u00f3 estan fent per a al\u00e7ar els pobles afectats per la DANA\u201d. El <a class=\"mh-excerpt-more\" href=\"https:\/\/tucomarca.whitekongsoftware.com\/ca\/mompo-anuncia-una-campanya-provincial-per-a-exigir-a-sanchez-que-deixe-dasfixiar-la-reconstruccio\/\" title=\"Momp\u00f3 anuncia una campanya provincial per a exigir a S\u00e1nchez &#8220;que deixe d&#8217;asfixiar la reconstrucci\u00f3&#8221;\">[+] <\/a><\/div>\n","protected":false},"author":12,"featured_media":267013,"comment_status":"open","ping_status":"open","sticky":false,"template":"","format":"standard","meta":{"footnotes":""},"categories":[21466,10898,10948,10894,10904,10947,10896],"tags":[15409,22464,21976,16563],"class_list":["post-267014","post","type-post","status-publish","format-standard","has-post-thumbnail","category-dana-ca","category-ventana-ca","category-infraestructuras-ca","category-la-comarca-ca","category-sin-categorizar-ca","category-politica","category-seccion-ca","tag-dana-2-ca","tag-pp-provincia-de-valencia-ca","tag-reconstruccion-ca","tag-vicente-mompo-ca"],"_links":{"self":[{"href":"https:\/\/tucomarca.whitekongsoftware.com\/ca\/wp-json\/wp\/v2\/posts\/267014","targetHints":{"allow":["GET"]}}],"collection":[{"href":"https:\/\/tucomarca.whitekongsoftware.com\/ca\/wp-json\/wp\/v2\/posts"}],"about":[{"href":"https:\/\/tucomarca.whitekongsoftware.com\/ca\/wp-json\/wp\/v2\/types\/post"}],"author":[{"embeddable":true,"href":"https:\/\/tucomarca.whitekongsoftware.com\/ca\/wp-json\/wp\/v2\/users\/12"}],"replies":[{"embeddable":true,"href":"https:\/\/tucomarca.whitekongsoftware.com\/ca\/wp-json\/wp\/v2\/comments?post=267014"}],"version-history":[{"count":0,"href":"https:\/\/tucomarca.whitekongsoftware.com\/ca\/wp-json\/wp\/v2\/posts\/267014\/revisions"}],"wp:featuredmedia":[{"embeddable":true,"href":"https:\/\/tucomarca.whitekongsoftware.com\/ca\/wp-json\/wp\/v2\/media\/267013"}],"wp:attachment":[{"href":"https:\/\/tucomarca.whitekongsoftware.com\/ca\/wp-json\/wp\/v2\/media?parent=267014"}],"wp:term":[{"taxonomy":"category","embeddable":true,"href":"https:\/\/tucomarca.whitekongsoftware.com\/ca\/wp-json\/wp\/v2\/categories?post=267014"},{"taxonomy":"post_tag","embeddable":true,"href":"https:\/\/tucomarca.whitekongsoftware.com\/ca\/wp-json\/wp\/v2\/tags?post=267014"}],"curies":[{"name":"wp","href":"https:\/\/api.w.org\/{rel}","templated":true}]}}