{"id":266897,"date":"2025-05-23T13:30:00","date_gmt":"2025-05-23T11:30:00","guid":{"rendered":"https:\/\/www.tucomarca.com\/wordpress\/segunda\/?p=266897"},"modified":"2025-05-23T19:26:22","modified_gmt":"2025-05-23T17:26:22","slug":"la-diputacio-reforca-la-seguretat-viaria-a-betera-millorant-la-connectivitat-en-una-rotonda-i-condicionant-el-cami-del-pla","status":"publish","type":"post","link":"https:\/\/tucomarca.whitekongsoftware.com\/ca\/la-diputacio-reforca-la-seguretat-viaria-a-betera-millorant-la-connectivitat-en-una-rotonda-i-condicionant-el-cami-del-pla\/","title":{"rendered":"La Diputaci\u00f3 refor\u00e7a la seguretat vi\u00e0ria a B\u00e9tera millorant la connectivitat en una rotonda i condicionant el Cam\u00ed del Pla"},"content":{"rendered":"\n<h3 class=\"wp-block-heading\">La diputada de Carreteres, Reme Mazzolari, i l&#8217;alcaldessa de B\u00e9tera, Elia Verdev\u00edo, visiten la glorieta de Poble Coeter, ja operativa, i repassen altres possibles actuacions en mat\u00e8ria de seguretat.<\/h3>\n\n\n\n<h3 class=\"wp-block-heading\">Mazzolari, tamb\u00e9 vicepresidenta segona de la Diputaci\u00f3, anuncia que els treballs de condicionament del Cam\u00ed del Pla comen\u00e7aran abans de finalitzar l&#8217;any.<\/h3>\n\n\n\n<p class=\"wp-block-paragraph\">La nova configuraci\u00f3 de la rotonda del carrer el Romeral de B\u00e9tera i el pr\u00f2xim inici de les obres per a condicionar el conegut com Cam\u00ed del Pla, han sigut els dos assumptes principals que han tractat la diputada de Carreteres i vicepresidenta segona de la Diputaci\u00f3 de Val\u00e8ncia, Reme Mazzolari, i l&#8217;alcaldessa de B\u00e9tera, Elia Verdev\u00edo, durant una jornada de treball en este municipi del Camp de T\u00faria.<\/p>\n\n\n\n<p class=\"wp-block-paragraph\">\u201cEl prop\u00f2sit d&#8217;esta visita -ha assenyalat Mazzolari- era repassar l&#8217;estat de les actuacions executades o previstes per la Diputaci\u00f3 a l&#8217;entorn de B\u00e9tera\u201d, i ha afegit que \u201cl&#8217;alcaldessa ha pogut traslladar al gabinet t\u00e8cnic de l&#8217;\u00e0rea de Carreteres algunes de les necessitats en mat\u00e8ria de seguretat, com la possible habilitaci\u00f3 de passos per als vianants a l&#8217;entorn del complex esportiu &#8216;Calderona&#8217;\u201d.<\/p>\n\n\n\n<p class=\"wp-block-paragraph\">Per part seua, l&#8217;alcaldessa, Elia Verdev\u00edo, ha agra\u00eft el treball de la Diputaci\u00f3 de Val\u00e8ncia \u201csempre atenent les necessitats de municipis com B\u00e9tera i a la seua vicepresidenta, qui coneix a la perfecci\u00f3 les singularitats del nostre terme i sempre est\u00e0 predisposada a millorar i refor\u00e7ar la nostra xarxa vi\u00e0ria vertebrant la comarca i facilitant les comunicacions amb Val\u00e8ncia aix\u00ed com apostant per l&#8217;augment de la seguretat vi\u00e0ria en el nostre municipi\u201d.&nbsp;<\/p>\n\n\n\n<p class=\"wp-block-paragraph\"><strong>Cam\u00ed del Pla<\/strong>&nbsp;<\/p>\n\n\n\n<p class=\"wp-block-paragraph\">Un dels assumptes tractats durant la jornada \u00e9s el pr\u00f2xim inici de les obres del Cam\u00ed Vell de Sagunt a Ll\u00edria conegut com Cam\u00ed del Pla, que uneix les carreteres CV-315 i CV-310 en els termes de N\u00e0quera i B\u00e9tera a trav\u00e9s d&#8217;una via catalogada per l&#8217;\u00e0rea provincial de Carreteres com&nbsp; \u2018Cam\u00ed d&#8217;Inter\u00e9s Territorial\u2019 per la seua especial rellev\u00e0ncia per a la comarca del Camp de T\u00faria.<\/p>\n\n\n\n<p class=\"wp-block-paragraph\">Concretament, es tracta d&#8217;una subvenci\u00f3 en esp\u00e8cie valorada en 940.207 euros, per la qual la Diputaci\u00f3 condicionar\u00e0 esta via, assumint la pr\u00f2pia instituci\u00f3 provincial tant la licitaci\u00f3 i com l&#8217;execuci\u00f3 de les obres.<\/p>\n\n\n\n<p class=\"wp-block-paragraph\">Reme Mazzolari ha anunciat que &#8220;l&#8217;expedient es troba ja en la fase final d&#8217;adjudicaci\u00f3, per la qual cosa les obres comen\u00e7aran en l&#8217;\u00faltim trimestre de 2025&#8221;. \u201cEste \u00e9s un clar exemple -indica la diputada- de la import\u00e0ncia que tenen per a les comunicacions a la prov\u00edncia algunes vies com el Cam\u00ed del Pl\u00e0, que est\u00e0 catalogada com a cam\u00ed de domini p\u00fablic, per\u00f2 que t\u00e9 un paper molt rellevant per a la vertebraci\u00f3 de la zona\u201d i enquadra este tipus d&#8217;inversions en \u201cel prop\u00f2sit de l&#8217;equip de govern presidit per Vicent Momp\u00f3 d&#8217;estr\u00e9nyer lla\u00e7os entre Diputaci\u00f3 i municipis, atenent les seues necessitats reals m\u00e9s enll\u00e0 del que marquen els mapes o els certificats de titularitat\u201d.<\/p>\n\n\n\n<p class=\"wp-block-paragraph\">Unes afirmacions que Verdev\u00edo ha confirmat perqu\u00e8 este projecte \u201c\u00e9s una demanda hist\u00f2rica del poble de B\u00e9tera i ha suposat un esfor\u00e7 tamb\u00e9 per part de l&#8217;ajuntament en l&#8217;adquisici\u00f3 d&#8217;uns terrenys per a l&#8217;eliminaci\u00f3 de la coneguda com la corba Palomo tan perillosa per al tr\u00e0nsit dels nostres ve\u00efns i ve\u00efnes\u201d.&nbsp;<\/p>\n\n\n\n<p class=\"wp-block-paragraph\">El cam\u00ed t\u00e9 una longitud aproximada de 5.350 m. i la intervenci\u00f3 tindr\u00e0 com a resultat un notable increment de la funcionalitat i seguretat del cam\u00ed, mitjan\u00e7ant el sanejament de blandons, la millora del drenatge longitudinal, l&#8217;adequaci\u00f3 d&#8217;accessos i interseccions i la instal\u00b7laci\u00f3 d&#8217;elements de contenci\u00f3, a m\u00e9s del refor\u00e7 i millora del ferm. Aix\u00ed mateix, les obres serviran per a reduir les despeses de manteniment i neteja, millorant el drenatge longitudinal i la reducci\u00f3 del aterrament de cunetes, cal\u00e7ada i acc\u00e9s.<\/p>\n\n\n\n<p class=\"wp-block-paragraph\"><strong>Rotonda Poble Coeter<\/strong>&nbsp;<\/p>\n\n\n\n<p class=\"wp-block-paragraph\">Reme Mazzolari i Elia Verdev\u00edo, acompanyades per personal t\u00e8cnic de l&#8217;\u00e0rea de Carreteres i membres de la corporaci\u00f3 municipal, han aprofitat la reuni\u00f3 de treball per a visitar la rotonda coneguda com a &#8216;B\u00e9tera, poble coeter&#8217; en la qual la instituci\u00f3 provincial ha invertit 280.000 euros.<\/p>\n\n\n\n<p class=\"wp-block-paragraph\">Concretament, s&#8217;ha executat un nou acc\u00e9s des del carrer el Romeral que permet tant la incorporaci\u00f3 a la CV-336 com l&#8217;eixida d&#8217;esta via. De manera paral\u00b7lela, s&#8217;ha eliminat l\u2019acc\u00e9s des de la glorieta a la via de servei del carrer Conde Berbedel, generant una nova incorporaci\u00f3 des del propi carrer al nord de la rotonda.&nbsp;<\/p>\n\n\n\n<p class=\"wp-block-paragraph\">Aix\u00ed mateix, s&#8217;ha reorganitzat el tr\u00e0nsit per als vianants en l&#8217;\u00e0mbit d&#8217;actuaci\u00f3 mitjan\u00e7ant la generaci\u00f3 de nova vorera de cinc metres d&#8217;ampl\u00e0ria que travessa l&#8217;illot i s&#8217;han reubicat els passos de vianants per a una major seguretat i operativitat.<\/p>\n\n\n\n<p class=\"wp-block-paragraph\">En opini\u00f3 de l&#8217;alcaldessa, Elia Verdev\u00edo \u201cesta inversi\u00f3 suposa una millora qualitativa del tr\u00e0nsit rodat amb una major flu\u00efdesa que permet descongestionar esta entrada i eixida del municipi oferint vies alternatives que milloren la circulaci\u00f3 i que alleugen l&#8217;acc\u00e9s a la CV336\u201d.<\/p>\n","protected":false},"excerpt":{"rendered":"<div class=\"mh-excerpt\">La diputada de Carreteres, Reme Mazzolari, i l&#8217;alcaldessa de B\u00e9tera, Elia Verdev\u00edo, visiten la glorieta de Poble Coeter, ja operativa, i repassen altres possibles actuacions en mat\u00e8ria de seguretat. Mazzolari, tamb\u00e9 vicepresidenta segona de la <a class=\"mh-excerpt-more\" href=\"https:\/\/tucomarca.whitekongsoftware.com\/ca\/la-diputacio-reforca-la-seguretat-viaria-a-betera-millorant-la-connectivitat-en-una-rotonda-i-condicionant-el-cami-del-pla\/\" title=\"La Diputaci\u00f3 refor\u00e7a la seguretat vi\u00e0ria a B\u00e9tera millorant la connectivitat en una rotonda i condicionant el Cam\u00ed del Pla\">[+] <\/a><\/div>\n","protected":false},"author":12,"featured_media":266896,"comment_status":"open","ping_status":"open","sticky":false,"template":"","format":"standard","meta":{"footnotes":""},"categories":[10937,10892,10898,10948,10894,10947,10896],"tags":[11202,10899,11246],"class_list":["post-266897","post","type-post","status-publish","format-standard","has-post-thumbnail","category-betera-ca","category-camp-de-turia-ca","category-ventana-ca","category-infraestructuras-ca","category-la-comarca-ca","category-politica","category-seccion-ca","tag-betera-ca","tag-camp-de-turia-ca","tag-diputacio-de-valencia-ca"],"_links":{"self":[{"href":"https:\/\/tucomarca.whitekongsoftware.com\/ca\/wp-json\/wp\/v2\/posts\/266897","targetHints":{"allow":["GET"]}}],"collection":[{"href":"https:\/\/tucomarca.whitekongsoftware.com\/ca\/wp-json\/wp\/v2\/posts"}],"about":[{"href":"https:\/\/tucomarca.whitekongsoftware.com\/ca\/wp-json\/wp\/v2\/types\/post"}],"author":[{"embeddable":true,"href":"https:\/\/tucomarca.whitekongsoftware.com\/ca\/wp-json\/wp\/v2\/users\/12"}],"replies":[{"embeddable":true,"href":"https:\/\/tucomarca.whitekongsoftware.com\/ca\/wp-json\/wp\/v2\/comments?post=266897"}],"version-history":[{"count":0,"href":"https:\/\/tucomarca.whitekongsoftware.com\/ca\/wp-json\/wp\/v2\/posts\/266897\/revisions"}],"wp:featuredmedia":[{"embeddable":true,"href":"https:\/\/tucomarca.whitekongsoftware.com\/ca\/wp-json\/wp\/v2\/media\/266896"}],"wp:attachment":[{"href":"https:\/\/tucomarca.whitekongsoftware.com\/ca\/wp-json\/wp\/v2\/media?parent=266897"}],"wp:term":[{"taxonomy":"category","embeddable":true,"href":"https:\/\/tucomarca.whitekongsoftware.com\/ca\/wp-json\/wp\/v2\/categories?post=266897"},{"taxonomy":"post_tag","embeddable":true,"href":"https:\/\/tucomarca.whitekongsoftware.com\/ca\/wp-json\/wp\/v2\/tags?post=266897"}],"curies":[{"name":"wp","href":"https:\/\/api.w.org\/{rel}","templated":true}]}}