{"id":266859,"date":"2025-05-23T12:00:00","date_gmt":"2025-05-23T10:00:00","guid":{"rendered":"https:\/\/www.tucomarca.com\/wordpress\/segunda\/?p=266859"},"modified":"2025-05-23T14:08:55","modified_gmt":"2025-05-23T12:08:55","slug":"lajuntament-de-xest-rep-una-ajuda-de-la-generalitat-de-4-183-euros-per-a-redactar-el-projecte-dordenacio-de-muntanyes","status":"publish","type":"post","link":"https:\/\/tucomarca.whitekongsoftware.com\/ca\/lajuntament-de-xest-rep-una-ajuda-de-la-generalitat-de-4-183-euros-per-a-redactar-el-projecte-dordenacio-de-muntanyes\/","title":{"rendered":"L&#8217;Ajuntament de Xest rep una ajuda de la Generalitat de 4.183 euros per a redactar el Projecte d&#8217;Ordenaci\u00f3 de muntanyes"},"content":{"rendered":"\n<p class=\"wp-block-paragraph\">L&#8217;Ajuntament de Xest ha rebut una subvenci\u00f3 de 4.183,43 euros a c\u00e0rrec la Generalitat per a redactar el Projecte d&#8217;Ordenaci\u00f3 de muntanyes (POM), que inclou el pla de treball en mat\u00e8ria de gesti\u00f3 forestal en el municipi per als pr\u00f2xims anys.<\/p>\n\n\n\n<p class=\"wp-block-paragraph\">Les actuacions que contempla el POM es desenvoluparan en parcel\u00b7les de titularitat municipal i en concret afecta a 84,03 hect\u00e0rees de superf\u00edcie arbrada i 307,66 hect\u00e0rees de superf\u00edcie forestal general dins del Pla d&#8217;Acci\u00f3 Territorial Forestal de la Comunitat Valenciana (PATFOR).<\/p>\n\n\n\n<p class=\"wp-block-paragraph\">\u201cLes actuacions que s&#8217;inclouen en el pla de treball del POM contribuiran a refor\u00e7ar l&#8217;estrat\u00e8gia local de gesti\u00f3 dels recursos forestals i la seguretat ambiental, fomentant aix\u00ed la conservaci\u00f3 i el manteniment dels espais naturals de Xest\u201d, ha explicat el regidor de Medi Ambient, David Pujals. \u201cA m\u00e9s, a partir d&#8217;ara l&#8217;Ajuntament podr\u00e0 acollir-se anualment a noves convocat\u00f2ries d&#8217;ajudes en mat\u00e8ria forestal promogudes per la Conselleria de Medi Ambient\u201d.<\/p>\n\n\n\n<p class=\"wp-block-paragraph\">Concretament, la subvenci\u00f3 rebuda prov\u00e9 de convocat\u00f2ria d&#8217;Ajudes per a l&#8217;aplicaci\u00f3 de mesures de gesti\u00f3 forestal sostenible en el marc del Programa de Desenvolupament Rural de la Comunitat Valenciana 2014-2020, convocades per la Conselleria de Medi Ambient, Infraestructures i Territori.<\/p>\n","protected":false},"excerpt":{"rendered":"<div class=\"mh-excerpt\">L&#8217;Ajuntament de Xest ha rebut una subvenci\u00f3 de 4.183,43 euros a c\u00e0rrec la Generalitat per a redactar el Projecte d&#8217;Ordenaci\u00f3 de muntanyes (POM), que inclou el pla de treball en mat\u00e8ria de gesti\u00f3 forestal en <a class=\"mh-excerpt-more\" href=\"https:\/\/tucomarca.whitekongsoftware.com\/ca\/lajuntament-de-xest-rep-una-ajuda-de-la-generalitat-de-4-183-euros-per-a-redactar-el-projecte-dordenacio-de-muntanyes\/\" title=\"L&#8217;Ajuntament de Xest rep una ajuda de la Generalitat de 4.183 euros per a redactar el Projecte d&#8217;Ordenaci\u00f3 de muntanyes\">[+] <\/a><\/div>\n","protected":false},"author":13,"featured_media":77954,"comment_status":"open","ping_status":"open","sticky":false,"template":"","format":"standard","meta":{"footnotes":""},"categories":[10948,10894,10912,10903,10947,10896,10974],"tags":[11071,10914,12166],"class_list":["post-266859","post","type-post","status-publish","format-standard","has-post-thumbnail","category-infraestructuras-ca","category-la-comarca-ca","category-la-hoya-ca","category-medio-ambiente-la-comarca-ca","category-politica","category-seccion-ca","category-cheste-ca","tag-cheste","tag-la-hoya-de-bunol-chiva-ca","tag-medio-ambiente-ca"],"_links":{"self":[{"href":"https:\/\/tucomarca.whitekongsoftware.com\/ca\/wp-json\/wp\/v2\/posts\/266859","targetHints":{"allow":["GET"]}}],"collection":[{"href":"https:\/\/tucomarca.whitekongsoftware.com\/ca\/wp-json\/wp\/v2\/posts"}],"about":[{"href":"https:\/\/tucomarca.whitekongsoftware.com\/ca\/wp-json\/wp\/v2\/types\/post"}],"author":[{"embeddable":true,"href":"https:\/\/tucomarca.whitekongsoftware.com\/ca\/wp-json\/wp\/v2\/users\/13"}],"replies":[{"embeddable":true,"href":"https:\/\/tucomarca.whitekongsoftware.com\/ca\/wp-json\/wp\/v2\/comments?post=266859"}],"version-history":[{"count":0,"href":"https:\/\/tucomarca.whitekongsoftware.com\/ca\/wp-json\/wp\/v2\/posts\/266859\/revisions"}],"wp:featuredmedia":[{"embeddable":true,"href":"https:\/\/tucomarca.whitekongsoftware.com\/ca\/wp-json\/wp\/v2\/media\/77954"}],"wp:attachment":[{"href":"https:\/\/tucomarca.whitekongsoftware.com\/ca\/wp-json\/wp\/v2\/media?parent=266859"}],"wp:term":[{"taxonomy":"category","embeddable":true,"href":"https:\/\/tucomarca.whitekongsoftware.com\/ca\/wp-json\/wp\/v2\/categories?post=266859"},{"taxonomy":"post_tag","embeddable":true,"href":"https:\/\/tucomarca.whitekongsoftware.com\/ca\/wp-json\/wp\/v2\/tags?post=266859"}],"curies":[{"name":"wp","href":"https:\/\/api.w.org\/{rel}","templated":true}]}}