{"id":266845,"date":"2025-05-23T10:00:00","date_gmt":"2025-05-23T08:00:00","guid":{"rendered":"https:\/\/www.tucomarca.com\/wordpress\/segunda\/?p=266845"},"modified":"2025-05-23T14:00:24","modified_gmt":"2025-05-23T12:00:24","slug":"cinema-jove-presenta-el-cartell-de-maria-jesus-contreras-per-a-la-40a-edicio-del-festival-amb-un-homenatge-a-lembruixament-del-cine","status":"publish","type":"post","link":"https:\/\/tucomarca.whitekongsoftware.com\/ca\/cinema-jove-presenta-el-cartell-de-maria-jesus-contreras-per-a-la-40a-edicio-del-festival-amb-un-homenatge-a-lembruixament-del-cine\/","title":{"rendered":"Cinema Jove presenta el cartell de Mar\u00eda Jes\u00fas Contreras per a la 40a edici\u00f3 del festival amb un homenatge a l\u2019embruixament del cine"},"content":{"rendered":"\n<h3 class=\"wp-block-heading\">El\u00a0cartell \u201cpermet m\u00faltiples interpretacions i connecta amb una visi\u00f3 m\u00e9s universal del cine\u201d, en paraules de l\u2019autora.<\/h3>\n\n\n\n<p class=\"wp-block-paragraph\">El festival Cinema Jove, organitzat per la Conselleria d\u2019Educaci\u00f3, Cultura, Universitats i Ocupaci\u00f3, a trav\u00e9s de l\u2019Institut Valenci\u00e0 de Cultura (IVC), ha revelat el cartell oficial de la seua 40a edici\u00f3, obra de la il\u00b7lustradora xilena Mar\u00eda Jes\u00fas Contreras, qui s\u2019ha servit d\u2019una modernitzada est\u00e8tica&nbsp;<em>vintage&nbsp;<\/em>amb la lluna, l\u2019espill i les mirades com a elements simb\u00f2lics de l\u2019embruixament que exercix el cine sobre els espectadors.<\/p>\n\n\n\n<p class=\"wp-block-paragraph\">La presentaci\u00f3 al p\u00fablic s\u2019ha celebrat este dijous 22 de maig, completant l\u2019aforament de la sala 7 del Teatre Rialto, amb l\u2019assist\u00e8ncia del director general de l\u2019IVC, \u00c1lvaro L\u00f3pez-Jamar, i el director adjunt d\u2019Audiovisuals i Cinematografia de l\u2019IVC, Luis Gos\u00e1lbez.<\/p>\n\n\n\n<p class=\"wp-block-paragraph\">Els presentadors del p\u00f2dcast sobre art i disseny&nbsp;<em>Lengua de Sapas<\/em>, Jotak\u00e1 i Mar Villar, van conversar amb Carlos Madrid, director del certamen, i Ada Diez, directora d\u2019art del festival. En l\u2019esdeveniment, ha participat a trav\u00e9s d\u2019\u00e0udio en format p\u00f2dcast la mateixa autora del cartell.<\/p>\n\n\n\n<p class=\"wp-block-paragraph\">En la cartelleria d\u2019enguany, que celebra el 40 aniversari del festival, l\u2019autora va voler fer un homenatge a qu\u00e8 significa el cine, els seus m\u00faltiples vessants emocionals i la seua capacitat d\u2019interpel\u00b7laci\u00f3 en el p\u00fablic, divers i plural. \u201cEste cartell va passar per un parell d\u2019iteracions abans d\u2019arribar al que poden vore hui\u201d, ha explicat l\u2019autora del cartell.<\/p>\n\n\n\n<p class=\"wp-block-paragraph\">\u201cEn un principi, tenia la idea de fer un enfocament m\u00e9s local\u201d, per\u00f2 finalment la idea gr\u00e0fica va evolucionar fins a una cosa que poguera captar \u201cel car\u00e0cter m\u00e9s global del festival, que busca connectar amb la major quantitat de gent possible\u201d, ha afegit.<\/p>\n\n\n\n<p class=\"wp-block-paragraph\">Segons Mar\u00eda Jes\u00fas Contreras, el cartell \u201cnaix des d\u2019esta transformaci\u00f3: d\u2019una idea local a una proposta m\u00e9s oberta, abstracta i \u00e0mplia, que permet m\u00faltiples interpretacions i connecta amb una visi\u00f3 m\u00e9s universal\u201d.<\/p>\n\n\n\n<p class=\"wp-block-paragraph\">Per a l\u2019autora del cartell d\u2019enguany, l\u2019exercici creatiu de la il\u00b7lustraci\u00f3 \u00e9s \u201ccom en el cine, quan un cartell necessita representar personatges o transmetre clarament una narrativa: hi ha un prop\u00f2sit comunicatiu que guia la imatge\u201d.<\/p>\n\n\n\n<p class=\"wp-block-paragraph\">Mar\u00eda Jes\u00fas Contreras ha assenyalat que sent que la il\u00b7lustraci\u00f3 \u201cfunciona com un pont entre l\u2019art i el disseny. En eixe encreuament, el creatiu a vegades ha de passar a segon pla, i aix\u00f2 no est\u00e0 malament. Altres vegades, en canvi, es torna el centre del proc\u00e9s. M\u2019interessa justament eixe vaiv\u00e9\u201d.<\/p>\n\n\n\n<figure class=\"wp-block-image size-large\"><img loading=\"lazy\" decoding=\"async\" width=\"1024\" height=\"614\" src=\"http:\/\/www.tucomarca.com\/wordpress\/segunda\/wp-content\/uploads\/2025\/05\/IVC_CinemaJove_Cartel2-1024x614.jpg\" alt=\"\" class=\"wp-image-266840\" srcset=\"https:\/\/tucomarca.whitekongsoftware.com\/wp-content\/uploads\/2025\/05\/IVC_CinemaJove_Cartel2-1024x614.jpg 1024w, https:\/\/tucomarca.whitekongsoftware.com\/wp-content\/uploads\/2025\/05\/IVC_CinemaJove_Cartel2-300x180.jpg 300w, https:\/\/tucomarca.whitekongsoftware.com\/wp-content\/uploads\/2025\/05\/IVC_CinemaJove_Cartel2-768x460.jpg 768w, https:\/\/tucomarca.whitekongsoftware.com\/wp-content\/uploads\/2025\/05\/IVC_CinemaJove_Cartel2.jpg 1521w\" sizes=\"auto, (max-width: 1024px) 100vw, 1024px\" \/><\/figure>\n\n\n\n<p class=\"wp-block-paragraph\">L\u2019artista \u201ct\u00e9 un estil molt personal, amb colors que recorden les textures del paper, per\u00f2 a m\u00e9s juga amb imatges que ens porten a llocs a vegades on\u00edrics i altres vegades completament desconeguts\u201d, en paraules de Carlos Madrid, director de Cinema Jove.<\/p>\n\n\n\n<p class=\"wp-block-paragraph\">En el cartell, el simbolisme ocupa un lloc central. Per a Madrid, \u201cla lluna no \u00e9s tan sols el s\u00edmbol i el premi d\u2019este festival, sin\u00f3 que tamb\u00e9 exercix cert embruixament, \u00e9s una cosa que et pots quedar absort mirant, fins i tot escapar del m\u00f3n, i aix\u00f2 dialoga molt b\u00e9 amb el que produ\u00efx el cine\u201d.<\/p>\n\n\n\n<p class=\"wp-block-paragraph\">\u201cEs tracta d\u2019una carta de presentaci\u00f3 gr\u00e0fica en la qual usem elements hist\u00f2ricament vinculats a Cinema Jove: la lluna, el p\u00fablic com a espectador i creador, i la pantalla gran com a reflex i mostrari d\u2019all\u00f2 que ha succe\u00eft\u201d, ha afegit la directora d\u2019art del festival, Ada Diez.<\/p>\n\n\n\n<p class=\"wp-block-paragraph\">\u201cA trav\u00e9s de l\u2019\u00fas d\u2019elements molt recognoscibles, en els quals es recuperen tradicions audiovisuals narratives i s\u2019aporta un enriquiment visual de textures quasi artesanals per l\u2019\u00fas de la gr\u00e0fica, Contreras ha sintetitzat en la seua obra un fidel reflex del que \u00e9s Cinema Jove: un festival amb una llarga vida, a on es real\u00e7a la capacitat de la joventut per a transformar i fer propis llenguatges m\u00e9s cl\u00e0ssics, a m\u00e9s de trobar noves vies per al relat\u201d, ha explicat.<\/p>\n\n\n\n<p class=\"wp-block-paragraph\">Despr\u00e9s del p\u00f2dcast especial amb&nbsp;<em>Lengua de Sapas<\/em>, s\u2019han projectat dos curtmetratges:&nbsp;<em>Turnaround&nbsp;<\/em>(2024), escrit i dirigit per la irlandesa Aisling Byrne, estrena en prim\u00edcia despr\u00e9s de guanyar el premi a millor curt en el Galway Film Fleadh, i&nbsp;<em>Une nuit particuli\u00e8re<\/em>&nbsp;(2023), d\u2019Enzo Mart\u00ednez, guanyadora de Premi del P\u00fablic de la 39 edici\u00f3 de Cinema Jove.<\/p>\n\n\n\n<p class=\"wp-block-paragraph\"><strong>Joventut i fascinaci\u00f3 cin\u00e8fila<\/strong><\/p>\n\n\n\n<p class=\"wp-block-paragraph\">Mar\u00eda Jes\u00fas Contreras, nascuda en 1993 a Temuco, Xile, sintonitza amb el cine realitzat per mirades i artistes j\u00f3vens. De fet, entre les seues pel\u00b7l\u00edcules favorites es troben algunes realitzades per cineastes de primer nivell, que van arriscar amb narratives innovadores a edats primerenques, com \u00e9s el cas de Paul Thomas Anderson, un dels seus directors favorits, que va dirigir&nbsp;<em>Magnolia&nbsp;<\/em>(1999) quan tenia nom\u00e9s 29 anys.<\/p>\n\n\n\n<p class=\"wp-block-paragraph\">La creadora xilena publica una il\u00b7lustraci\u00f3 setmanal en The New York Times com a part de la columna matutina dels dissabtes. Actualment treballa per a diaris, revistes i suplements com&nbsp;<em>The Washington Post, Texas Monthly, The New Yorker, The Telegraph, The Economist, Los Angeles Times<\/em>&nbsp;i&nbsp;<em>New York Magazine<\/em>, aix\u00ed com per a les marques Gucci, Herm\u00e9s, Apple, Lush, McDonald\u2019s, la r\u00e0dio p\u00fablica dels Estats Units, NPR, i l\u2019editorial Penguin Random House.<\/p>\n\n\n\n<p class=\"wp-block-paragraph\">En 2022, va ser mereixedora del Premi YoungGuns de The One Club for Creativity, un guard\u00f3 que premia professionals creatius de tot el m\u00f3n menors de 30 anys. L\u2019any seg\u00fcent va guanyar l\u2019AI42, atorgat per l\u2019American Illustration, va ser preseleccionada per als World Illustration Awards i convidada a formar part dels jurats dels Premis de Disseny Llatinoameric\u00e0, el Concurs de Portafolis New Blood per a D&amp;AD i el YoungGuns. En 2024 va formar part del jurat dels Premis Anuals ADC i va ser reconeguda per la revista&nbsp;<em>Forbes&nbsp;<\/em>com una de les 50 dones m\u00e9s poderoses de Xile.<\/p>\n","protected":false},"excerpt":{"rendered":"<div class=\"mh-excerpt\">El\u00a0cartell \u201cpermet m\u00faltiples interpretacions i connecta amb una visi\u00f3 m\u00e9s universal del cine\u201d, en paraules de l\u2019autora. El festival Cinema Jove, organitzat per la Conselleria d\u2019Educaci\u00f3, Cultura, Universitats i Ocupaci\u00f3, a trav\u00e9s de l\u2019Institut Valenci\u00e0 <a class=\"mh-excerpt-more\" href=\"https:\/\/tucomarca.whitekongsoftware.com\/ca\/cinema-jove-presenta-el-cartell-de-maria-jesus-contreras-per-a-la-40a-edicio-del-festival-amb-un-homenatge-a-lembruixament-del-cine\/\" title=\"Cinema Jove presenta el cartell de Mar\u00eda Jes\u00fas Contreras per a la 40a edici\u00f3 del festival amb un homenatge a l\u2019embruixament del cine\">[+] <\/a><\/div>\n","protected":false},"author":12,"featured_media":266843,"comment_status":"open","ping_status":"open","sticky":false,"template":"","format":"standard","meta":{"footnotes":""},"categories":[11019,10894,10904,11007,10896],"tags":[22446,12194,13274,17761],"class_list":["post-266845","post","type-post","status-publish","format-standard","has-post-thumbnail","category-agenda-ca","category-la-comarca-ca","category-sin-categorizar-ca","category-ocio-y-cultura-ca","category-seccion-ca","tag-cinema-jove-ca","tag-cultura-ca","tag-institut-valencia-de-cultura-ca","tag-ivc-ca"],"_links":{"self":[{"href":"https:\/\/tucomarca.whitekongsoftware.com\/ca\/wp-json\/wp\/v2\/posts\/266845","targetHints":{"allow":["GET"]}}],"collection":[{"href":"https:\/\/tucomarca.whitekongsoftware.com\/ca\/wp-json\/wp\/v2\/posts"}],"about":[{"href":"https:\/\/tucomarca.whitekongsoftware.com\/ca\/wp-json\/wp\/v2\/types\/post"}],"author":[{"embeddable":true,"href":"https:\/\/tucomarca.whitekongsoftware.com\/ca\/wp-json\/wp\/v2\/users\/12"}],"replies":[{"embeddable":true,"href":"https:\/\/tucomarca.whitekongsoftware.com\/ca\/wp-json\/wp\/v2\/comments?post=266845"}],"version-history":[{"count":0,"href":"https:\/\/tucomarca.whitekongsoftware.com\/ca\/wp-json\/wp\/v2\/posts\/266845\/revisions"}],"wp:featuredmedia":[{"embeddable":true,"href":"https:\/\/tucomarca.whitekongsoftware.com\/ca\/wp-json\/wp\/v2\/media\/266843"}],"wp:attachment":[{"href":"https:\/\/tucomarca.whitekongsoftware.com\/ca\/wp-json\/wp\/v2\/media?parent=266845"}],"wp:term":[{"taxonomy":"category","embeddable":true,"href":"https:\/\/tucomarca.whitekongsoftware.com\/ca\/wp-json\/wp\/v2\/categories?post=266845"},{"taxonomy":"post_tag","embeddable":true,"href":"https:\/\/tucomarca.whitekongsoftware.com\/ca\/wp-json\/wp\/v2\/tags?post=266845"}],"curies":[{"name":"wp","href":"https:\/\/api.w.org\/{rel}","templated":true}]}}