{"id":266800,"date":"2025-05-23T10:15:00","date_gmt":"2025-05-23T08:15:00","guid":{"rendered":"https:\/\/www.tucomarca.com\/wordpress\/segunda\/?p=266800"},"modified":"2025-05-23T14:10:50","modified_gmt":"2025-05-23T12:10:50","slug":"creu-roja-comencara-a-implantar-la-seua-iniciativa-enredate-en-lalt-turia-i-el-raco-dademus-amb-el-suport-del-cit-ruraltec","status":"publish","type":"post","link":"https:\/\/tucomarca.whitekongsoftware.com\/ca\/creu-roja-comencara-a-implantar-la-seua-iniciativa-enredate-en-lalt-turia-i-el-raco-dademus-amb-el-suport-del-cit-ruraltec\/","title":{"rendered":"Creu Roja comen\u00e7ar\u00e0 a implantar la seua iniciativa \u201cEnr\u00e9date\u201d en l&#8217;Alt T\u00faria i el Rac\u00f3 d&#8217;Adem\u00fas amb el suport del CIT RuralTEC"},"content":{"rendered":"\n<p class=\"wp-block-paragraph\">Creu Roja comen\u00e7ar\u00e0 a desenvolupar en les pr\u00f2ximes setmanes les accions necess\u00e0ries per a la posada en funcionament del seu programa \u201cEnr\u00e9date\u201d amb el suport tecnol\u00f2gic i log\u00edstic del CIT RuralTEC en els municipis situats a la comarca de l&#8217;Alt T\u00faria i el Rac\u00f3 d&#8217;Adem\u00fas.<\/p>\n\n\n\n<p class=\"wp-block-paragraph\">El projecte \u201cEnredate\u201d \u00e9s una iniciativa de Creu Roja que busca combatre la soledat no desitjada de persones majors, millorar l&#8217;entorn i reduir la bretxa digital de les persones majors a trav\u00e9s de diferents accions i equipament relacionat amb la connectivitat.<\/p>\n\n\n\n<p class=\"wp-block-paragraph\">En aquesta l\u00ednia, RuralTEC desenvolupar\u00e0 el desplegament t\u00e8cnic necessari per a la implantaci\u00f3 del programa en els municipis que comprenen aquest territori, contribuint en termes generals a millorar la qualitat de vida i la lluita contra la soledat no desitjada de les persones benefici\u00e0ries.<\/p>\n\n\n\n<p class=\"wp-block-paragraph\">En ess\u00e8ncia l&#8217;entorn de serveis de la iniciativa permet augmentar de manera considerable la interrelaci\u00f3 i la comunicaci\u00f3 d&#8217;aquelles persones que viuen en soledat estant previst, que la coordinaci\u00f3 amb Cruz roja, permeta inicialment donar servei i atenci\u00f3 almenys a 60 persones.<\/p>\n\n\n\n<p class=\"wp-block-paragraph\">El desplegament de les primeres accions comen\u00e7ar\u00e0 a realitzar-se en els pr\u00f2xims dies en nom dels Olmos, gr\u00e0cies a l&#8217;impuls i predisposici\u00f3 de l&#8217;ajuntament d&#8217;aquesta localitat i l&#8217;esfor\u00e7 de la regidoria de benestar social que dirigeix Juan Jos\u00e9 Rodrigo en implantar, de nou accions transformadores que milloren la qualitat de vida de la ciutadania assumint l&#8217;inici de les accions del programa de tot el territori en el seu municipi.<\/p>\n\n\n\n<p class=\"wp-block-paragraph\">En aquest context el CIT RuralTEC treballar\u00e0, juntament amb els ajuntaments implicats en la instal\u00b7laci\u00f3 i seguiment del proc\u00e9s de desplegament del programa en els municipis d&#8217;Alt T\u00faria i Rinc\u00f3n d&#8217;Adem\u00fas, estant previst, una vegada realitzat aquest proc\u00e9s inicial d&#8217;implantaci\u00f3, ampliar la cobertura a l&#8217;entorn de la Plana d&#8217;Utiel Requena.<\/p>\n\n\n\n<p class=\"wp-block-paragraph\">Per a RuralTEC, aquest projecte suposa un eix estrat\u00e8gic d&#8217;actuaci\u00f3 ja que permet treballar sobre un dels col\u00b7lectius als quals es dirigeix la seua activitat; les persones majors en entorns rurals, utilitzant la tecnologia i la innovaci\u00f3 com a eina per a millorar la qualitat de vida d&#8217;aquestes persones.<\/p>\n","protected":false},"excerpt":{"rendered":"<div class=\"mh-excerpt\">Creu Roja comen\u00e7ar\u00e0 a desenvolupar en les pr\u00f2ximes setmanes les accions necess\u00e0ries per a la posada en funcionament del seu programa \u201cEnr\u00e9date\u201d amb el suport tecnol\u00f2gic i log\u00edstic del CIT RuralTEC en els municipis situats <a class=\"mh-excerpt-more\" href=\"https:\/\/tucomarca.whitekongsoftware.com\/ca\/creu-roja-comencara-a-implantar-la-seua-iniciativa-enredate-en-lalt-turia-i-el-raco-dademus-amb-el-suport-del-cit-ruraltec\/\" title=\"Creu Roja comen\u00e7ar\u00e0 a implantar la seua iniciativa \u201cEnr\u00e9date\u201d en l&#8217;Alt T\u00faria i el Rac\u00f3 d&#8217;Adem\u00fas amb el suport del CIT RuralTEC\">[+] <\/a><\/div>\n","protected":false},"author":12,"featured_media":266799,"comment_status":"open","ping_status":"open","sticky":false,"template":"","format":"standard","meta":{"footnotes":""},"categories":[10890,10926,11042,11046,10948,10894,10896],"tags":[22055,12468,22442],"class_list":["post-266800","post","type-post","status-publish","format-standard","has-post-thumbnail","category-ademus","category-ademus-ca","category-aras-de-olmos-ca","category-los-serranos-ca","category-infraestructuras-ca","category-la-comarca-ca","category-seccion-ca","tag-cit-ruraltec-ca","tag-cruz-roja-ca","tag-proyecto-enredate-ca"],"_links":{"self":[{"href":"https:\/\/tucomarca.whitekongsoftware.com\/ca\/wp-json\/wp\/v2\/posts\/266800","targetHints":{"allow":["GET"]}}],"collection":[{"href":"https:\/\/tucomarca.whitekongsoftware.com\/ca\/wp-json\/wp\/v2\/posts"}],"about":[{"href":"https:\/\/tucomarca.whitekongsoftware.com\/ca\/wp-json\/wp\/v2\/types\/post"}],"author":[{"embeddable":true,"href":"https:\/\/tucomarca.whitekongsoftware.com\/ca\/wp-json\/wp\/v2\/users\/12"}],"replies":[{"embeddable":true,"href":"https:\/\/tucomarca.whitekongsoftware.com\/ca\/wp-json\/wp\/v2\/comments?post=266800"}],"version-history":[{"count":0,"href":"https:\/\/tucomarca.whitekongsoftware.com\/ca\/wp-json\/wp\/v2\/posts\/266800\/revisions"}],"wp:featuredmedia":[{"embeddable":true,"href":"https:\/\/tucomarca.whitekongsoftware.com\/ca\/wp-json\/wp\/v2\/media\/266799"}],"wp:attachment":[{"href":"https:\/\/tucomarca.whitekongsoftware.com\/ca\/wp-json\/wp\/v2\/media?parent=266800"}],"wp:term":[{"taxonomy":"category","embeddable":true,"href":"https:\/\/tucomarca.whitekongsoftware.com\/ca\/wp-json\/wp\/v2\/categories?post=266800"},{"taxonomy":"post_tag","embeddable":true,"href":"https:\/\/tucomarca.whitekongsoftware.com\/ca\/wp-json\/wp\/v2\/tags?post=266800"}],"curies":[{"name":"wp","href":"https:\/\/api.w.org\/{rel}","templated":true}]}}