{"id":266593,"date":"2025-05-21T11:45:00","date_gmt":"2025-05-21T09:45:00","guid":{"rendered":"https:\/\/www.tucomarca.com\/wordpress\/segunda\/?p=266593"},"modified":"2025-05-21T19:09:51","modified_gmt":"2025-05-21T17:09:51","slug":"detingut-un-home-a-utiel-per-una-agressio-sexual-a-una-xiqueta-de-12-anys","status":"publish","type":"post","link":"https:\/\/tucomarca.whitekongsoftware.com\/ca\/detingut-un-home-a-utiel-per-una-agressio-sexual-a-una-xiqueta-de-12-anys\/","title":{"rendered":"Detingut un home a Utiel per una agressi\u00f3 sexual a una xiqueta de 12 anys"},"content":{"rendered":"\n<p class=\"wp-block-paragraph\">La Gu\u00e0rdia Civil ha arrestat a un home per un presumpte delicte d&#8217;agressi\u00f3 sexual a una menor de 12 anys i ha evitat el seu linxament ja que amics de la fam\u00edlia de la v\u00edctima estaven colpejant al presumpte pederasta, prenent-se la just\u00edcia per la seua m\u00e0.<\/p>\n\n\n\n<p class=\"wp-block-paragraph\">El presumpte pederasta havia sigut sorpr\u00e9s realitzant tocaments de car\u00e0cter sexual a la menor. Uns amics de la mare de la xiqueta van tractar de prendre&#8217;s la just\u00edcia per la seua m\u00e0 i van arremetre contra l&#8217;home ara detingut.<\/p>\n\n\n\n<p class=\"wp-block-paragraph\">Els fets van oc\u00f3rrer la vesprada del passat dilluns quan la Gu\u00e0rdia Civil va rebre un av\u00eds d&#8217;un possible linxament, amb colps i armes blanques, a un presumpte agressor sexual en la localitat d&#8217;Utiel. La patrulla que va acudir al lloc va aconseguir controlar la situaci\u00f3 i, es van emportar a l&#8217;home detingut per la presumpta agressi\u00f3 sexual a la menor.<\/p>\n","protected":false},"excerpt":{"rendered":"<div class=\"mh-excerpt\">La Gu\u00e0rdia Civil ha arrestat a un home per un presumpte delicte d&#8217;agressi\u00f3 sexual a una menor de 12 anys i ha evitat el seu linxament ja que amics de la fam\u00edlia de la v\u00edctima <a class=\"mh-excerpt-more\" href=\"https:\/\/tucomarca.whitekongsoftware.com\/ca\/detingut-un-home-a-utiel-per-una-agressio-sexual-a-una-xiqueta-de-12-anys\/\" title=\"Detingut un home a Utiel per una agressi\u00f3 sexual a una xiqueta de 12 anys\">[+] <\/a><\/div>\n","protected":false},"author":12,"featured_media":266592,"comment_status":"open","ping_status":"open","sticky":false,"template":"","format":"standard","meta":{"footnotes":""},"categories":[10898,10894,10909,10896,10897,11059],"tags":[22125,11118,10910,11174],"class_list":["post-266593","post","type-post","status-publish","format-standard","has-post-thumbnail","category-ventana-ca","category-la-comarca-ca","category-requena-utiel-ca","category-seccion-ca","category-sucesos-la-comarca-ca","category-utiel-ca","tag-agresion-sexual-ca","tag-guardia-civil-ca","tag-requena-utiel-ca","tag-utiel-ca"],"_links":{"self":[{"href":"https:\/\/tucomarca.whitekongsoftware.com\/ca\/wp-json\/wp\/v2\/posts\/266593","targetHints":{"allow":["GET"]}}],"collection":[{"href":"https:\/\/tucomarca.whitekongsoftware.com\/ca\/wp-json\/wp\/v2\/posts"}],"about":[{"href":"https:\/\/tucomarca.whitekongsoftware.com\/ca\/wp-json\/wp\/v2\/types\/post"}],"author":[{"embeddable":true,"href":"https:\/\/tucomarca.whitekongsoftware.com\/ca\/wp-json\/wp\/v2\/users\/12"}],"replies":[{"embeddable":true,"href":"https:\/\/tucomarca.whitekongsoftware.com\/ca\/wp-json\/wp\/v2\/comments?post=266593"}],"version-history":[{"count":0,"href":"https:\/\/tucomarca.whitekongsoftware.com\/ca\/wp-json\/wp\/v2\/posts\/266593\/revisions"}],"wp:featuredmedia":[{"embeddable":true,"href":"https:\/\/tucomarca.whitekongsoftware.com\/ca\/wp-json\/wp\/v2\/media\/266592"}],"wp:attachment":[{"href":"https:\/\/tucomarca.whitekongsoftware.com\/ca\/wp-json\/wp\/v2\/media?parent=266593"}],"wp:term":[{"taxonomy":"category","embeddable":true,"href":"https:\/\/tucomarca.whitekongsoftware.com\/ca\/wp-json\/wp\/v2\/categories?post=266593"},{"taxonomy":"post_tag","embeddable":true,"href":"https:\/\/tucomarca.whitekongsoftware.com\/ca\/wp-json\/wp\/v2\/tags?post=266593"}],"curies":[{"name":"wp","href":"https:\/\/api.w.org\/{rel}","templated":true}]}}