{"id":266564,"date":"2025-05-22T09:15:00","date_gmt":"2025-05-22T07:15:00","guid":{"rendered":"https:\/\/www.tucomarca.com\/wordpress\/segunda\/?p=266564"},"modified":"2025-05-22T09:31:32","modified_gmt":"2025-05-22T07:31:32","slug":"millares-acull-una-jornada-sobre-la-cova-donas-i-la-investigacio-arqueoespeleologica","status":"publish","type":"post","link":"https:\/\/tucomarca.whitekongsoftware.com\/ca\/millares-acull-una-jornada-sobre-la-cova-donas-i-la-investigacio-arqueoespeleologica\/","title":{"rendered":"Millares acull una jornada sobre la Cova Donas i la investigaci\u00f3 arqueoespeleol\u00f3gica"},"content":{"rendered":"\n<p class=\"wp-block-paragraph\">El pr\u00f2xim 24 de maig de 2025, el Sal\u00f3 de Plens de l&#8217;Ajuntament de Millares acollir\u00e0 una jornada divulgativa sobre els avan\u00e7os en la investigaci\u00f3 de la Cova Donas, un dels enclavaments prehist\u00f2rics m\u00e9s destacats de l&#8217;entorn.<\/p>\n\n\n<div class=\"wp-block-image\">\n<figure class=\"alignleft size-large is-resized\"><img loading=\"lazy\" decoding=\"async\" width=\"729\" height=\"1024\" src=\"http:\/\/www.tucomarca.com\/wordpress\/segunda\/wp-content\/uploads\/2025\/05\/MillaresCharlaCuevaDonas-729x1024.jpg\" alt=\"\" class=\"wp-image-266561\" style=\"width:388px;height:auto\" srcset=\"https:\/\/tucomarca.whitekongsoftware.com\/wp-content\/uploads\/2025\/05\/MillaresCharlaCuevaDonas-729x1024.jpg 729w, https:\/\/tucomarca.whitekongsoftware.com\/wp-content\/uploads\/2025\/05\/MillaresCharlaCuevaDonas-213x300.jpg 213w, https:\/\/tucomarca.whitekongsoftware.com\/wp-content\/uploads\/2025\/05\/MillaresCharlaCuevaDonas-768x1079.jpg 768w, https:\/\/tucomarca.whitekongsoftware.com\/wp-content\/uploads\/2025\/05\/MillaresCharlaCuevaDonas.jpg 886w\" sizes=\"auto, (max-width: 729px) 100vw, 729px\" \/><\/figure>\n<\/div>\n\n\n<p class=\"wp-block-paragraph\">L&#8217;esdeveniment, que donar\u00e0 principi a les 18.30 hores, comptar\u00e0 amb la participaci\u00f3 d&#8217;experts en arqueologia i espeleologia. El Dr. I\u00f1aki Intxaurbe (Universit\u00e9 de Bordeaux) presentar\u00e0 \u201cUna aventura arqueoespeleol\u00f3gica\u201d, mentre que la Dra. Virginia Barciela (Universitat d&#8217;Alacant) i el Dr. Aitor Ruiz-Redondo (Universitat de Saragossa) exposaran \u201cNovetats del Projecte Donarq: una investigaci\u00f3 multidisciplin\u00e0ria viva\u201d.<\/p>\n\n\n\n<p class=\"wp-block-paragraph\">L&#8217;activitat est\u00e0 organitzada per l&#8217;Ajuntament de Millares i l&#8217;Institut Universitari d&#8217;Investigaci\u00f3 en Arqueologia i Patrimoni Hist\u00f2ric de la Universitat d&#8217;Alacant, amb la col\u00b7laboraci\u00f3 de la Universitat de Saragossa.<\/p>\n\n\n\n<p class=\"wp-block-paragraph\">Aquesta jornada s&#8217;emmarca dins del projecte Donarq, que aposta per una investigaci\u00f3 integral del patrimoni subterrani i la seua posada en valor, combinant arqueologia, espeleologia i noves tecnologies.<\/p>\n","protected":false},"excerpt":{"rendered":"<div class=\"mh-excerpt\">El pr\u00f2xim 24 de maig de 2025, el Sal\u00f3 de Plens de l&#8217;Ajuntament de Millares acollir\u00e0 una jornada divulgativa sobre els avan\u00e7os en la investigaci\u00f3 de la Cova Donas, un dels enclavaments prehist\u00f2rics m\u00e9s destacats <a class=\"mh-excerpt-more\" href=\"https:\/\/tucomarca.whitekongsoftware.com\/ca\/millares-acull-una-jornada-sobre-la-cova-donas-i-la-investigacio-arqueoespeleologica\/\" title=\"Millares acull una jornada sobre la Cova Donas i la investigaci\u00f3 arqueoespeleol\u00f3gica\">[+] <\/a><\/div>\n","protected":false},"author":12,"featured_media":266562,"comment_status":"open","ping_status":"open","sticky":false,"template":"","format":"standard","meta":{"footnotes":""},"categories":[11019,10963,10894,10970,11007,10896],"tags":[21839,11094,11186],"class_list":["post-266564","post","type-post","status-publish","format-standard","has-post-thumbnail","category-agenda-ca","category-la-canal-de-navarres-ca","category-la-comarca-ca","category-millares-ca","category-ocio-y-cultura-ca","category-seccion-ca","tag-cueva-donas-ca","tag-la-canal-de-navarres","tag-millares-ca"],"_links":{"self":[{"href":"https:\/\/tucomarca.whitekongsoftware.com\/ca\/wp-json\/wp\/v2\/posts\/266564","targetHints":{"allow":["GET"]}}],"collection":[{"href":"https:\/\/tucomarca.whitekongsoftware.com\/ca\/wp-json\/wp\/v2\/posts"}],"about":[{"href":"https:\/\/tucomarca.whitekongsoftware.com\/ca\/wp-json\/wp\/v2\/types\/post"}],"author":[{"embeddable":true,"href":"https:\/\/tucomarca.whitekongsoftware.com\/ca\/wp-json\/wp\/v2\/users\/12"}],"replies":[{"embeddable":true,"href":"https:\/\/tucomarca.whitekongsoftware.com\/ca\/wp-json\/wp\/v2\/comments?post=266564"}],"version-history":[{"count":0,"href":"https:\/\/tucomarca.whitekongsoftware.com\/ca\/wp-json\/wp\/v2\/posts\/266564\/revisions"}],"wp:featuredmedia":[{"embeddable":true,"href":"https:\/\/tucomarca.whitekongsoftware.com\/ca\/wp-json\/wp\/v2\/media\/266562"}],"wp:attachment":[{"href":"https:\/\/tucomarca.whitekongsoftware.com\/ca\/wp-json\/wp\/v2\/media?parent=266564"}],"wp:term":[{"taxonomy":"category","embeddable":true,"href":"https:\/\/tucomarca.whitekongsoftware.com\/ca\/wp-json\/wp\/v2\/categories?post=266564"},{"taxonomy":"post_tag","embeddable":true,"href":"https:\/\/tucomarca.whitekongsoftware.com\/ca\/wp-json\/wp\/v2\/tags?post=266564"}],"curies":[{"name":"wp","href":"https:\/\/api.w.org\/{rel}","templated":true}]}}