{"id":266502,"date":"2025-05-20T13:30:00","date_gmt":"2025-05-20T11:30:00","guid":{"rendered":"https:\/\/www.tucomarca.com\/wordpress\/segunda\/?p=266502"},"modified":"2025-05-20T21:23:11","modified_gmt":"2025-05-20T19:23:11","slug":"el-consell-collabora-amb-els-ajuntaments-de-paiporta-ayora-i-ademuz-per-a-prestar-el-servici-datencio-presencial-en-la-declaracio-de-la-renda-2024","status":"publish","type":"post","link":"https:\/\/tucomarca.whitekongsoftware.com\/ca\/el-consell-collabora-amb-els-ajuntaments-de-paiporta-ayora-i-ademuz-per-a-prestar-el-servici-datencio-presencial-en-la-declaracio-de-la-renda-2024\/","title":{"rendered":"El Consell col\u00b7labora amb els ajuntaments de Paiporta, Ayora i Ademuz per a prestar el servici d\u2019atenci\u00f3 presencial en la declaraci\u00f3 de la renda 2024"},"content":{"rendered":"\n<h3 class=\"wp-block-heading\">L\u2019Ag\u00e8ncia Tribut\u00e0ria Valenciana (ATV) oferir\u00e0 assessorament personalitzat i gratu\u00eft en juny per a la realitzaci\u00f3 de les declaracions de la renda.<\/h3>\n\n\n\n<h3 class=\"wp-block-heading\">El servici es prestar\u00e0 en locals municipals condicionats amb connexi\u00f3 i espais d\u2019espera.<\/h3>\n\n\n\n<h3 class=\"wp-block-heading\">Paiporta ha sigut inclosa pels efectes de la DANA i Ayora i Ademuz per la seua ubicaci\u00f3 geogr\u00e0fica.<\/h3>\n\n\n\n<p class=\"wp-block-paragraph\">El Consell ha aprovat un conveni entre l\u2019Ag\u00e8ncia Tribut\u00e0ria Valenciana (ATV) i els ajuntaments de Paiporta, Ayora i Ademuz per a la prestaci\u00f3 del servici d\u2019assist\u00e8ncia als contribuents en la confecci\u00f3 de declaracions de l\u2019impost sobre la renda de les persones f\u00edsiques (IRPF) de l\u2019exercici 2024, aix\u00ed com per a la presentaci\u00f3 a trav\u00e9s del servici \u2018Rentaweb\u2019 de declaracions per este impost en representaci\u00f3 de tercers.<\/p>\n\n\n\n<p class=\"wp-block-paragraph\">En estes localitats s\u2019instal\u00b7laran punts d\u2019assist\u00e8ncia des dels quals l\u2019ATV oferir\u00e0 assessorament personalitzat i gratu\u00eft per a la realitzaci\u00f3 d\u2019estos tr\u00e0mits.<\/p>\n\n\n\n<p class=\"wp-block-paragraph\">A Paiporta, el conveni respon als perju\u00eds ocasionats per la DANA del passat mes d\u2019octubre. En el cas d\u2019Ayora i Ademuz, la mesura busca millorar l\u2019acc\u00e9s a este servici en localitats allunyades d\u2019oficines liquidadores.<\/p>\n\n\n\n<p class=\"wp-block-paragraph\">Mitjan\u00e7ant estos acords, els consistoris d\u2019estos municipis aportaran locals per a l\u2019atenci\u00f3 al contribuent durant el mes de juny, que tindr\u00e0 el seg\u00fcent horari: dilluns, dimarts i dijous de 9:00 a 14:30 hores i de 16:00 a 19:00 hores, i els dimecres i divendres de 9:00 a 15:00 hores (el nombre de dies en qu\u00e8 es prestar\u00e0 el servici es concretar\u00e0 amb cada corporaci\u00f3).<\/p>\n\n\n\n<p class=\"wp-block-paragraph\">Aix\u00ed mateix, les corporacions municipals hauran de garantir que estes oficines disposen de la deguda accessibilitat, amb la corresponent connexi\u00f3 a internet i amb una sala amb capacitat suficient per a gestionar les esperes que puguen produir-se.<\/p>\n\n\n\n<p class=\"wp-block-paragraph\">Per la seua banda, la Generalitat aportar\u00e0 el personal especialitzat en mat\u00e8ria tribut\u00e0ria, aix\u00ed com els programes i equipaments inform\u00e0tics d\u2019ajuda que es precisen.<\/p>\n\n\n\n<p class=\"wp-block-paragraph\">L\u2019Ag\u00e8ncia Tribut\u00e0ria Valenciana oferir\u00e0 del 2 al 30 de juny el servici d\u2019atenci\u00f3 presencial \u2018M\u00e9s prop de tu\u2019, en el qual oferir\u00e0 assessorament i la possibilitat de fer als contribuents la declaraci\u00f3 de la renda de manera presencial en un total de 68 punts, dels quals 31 seran en la prov\u00edncia de Val\u00e8ncia, 26 en la d\u2019Alacant i 11 en la de Castell\u00f3.<\/p>\n","protected":false},"excerpt":{"rendered":"<div class=\"mh-excerpt\">L\u2019Ag\u00e8ncia Tribut\u00e0ria Valenciana (ATV) oferir\u00e0 assessorament personalitzat i gratu\u00eft en juny per a la realitzaci\u00f3 de les declaracions de la renda. El servici es prestar\u00e0 en locals municipals condicionats amb connexi\u00f3 i espais d\u2019espera. Paiporta <a class=\"mh-excerpt-more\" href=\"https:\/\/tucomarca.whitekongsoftware.com\/ca\/el-consell-collabora-amb-els-ajuntaments-de-paiporta-ayora-i-ademuz-per-a-prestar-el-servici-datencio-presencial-en-la-declaracio-de-la-renda-2024\/\" title=\"El Consell col\u00b7labora amb els ajuntaments de Paiporta, Ayora i Ademuz per a prestar el servici d\u2019atenci\u00f3 presencial en la declaraci\u00f3 de la renda 2024\">[+] <\/a><\/div>\n","protected":false},"author":12,"featured_media":171460,"comment_status":"open","ping_status":"open","sticky":false,"template":"","format":"standard","meta":{"footnotes":""},"categories":[10890,10926,10954,10951,21466,10898,10948,10894,10904,10947,10896],"tags":[11097,22430,11216,14300,11498],"class_list":["post-266502","post","type-post","status-publish","format-standard","has-post-thumbnail","category-ademus","category-ademus-ca","category-ayora-ca","category-ayora-cofrentes-ca","category-dana-ca","category-ventana-ca","category-infraestructuras-ca","category-la-comarca-ca","category-sin-categorizar-ca","category-politica","category-seccion-ca","tag-ademuz-ca","tag-agencia-tributaria-valenciana-ca","tag-ayora-cofrentes-ca","tag-conselleria-de-hacienda-ca","tag-generalitat-valenciana-ca"],"_links":{"self":[{"href":"https:\/\/tucomarca.whitekongsoftware.com\/ca\/wp-json\/wp\/v2\/posts\/266502","targetHints":{"allow":["GET"]}}],"collection":[{"href":"https:\/\/tucomarca.whitekongsoftware.com\/ca\/wp-json\/wp\/v2\/posts"}],"about":[{"href":"https:\/\/tucomarca.whitekongsoftware.com\/ca\/wp-json\/wp\/v2\/types\/post"}],"author":[{"embeddable":true,"href":"https:\/\/tucomarca.whitekongsoftware.com\/ca\/wp-json\/wp\/v2\/users\/12"}],"replies":[{"embeddable":true,"href":"https:\/\/tucomarca.whitekongsoftware.com\/ca\/wp-json\/wp\/v2\/comments?post=266502"}],"version-history":[{"count":0,"href":"https:\/\/tucomarca.whitekongsoftware.com\/ca\/wp-json\/wp\/v2\/posts\/266502\/revisions"}],"wp:featuredmedia":[{"embeddable":true,"href":"https:\/\/tucomarca.whitekongsoftware.com\/ca\/wp-json\/wp\/v2\/media\/171460"}],"wp:attachment":[{"href":"https:\/\/tucomarca.whitekongsoftware.com\/ca\/wp-json\/wp\/v2\/media?parent=266502"}],"wp:term":[{"taxonomy":"category","embeddable":true,"href":"https:\/\/tucomarca.whitekongsoftware.com\/ca\/wp-json\/wp\/v2\/categories?post=266502"},{"taxonomy":"post_tag","embeddable":true,"href":"https:\/\/tucomarca.whitekongsoftware.com\/ca\/wp-json\/wp\/v2\/tags?post=266502"}],"curies":[{"name":"wp","href":"https:\/\/api.w.org\/{rel}","templated":true}]}}