{"id":266481,"date":"2025-05-20T15:00:00","date_gmt":"2025-05-20T13:00:00","guid":{"rendered":"https:\/\/www.tucomarca.com\/wordpress\/segunda\/?p=266481"},"modified":"2025-05-20T21:29:34","modified_gmt":"2025-05-20T19:29:34","slug":"el-consell-ratifica-la-contractacio-demergencia-de-les-obres-necessaries-per-a-la-reconstruccio-de-lantiga-n-iii-en-el-terme-municipal-dutiel","status":"publish","type":"post","link":"https:\/\/tucomarca.whitekongsoftware.com\/ca\/el-consell-ratifica-la-contractacio-demergencia-de-les-obres-necessaries-per-a-la-reconstruccio-de-lantiga-n-iii-en-el-terme-municipal-dutiel\/","title":{"rendered":"El Consell ratifica la contractaci\u00f3 d&#8217;emerg\u00e8ncia de les obres necess\u00e0ries per a la reconstrucci\u00f3 de l&#8217;antiga N-III en el terme municipal d&#8217;Utiel"},"content":{"rendered":"\n<h3 class=\"wp-block-heading\">L&#8217;import global del contracte ascendeix a 3.564.000 euros.<\/h3>\n\n\n\n<p class=\"wp-block-paragraph\">El Consell ha ratificat la contractaci\u00f3 d&#8217;emerg\u00e8ncia de les obres necess\u00e0ries per a reconstruir l&#8217;antiga N-III afectada per les inundacions del passat mes d&#8217;octubre, a l&#8217;entorn del llit del riu Magre, en el municipi d&#8217;Utiel, per valor de 3,5 milions d&#8217;euros.<\/p>\n\n\n\n<p class=\"wp-block-paragraph\">L&#8217;extraordinari augment del cabal del riu Magre al seu pas pel municipi d&#8217;Utiel, juntament amb la velocitat del corrent provocat pel fort pendent del terreny, va generar greus danys en infraestructures, tant dins del nucli urb\u00e0 com en el seu entorn.<\/p>\n\n\n\n<p class=\"wp-block-paragraph\">Un dels punts m\u00e9s afectats va ser el pont de la N-III sobre el riu, que compta amb tres arcs i que va quedar r\u00e0pidament obstru\u00eft pels materials i vegetaci\u00f3 arrossegats per l&#8217;aigua. Aquesta obstrucci\u00f3 va provocar el desbordament del riu, la inundaci\u00f3 de camps pr\u00f2xims i, finalment, el col\u00b7lapse de la carretera en un tram d&#8217;aproximadament un quil\u00f2metre de longitud, en saltar l&#8217;aigua per damunt del ferm.<\/p>\n\n\n\n<p class=\"wp-block-paragraph\">Per tot aix\u00f2, les obres necess\u00e0ries que ha assumit la Generalitat contemplen la demolici\u00f3 del pont afectat i la construcci\u00f3 d&#8217;una nova estructura. Tamb\u00e9 el condicionament del llit del llit en la zona afectada i l&#8217;adaptaci\u00f3 del tra\u00e7at de la carretera a la nova rasant. Les actuacions inclouen aix\u00ed mateix la neteja i reparaci\u00f3 de les obres de drenatge transversal, l&#8217;execuci\u00f3 de nova senyalitzaci\u00f3 vertical i horitzontal, la instal\u00b7laci\u00f3 d&#8217;elements de contenci\u00f3 i la corresponent gesti\u00f3 de residus generats durant la intervenci\u00f3.<\/p>\n\n\n\n<p class=\"wp-block-paragraph\">L&#8217;import global del contracte ascendeix a 3.564.000 euros, corresponent 3.300.000 euros a l&#8217;execuci\u00f3 de les obres i 264.000 euros als serveis de direcci\u00f3 d&#8217;obra i coordinaci\u00f3 de seguretat i salut.<\/p>\n\n\n\n<p class=\"wp-block-paragraph\">Aquests treballs formen part del pla Recuperem Val\u00e8ncia de la Generalitat per a la rehabilitaci\u00f3 d&#8217;infraestructures locals en m\u00e9s d&#8217;una vintena de municipis. Les actuacions s&#8217;executen despr\u00e9s que els municipis hagen cedit les compet\u00e8ncies a la Generalitat perqu\u00e8 les obres es puguen realitzar de forma m\u00e9s \u00e0gil.<\/p>\n","protected":false},"excerpt":{"rendered":"<div class=\"mh-excerpt\">L&#8217;import global del contracte ascendeix a 3.564.000 euros. El Consell ha ratificat la contractaci\u00f3 d&#8217;emerg\u00e8ncia de les obres necess\u00e0ries per a reconstruir l&#8217;antiga N-III afectada per les inundacions del passat mes d&#8217;octubre, a l&#8217;entorn del <a class=\"mh-excerpt-more\" href=\"https:\/\/tucomarca.whitekongsoftware.com\/ca\/el-consell-ratifica-la-contractacio-demergencia-de-les-obres-necessaries-per-a-la-reconstruccio-de-lantiga-n-iii-en-el-terme-municipal-dutiel\/\" title=\"El Consell ratifica la contractaci\u00f3 d&#8217;emerg\u00e8ncia de les obres necess\u00e0ries per a la reconstrucci\u00f3 de l&#8217;antiga N-III en el terme municipal d&#8217;Utiel\">[+] <\/a><\/div>\n","protected":false},"author":12,"featured_media":260200,"comment_status":"open","ping_status":"open","sticky":false,"template":"","format":"standard","meta":{"footnotes":""},"categories":[21466,10948,10894,10904,10903,10947,10909,10896,11059],"tags":[15409,11498,10910,11174],"class_list":["post-266481","post","type-post","status-publish","format-standard","has-post-thumbnail","category-dana-ca","category-infraestructuras-ca","category-la-comarca-ca","category-sin-categorizar-ca","category-medio-ambiente-la-comarca-ca","category-politica","category-requena-utiel-ca","category-seccion-ca","category-utiel-ca","tag-dana-2-ca","tag-generalitat-valenciana-ca","tag-requena-utiel-ca","tag-utiel-ca"],"_links":{"self":[{"href":"https:\/\/tucomarca.whitekongsoftware.com\/ca\/wp-json\/wp\/v2\/posts\/266481","targetHints":{"allow":["GET"]}}],"collection":[{"href":"https:\/\/tucomarca.whitekongsoftware.com\/ca\/wp-json\/wp\/v2\/posts"}],"about":[{"href":"https:\/\/tucomarca.whitekongsoftware.com\/ca\/wp-json\/wp\/v2\/types\/post"}],"author":[{"embeddable":true,"href":"https:\/\/tucomarca.whitekongsoftware.com\/ca\/wp-json\/wp\/v2\/users\/12"}],"replies":[{"embeddable":true,"href":"https:\/\/tucomarca.whitekongsoftware.com\/ca\/wp-json\/wp\/v2\/comments?post=266481"}],"version-history":[{"count":0,"href":"https:\/\/tucomarca.whitekongsoftware.com\/ca\/wp-json\/wp\/v2\/posts\/266481\/revisions"}],"wp:featuredmedia":[{"embeddable":true,"href":"https:\/\/tucomarca.whitekongsoftware.com\/ca\/wp-json\/wp\/v2\/media\/260200"}],"wp:attachment":[{"href":"https:\/\/tucomarca.whitekongsoftware.com\/ca\/wp-json\/wp\/v2\/media?parent=266481"}],"wp:term":[{"taxonomy":"category","embeddable":true,"href":"https:\/\/tucomarca.whitekongsoftware.com\/ca\/wp-json\/wp\/v2\/categories?post=266481"},{"taxonomy":"post_tag","embeddable":true,"href":"https:\/\/tucomarca.whitekongsoftware.com\/ca\/wp-json\/wp\/v2\/tags?post=266481"}],"curies":[{"name":"wp","href":"https:\/\/api.w.org\/{rel}","templated":true}]}}