{"id":266200,"date":"2025-05-17T14:00:00","date_gmt":"2025-05-17T12:00:00","guid":{"rendered":"https:\/\/www.tucomarca.com\/wordpress\/segunda\/?p=266200"},"modified":"2025-05-17T22:52:02","modified_gmt":"2025-05-17T20:52:02","slug":"mazon-hem-facilitat-lacces-a-financament-a-cost-zero-a-438-empreses-i-autonoms-afectats-per-les-riuades-per-un-valor-de-1238-milions-deuros","status":"publish","type":"post","link":"https:\/\/tucomarca.whitekongsoftware.com\/ca\/mazon-hem-facilitat-lacces-a-financament-a-cost-zero-a-438-empreses-i-autonoms-afectats-per-les-riuades-per-un-valor-de-1238-milions-deuros\/","title":{"rendered":"Maz\u00f3n: \u201cHem facilitat l&#8217;acc\u00e9s a finan\u00e7ament a cost zero a 438 empreses i aut\u00f2noms afectats per les riuades per un valor de 123,8 milions d&#8217;euros\u201d"},"content":{"rendered":"\n<h3 class=\"wp-block-heading\">Assenyala que les signatures beneficiares s&#8217;han estalviat 14 milions d&#8217;euros que aporta la Generalitat \u201cper a cobrir el tipus d&#8217;inter\u00e9s que correspon a aquesta mena d&#8217;operacions\u201d.<\/h3>\n\n\n\n<h3 class=\"wp-block-heading\">Subratlla la posada a la disposici\u00f3 de 350 milions d&#8217;euros a trav\u00e9s de l&#8217;IVF i Afin SGR en pr\u00e9stecs bonificats sense cost ni comissions, amb \u00e0mplies mancances i a llarg termini\u00a0.<\/h3>\n\n\n\n<h3 class=\"wp-block-heading\">Destaca que \u201cper primera vegada la Generalitat cobreix el 100% de la inversi\u00f3 sense cap c\u00e0rrec per als beneficiaris\u201d i recorda que el Consell ha sol\u00b7licitat al Govern \u201cl&#8217;eliminaci\u00f3 dels interessos dels pr\u00e9stecs amb aval ICO\u201d.<\/h3>\n\n\n\n<h3 class=\"wp-block-heading\">Remarca que \u201cdes del primer minut\u201d la Generalitat est\u00e0 al costat dels sectors productius damnificats amb ajudes directes, incentius fiscals, execuci\u00f3 d&#8217;infraestructures i agilitat administrativa.<\/h3>\n\n\n\n<p class=\"wp-block-paragraph\">El president de la Generalitat, Carlos Maz\u00f3n, ha assenyalat que l&#8217;Executiu valenci\u00e0 \u201cja ha facilitat l&#8217;acc\u00e9s a finan\u00e7ament a cost zero a 438 empreses i aut\u00f2noms afectats per les riuades per un valor de 123,8 milions d&#8217;euros\u201d.<\/p>\n\n\n\n<p class=\"wp-block-paragraph\">El cap del Consell ha explicat que fins a la data les operacions realitzades \u201chan perm\u00e9s als beneficiaris estalviar-se 14 milions d&#8217;euros\u201d que corresponen al tipus d&#8217;inter\u00e9s que s&#8217;aplica a aquesta mena d&#8217;operacions en condicions de mercat.<\/p>\n\n\n\n<p class=\"wp-block-paragraph\">Cal destacar que el Govern valenci\u00e0 ha posat a la disposici\u00f3 del teixit empresarial 350 milions en l\u00ednies de liquiditat habilitades des del Institut Valenci\u00e0 de Finances (IVF) i Af\u00ed SGR, que gr\u00e0cies a l&#8217;aportaci\u00f3 directa de la Generalitat de 65 milions d&#8217;euros \u201cpermet a les empreses i aut\u00f2noms no fer front al cost dels interessos\u201d, ha indicat.<\/p>\n\n\n\n<p class=\"wp-block-paragraph\">El president ha explicat que \u201cel nostre objectiu des del minut un \u00e9s fer costat al teixit productiu amb mesures immediates que no comporten c\u00e0rregues financeres addicionals perqu\u00e8 volem respondre a les seues necessitats perqu\u00e8 es recuperen com m\u00e9s prompte millor\u201d.<\/p>\n\n\n\n<p class=\"wp-block-paragraph\">En aquesta l\u00ednia s&#8217;emmarquen els pr\u00e9stecs bonificats de l&#8217;IVF i Afin SGR que s\u00f3n \u201cinstruments excepcionals que s&#8217;ofereixen al 0% d&#8217;inter\u00e9s, amb amplies mancances i sense comissions de cap mena\u201d, ha afirmat Maz\u00f3n.&nbsp;<\/p>\n\n\n\n<p class=\"wp-block-paragraph\">De fet, ha ressaltat que \u201cper primera vegada en la hist\u00f2ria d&#8217;aquestes entitats es cobreix el 100% de la inversi\u00f3 sense cap cost per als beneficiaris per a evitar que hagen de realitzar aportacions pr\u00f2pies\u201d. En aquest punt, Maz\u00f3n ha recordat que la Generalitat ha sol\u00b7licitat al Govern d&#8217;Espanya l&#8217;eliminaci\u00f3 dels interessos dels pr\u00e9stecs amb aval ICO \u201cperqu\u00e8 \u00e9s una immoralitat\u201d.<\/p>\n\n\n\n<p class=\"wp-block-paragraph\">En concret, l&#8217;IVF ha dissenyat una l\u00ednia de cr\u00e8dit bonificat per a empreses afectades dotat amb 200 milions d&#8217;euros, amb les quals ofereix pr\u00e9stecs d&#8217;entre 200.000 i tres milions d&#8217;euros, en per\u00edodes de fins a deu anys i amb amplies mancances. Fins a la data, s&#8217;han aprovat 58 operacions per un import de 31,3 milions d&#8217;euros que han suposat un estalvi en imports financers de 5,5 milions d&#8217;euros.<\/p>\n\n\n\n<p class=\"wp-block-paragraph\">D&#8217;altra banda, Af\u00ed SGR ha posat en marxa una l\u00ednia de finan\u00e7ament tamb\u00e9 a cost zero dotat amb 150 milions d&#8217;euros. Aquest instrument financer es dirigeix a aut\u00f2noms i pimes, als quals s&#8217;ofereixen pr\u00e9stecs d&#8217;entre 25.000 i 1.000.000 euros, amb terminis i mancances similars als oferits en la l\u00ednia IVF. Ja s&#8217;han activat 380 operacions per un import de 92,5 milions d&#8217;euros que han suposat 8,5 milions en estalvi per a les empreses.<\/p>\n\n\n\n<p class=\"wp-block-paragraph\">Per al president, aquests pr\u00e9stecs s\u00f3n fonamentals \u201cperqu\u00e8 el teixit productiu damnificat puga renovar maquin\u00e0ria i equips, reparar i millorar instal\u00b7lacions o invertir en equipament i tecnologies que els facen m\u00e9s competitius\u201d.<\/p>\n\n\n\n<p class=\"wp-block-paragraph\"><strong>La recuperaci\u00f3 d&#8217;empreses i aut\u00f2noms, una prioritat per al Consell<\/strong><\/p>\n\n\n\n<p class=\"wp-block-paragraph\">El cap del Consell ha ressaltat que aquests pr\u00e9stecs bonificats se sumen a altres actuacions posades en marxa per la Generalitat per a fer costat als sectors productius de les zones afectades \u201camb ajudes directes, sense burocr\u00e0cia i amb agilitat, aix\u00ed com reconstrucci\u00f3 d&#8217;infraestructures i incentius fiscals\u201d.&nbsp;<\/p>\n\n\n\n<p class=\"wp-block-paragraph\">Aix\u00ed, s&#8217;ha referit a l&#8217;ampliaci\u00f3 de les ajudes per a pal\u00b7liar la p\u00e8rdua de vehicles en les riuades que inclouen \u201cautobusos, camions de m\u00e9s de 3.500 quilos, tractors, caravanes i autocaravanes, remolcs i maquin\u00e0ria automotriu i remolcada, entre altres\u201d, i que a m\u00e9s s&#8217;estendran a les persones jur\u00eddiques, com a empreses i entitats.<\/p>\n\n\n\n<p class=\"wp-block-paragraph\">D&#8217;aquest, ha recordat els 100 milions d&#8217;euros per a aut\u00f2noms amb empleats i empreses de la Conselleria d&#8217;Innovaci\u00f3, Ind\u00fastria, Comer\u00e7 i Turisme, i els 90 milions d&#8217;euros per a aut\u00f2noms sense assalariats de Labora.&nbsp;<\/p>\n\n\n\n<p class=\"wp-block-paragraph\">A aquestes l\u00ednies, cal afegir el Pla Llaura Empreses, que va obrir el 15 d&#8217;abril el termini per a sol\u00b7licitar les ajudes i que est\u00e0 dotat amb un pressupost de 127,4 milions d&#8217;euros dirigits a la recuperaci\u00f3 i reactivaci\u00f3 de les petites i mitjanes empreses industrials, aix\u00ed com comer\u00e7os, hostaleria i serveis. Aix\u00ed mateix, se suma la nova ajuda de 10 milions d&#8217;euros per a donar suport a la internacionalitzaci\u00f3 de les empreses afectades per les riuades.<\/p>\n","protected":false},"excerpt":{"rendered":"<div class=\"mh-excerpt\">Assenyala que les signatures beneficiares s&#8217;han estalviat 14 milions d&#8217;euros que aporta la Generalitat \u201cper a cobrir el tipus d&#8217;inter\u00e9s que correspon a aquesta mena d&#8217;operacions\u201d. Subratlla la posada a la disposici\u00f3 de 350 milions <a class=\"mh-excerpt-more\" href=\"https:\/\/tucomarca.whitekongsoftware.com\/ca\/mazon-hem-facilitat-lacces-a-financament-a-cost-zero-a-438-empreses-i-autonoms-afectats-per-les-riuades-per-un-valor-de-1238-milions-deuros\/\" title=\"Maz\u00f3n: \u201cHem facilitat l&#8217;acc\u00e9s a finan\u00e7ament a cost zero a 438 empreses i aut\u00f2noms afectats per les riuades per un valor de 123,8 milions d&#8217;euros\u201d\">[+] <\/a><\/div>\n","protected":false},"author":1,"featured_media":243163,"comment_status":"open","ping_status":"open","sticky":false,"template":"","format":"standard","meta":{"footnotes":""},"categories":[21466,10898,10948,10894,10904,10903,10947,10896,10897],"tags":[10899,15409,10914,10910],"class_list":["post-266200","post","type-post","status-publish","format-standard","has-post-thumbnail","category-dana-ca","category-ventana-ca","category-infraestructuras-ca","category-la-comarca-ca","category-sin-categorizar-ca","category-medio-ambiente-la-comarca-ca","category-politica","category-seccion-ca","category-sucesos-la-comarca-ca","tag-camp-de-turia-ca","tag-dana-2-ca","tag-la-hoya-de-bunol-chiva-ca","tag-requena-utiel-ca"],"_links":{"self":[{"href":"https:\/\/tucomarca.whitekongsoftware.com\/ca\/wp-json\/wp\/v2\/posts\/266200","targetHints":{"allow":["GET"]}}],"collection":[{"href":"https:\/\/tucomarca.whitekongsoftware.com\/ca\/wp-json\/wp\/v2\/posts"}],"about":[{"href":"https:\/\/tucomarca.whitekongsoftware.com\/ca\/wp-json\/wp\/v2\/types\/post"}],"author":[{"embeddable":true,"href":"https:\/\/tucomarca.whitekongsoftware.com\/ca\/wp-json\/wp\/v2\/users\/1"}],"replies":[{"embeddable":true,"href":"https:\/\/tucomarca.whitekongsoftware.com\/ca\/wp-json\/wp\/v2\/comments?post=266200"}],"version-history":[{"count":0,"href":"https:\/\/tucomarca.whitekongsoftware.com\/ca\/wp-json\/wp\/v2\/posts\/266200\/revisions"}],"wp:attachment":[{"href":"https:\/\/tucomarca.whitekongsoftware.com\/ca\/wp-json\/wp\/v2\/media?parent=266200"}],"wp:term":[{"taxonomy":"category","embeddable":true,"href":"https:\/\/tucomarca.whitekongsoftware.com\/ca\/wp-json\/wp\/v2\/categories?post=266200"},{"taxonomy":"post_tag","embeddable":true,"href":"https:\/\/tucomarca.whitekongsoftware.com\/ca\/wp-json\/wp\/v2\/tags?post=266200"}],"curies":[{"name":"wp","href":"https:\/\/api.w.org\/{rel}","templated":true}]}}