{"id":266083,"date":"2025-05-16T09:30:00","date_gmt":"2025-05-16T07:30:00","guid":{"rendered":"https:\/\/www.tucomarca.com\/wordpress\/segunda\/?p=266083"},"modified":"2025-05-16T19:14:00","modified_gmt":"2025-05-16T17:14:00","slug":"el-consorci-provincial-de-bombers-de-valencia-participa-en-la-trobada-nacional-de-rescat-en-accidents-de-transit-i-de-trauma","status":"publish","type":"post","link":"https:\/\/tucomarca.whitekongsoftware.com\/ca\/el-consorci-provincial-de-bombers-de-valencia-participa-en-la-trobada-nacional-de-rescat-en-accidents-de-transit-i-de-trauma\/","title":{"rendered":"El Consorci Provincial de Bombers de Val\u00e8ncia participa en la Trobada Nacional de Rescat en Accidents de Tr\u00e0nsit i de Trauma\u00a0"},"content":{"rendered":"\n<h3 class=\"wp-block-heading\">Dos equips de l&#8217;entitat dependent de la Diputaci\u00f3 de Val\u00e8ncia competixen en esta cita que se celebra a Cartagena i servir\u00e0 per a seleccionar els representants d&#8217;Espanya en el mundial World Rescue Challenge, que tindr\u00e0 lloc en Karlovac, Cro\u00e0cia, el mes de setembre.<\/h3>\n\n\n\n<p class=\"wp-block-paragraph\">Dos equips del Consorci Provincial de Bombers de Val\u00e8ncia (CPBV) es troben ja a Cartagena, M\u00farcia, per participar en la Trobada Nacional de Rescat en Accidents de tr\u00e0nsit i de Trauma, ENRAT, que se celebra entre el 14 i el 16 de maig.&nbsp;<\/p>\n\n\n\n<p class=\"wp-block-paragraph\">Els equips de l&#8217;entitat de la Diputaci\u00f3 de Val\u00e8ncia, anomenats Consorci 1 i Consorci 2, disputaran tant les proves d&#8217;excarceraci\u00f3 com les de trauma. Segons explica el president del CPBV, Avelino Mascarell, qui acudir\u00e0 a la segona jornada de la competici\u00f3, \u201cel fet de tindre la capacitat de competir amb dos equips \u00e9s una mostra de l&#8217;alt nivell del Consorci en mat\u00e8ria de rescats en accidents i de la seua alta preparaci\u00f3 continuada al llarg de tot l&#8217;any\u201d i recorda que \u201cel Consorci t\u00e9 el seu propi Comit\u00e9 de Trobades d&#8217;Excarceraci\u00f3, el Comenex, el qual s&#8217;encarrega de promoure les accions en mat\u00e8ria de formaci\u00f3 i foment de l&#8217;excel\u00b7l\u00e8ncia en rescats\u201d.<\/p>\n\n\n\n<figure class=\"wp-block-image size-large\"><img loading=\"lazy\" decoding=\"async\" width=\"1024\" height=\"768\" src=\"http:\/\/www.tucomarca.com\/wordpress\/segunda\/wp-content\/uploads\/2025\/05\/Bomberos2-1024x768.jpeg\" alt=\"\" class=\"wp-image-266076\" srcset=\"https:\/\/tucomarca.whitekongsoftware.com\/wp-content\/uploads\/2025\/05\/Bomberos2-1024x768.jpeg 1024w, https:\/\/tucomarca.whitekongsoftware.com\/wp-content\/uploads\/2025\/05\/Bomberos2-300x225.jpeg 300w, https:\/\/tucomarca.whitekongsoftware.com\/wp-content\/uploads\/2025\/05\/Bomberos2-768x576.jpeg 768w, https:\/\/tucomarca.whitekongsoftware.com\/wp-content\/uploads\/2025\/05\/Bomberos2-1536x1152.jpeg 1536w, https:\/\/tucomarca.whitekongsoftware.com\/wp-content\/uploads\/2025\/05\/Bomberos2-678x509.jpeg 678w, https:\/\/tucomarca.whitekongsoftware.com\/wp-content\/uploads\/2025\/05\/Bomberos2-326x245.jpeg 326w, https:\/\/tucomarca.whitekongsoftware.com\/wp-content\/uploads\/2025\/05\/Bomberos2-80x60.jpeg 80w, https:\/\/tucomarca.whitekongsoftware.com\/wp-content\/uploads\/2025\/05\/Bomberos2.jpeg 1600w\" sizes=\"auto, (max-width: 1024px) 100vw, 1024px\" \/><\/figure>\n\n\n\n<p class=\"wp-block-paragraph\">Durant l&#8217;ENRAT 2025, que celebra enguany la seua XIX edici\u00f3, cada equip participant est\u00e0 format per un comandament de bombers, quatre membres de l&#8217;equip t\u00e8cnic (bombers) i un membre sanitari. Cada unitat ha de completar dos maniobres de rescat i una de trauma; cosa que ha fet ja el primer equip del Consorci en la jornada del dijous, deixant \u201cmolt bones sensacions\u201d, tal com explica l&#8217;expedici\u00f3 despla\u00e7ada a Cartagena.&nbsp;<\/p>\n\n\n\n<p class=\"wp-block-paragraph\">El palmar\u00e9s de guardons es donar\u00e0 a con\u00e9ixer durant la gala de clausura que tindr\u00e0 lloc el divendres 16 de maig, amb l&#8217;al\u00b7licient que suposa el que l&#8217;equip guanyador represente a Espanya en el mundial World Rescue Challenge que se celebra entre el 9 i el 14 de setembre en Karlovac, Cro\u00e0cia.&nbsp;<\/p>\n\n\n\n<p class=\"wp-block-paragraph\">Estes cites nacionals estan organitzades per *APRAT, l&#8217;Associaci\u00f3 Professional de Rescats en Accident, i enguany tenen als bombers de l&#8217;Ajuntament de Cartagena com a amfitrions. El principal objectiu d&#8217;estos esdeveniments competitius \u00e9s crear una s\u00f2lida plataforma d&#8217;aprenentatge i investigaci\u00f3 cont\u00ednua de millora en el rescat viari.<\/p>\n","protected":false},"excerpt":{"rendered":"<div class=\"mh-excerpt\">Dos equips de l&#8217;entitat dependent de la Diputaci\u00f3 de Val\u00e8ncia competixen en esta cita que se celebra a Cartagena i servir\u00e0 per a seleccionar els representants d&#8217;Espanya en el mundial World Rescue Challenge, que tindr\u00e0 <a class=\"mh-excerpt-more\" href=\"https:\/\/tucomarca.whitekongsoftware.com\/ca\/el-consorci-provincial-de-bombers-de-valencia-participa-en-la-trobada-nacional-de-rescat-en-accidents-de-transit-i-de-trauma\/\" title=\"El Consorci Provincial de Bombers de Val\u00e8ncia participa en la Trobada Nacional de Rescat en Accidents de Tr\u00e0nsit i de Trauma\u00a0\">[+] <\/a><\/div>\n","protected":false},"author":12,"featured_media":266081,"comment_status":"open","ping_status":"open","sticky":false,"template":"","format":"standard","meta":{"footnotes":""},"categories":[10898,10948,10894,10904,10903,10896,10897],"tags":[12834,11246,22401,22402],"class_list":["post-266083","post","type-post","status-publish","format-standard","has-post-thumbnail","category-ventana-ca","category-infraestructuras-ca","category-la-comarca-ca","category-sin-categorizar-ca","category-medio-ambiente-la-comarca-ca","category-seccion-ca","category-sucesos-la-comarca-ca","tag-consorcio-provincial-de-bomberos-de-valencia-ca","tag-diputacio-de-valencia-ca","tag-encuentro-nacional-de-rescate-en-accidentes-de-trafico-y-de-trauma-ca","tag-enrat-ca"],"_links":{"self":[{"href":"https:\/\/tucomarca.whitekongsoftware.com\/ca\/wp-json\/wp\/v2\/posts\/266083","targetHints":{"allow":["GET"]}}],"collection":[{"href":"https:\/\/tucomarca.whitekongsoftware.com\/ca\/wp-json\/wp\/v2\/posts"}],"about":[{"href":"https:\/\/tucomarca.whitekongsoftware.com\/ca\/wp-json\/wp\/v2\/types\/post"}],"author":[{"embeddable":true,"href":"https:\/\/tucomarca.whitekongsoftware.com\/ca\/wp-json\/wp\/v2\/users\/12"}],"replies":[{"embeddable":true,"href":"https:\/\/tucomarca.whitekongsoftware.com\/ca\/wp-json\/wp\/v2\/comments?post=266083"}],"version-history":[{"count":0,"href":"https:\/\/tucomarca.whitekongsoftware.com\/ca\/wp-json\/wp\/v2\/posts\/266083\/revisions"}],"wp:featuredmedia":[{"embeddable":true,"href":"https:\/\/tucomarca.whitekongsoftware.com\/ca\/wp-json\/wp\/v2\/media\/266081"}],"wp:attachment":[{"href":"https:\/\/tucomarca.whitekongsoftware.com\/ca\/wp-json\/wp\/v2\/media?parent=266083"}],"wp:term":[{"taxonomy":"category","embeddable":true,"href":"https:\/\/tucomarca.whitekongsoftware.com\/ca\/wp-json\/wp\/v2\/categories?post=266083"},{"taxonomy":"post_tag","embeddable":true,"href":"https:\/\/tucomarca.whitekongsoftware.com\/ca\/wp-json\/wp\/v2\/tags?post=266083"}],"curies":[{"name":"wp","href":"https:\/\/api.w.org\/{rel}","templated":true}]}}