{"id":265936,"date":"2025-05-15T08:05:00","date_gmt":"2025-05-15T06:05:00","guid":{"rendered":"https:\/\/www.tucomarca.com\/wordpress\/segunda\/?p=265936"},"modified":"2025-05-15T18:25:55","modified_gmt":"2025-05-15T16:25:55","slug":"comencen-les-obres-en-el-llit-del-barranc-de-la-sechara-al-seu-pas-pel-parc-empresarial-circuit-de-xest","status":"publish","type":"post","link":"https:\/\/tucomarca.whitekongsoftware.com\/ca\/comencen-les-obres-en-el-llit-del-barranc-de-la-sechara-al-seu-pas-pel-parc-empresarial-circuit-de-xest\/","title":{"rendered":"Comencen les obres en el llit del barranc de la Sechara al seu pas pel parc empresarial Circuit de Xest"},"content":{"rendered":"\n<p class=\"wp-block-paragraph\">La Generalitat Valenciana, a trav\u00e9s de la Direcci\u00f3 General de l&#8217;Aigua, ha comen\u00e7at recentment les actuacions previstes al parc empresarial Circuit Xest per a reparar els danys causats pel desbordament del barranc de la Sechara durant la DANA del passat 29 d&#8217;octubre.<\/p>\n\n\n\n<p class=\"wp-block-paragraph\">Entre les intervencions que s&#8217;estan duent a terme s&#8217;inclou la protecci\u00f3 amb escullera formigonada del llit del barranc i el revestiment de protecci\u00f3 dels talussos i de la illeta al costat de la rotonda d&#8217;entrada al parc per l&#8217;A3; aix\u00ed com reparaci\u00f3 de paviment i altres danys causats en serveis urbans com l&#8217;enllumenat i les xarxes d&#8217;aigua potable, electricitat i telecomunicacions. Tamb\u00e9 es ejectur\u00e1 la reposici\u00f3 del cam\u00ed d&#8217;acc\u00e9s a la instal\u00b7lacions del Complex Educatiu Xest mitjan\u00e7ant una solera de formig\u00f3 armat tipus gual inundable.<\/p>\n\n\n\n<p class=\"wp-block-paragraph\">En total s&#8217;invertiran prop de 2 milions d&#8217;euros i el termini d&#8217;execuci\u00f3 ser\u00e0 de 6 mesos aproximadament.<\/p>\n\n\n\n<figure class=\"wp-block-image size-large\"><img loading=\"lazy\" decoding=\"async\" width=\"1024\" height=\"682\" src=\"http:\/\/www.tucomarca.com\/wordpress\/segunda\/wp-content\/uploads\/2025\/05\/ChesteObrasParqueEmpresarial1-1024x682.jpg\" alt=\"\" class=\"wp-image-265931\" srcset=\"https:\/\/tucomarca.whitekongsoftware.com\/wp-content\/uploads\/2025\/05\/ChesteObrasParqueEmpresarial1-1024x682.jpg 1024w, https:\/\/tucomarca.whitekongsoftware.com\/wp-content\/uploads\/2025\/05\/ChesteObrasParqueEmpresarial1-300x200.jpg 300w, https:\/\/tucomarca.whitekongsoftware.com\/wp-content\/uploads\/2025\/05\/ChesteObrasParqueEmpresarial1-768x512.jpg 768w, https:\/\/tucomarca.whitekongsoftware.com\/wp-content\/uploads\/2025\/05\/ChesteObrasParqueEmpresarial1.jpg 1181w\" sizes=\"auto, (max-width: 1024px) 100vw, 1024px\" \/><\/figure>\n","protected":false},"excerpt":{"rendered":"<div class=\"mh-excerpt\">La Generalitat Valenciana, a trav\u00e9s de la Direcci\u00f3 General de l&#8217;Aigua, ha comen\u00e7at recentment les actuacions previstes al parc empresarial Circuit Xest per a reparar els danys causats pel desbordament del barranc de la Sechara <a class=\"mh-excerpt-more\" href=\"https:\/\/tucomarca.whitekongsoftware.com\/ca\/comencen-les-obres-en-el-llit-del-barranc-de-la-sechara-al-seu-pas-pel-parc-empresarial-circuit-de-xest\/\" title=\"Comencen les obres en el llit del barranc de la Sechara al seu pas pel parc empresarial Circuit de Xest\">[+] <\/a><\/div>\n","protected":false},"author":12,"featured_media":265934,"comment_status":"open","ping_status":"open","sticky":false,"template":"","format":"standard","meta":{"footnotes":""},"categories":[21466,10898,10948,10894,10904,10912,10903,10947,10896,10897,10974],"tags":[11071,15409,10914],"class_list":["post-265936","post","type-post","status-publish","format-standard","has-post-thumbnail","category-dana-ca","category-ventana-ca","category-infraestructuras-ca","category-la-comarca-ca","category-sin-categorizar-ca","category-la-hoya-ca","category-medio-ambiente-la-comarca-ca","category-politica","category-seccion-ca","category-sucesos-la-comarca-ca","category-cheste-ca","tag-cheste","tag-dana-2-ca","tag-la-hoya-de-bunol-chiva-ca"],"_links":{"self":[{"href":"https:\/\/tucomarca.whitekongsoftware.com\/ca\/wp-json\/wp\/v2\/posts\/265936","targetHints":{"allow":["GET"]}}],"collection":[{"href":"https:\/\/tucomarca.whitekongsoftware.com\/ca\/wp-json\/wp\/v2\/posts"}],"about":[{"href":"https:\/\/tucomarca.whitekongsoftware.com\/ca\/wp-json\/wp\/v2\/types\/post"}],"author":[{"embeddable":true,"href":"https:\/\/tucomarca.whitekongsoftware.com\/ca\/wp-json\/wp\/v2\/users\/12"}],"replies":[{"embeddable":true,"href":"https:\/\/tucomarca.whitekongsoftware.com\/ca\/wp-json\/wp\/v2\/comments?post=265936"}],"version-history":[{"count":0,"href":"https:\/\/tucomarca.whitekongsoftware.com\/ca\/wp-json\/wp\/v2\/posts\/265936\/revisions"}],"wp:featuredmedia":[{"embeddable":true,"href":"https:\/\/tucomarca.whitekongsoftware.com\/ca\/wp-json\/wp\/v2\/media\/265934"}],"wp:attachment":[{"href":"https:\/\/tucomarca.whitekongsoftware.com\/ca\/wp-json\/wp\/v2\/media?parent=265936"}],"wp:term":[{"taxonomy":"category","embeddable":true,"href":"https:\/\/tucomarca.whitekongsoftware.com\/ca\/wp-json\/wp\/v2\/categories?post=265936"},{"taxonomy":"post_tag","embeddable":true,"href":"https:\/\/tucomarca.whitekongsoftware.com\/ca\/wp-json\/wp\/v2\/tags?post=265936"}],"curies":[{"name":"wp","href":"https:\/\/api.w.org\/{rel}","templated":true}]}}