{"id":265902,"date":"2025-05-14T11:20:00","date_gmt":"2025-05-14T09:20:00","guid":{"rendered":"https:\/\/www.tucomarca.com\/wordpress\/segunda\/?p=265902"},"modified":"2025-05-14T21:51:30","modified_gmt":"2025-05-14T19:51:30","slug":"anora-gran-triomfadora-de-lany-en-els-oscar-arriba-a-bunyol-en-la-segona-sessio-de-viure-de-cinema-2025","status":"publish","type":"post","link":"https:\/\/tucomarca.whitekongsoftware.com\/ca\/anora-gran-triomfadora-de-lany-en-els-oscar-arriba-a-bunyol-en-la-segona-sessio-de-viure-de-cinema-2025\/","title":{"rendered":"&#8220;Anora&#8221;, gran triomfadora de l&#8217;any en els Oscar, arriba a Bunyol en la segona sessi\u00f3 de Viure de Cinema 2025"},"content":{"rendered":"\n<p class=\"wp-block-paragraph\">La segona sessi\u00f3 del cicle cinematogr\u00e0fic Viure de Cinema 2025 tindr\u00e0 lloc aquest dijous 15 de maig a les 20.00 hores en el Palau de la M\u00fasica de Bunyol, amb la projecci\u00f3 de &#8220;Anora&#8221;, una de les pel\u00b7l\u00edcules m\u00e9s aclamades de l&#8217;any.<\/p>\n\n\n<div class=\"wp-block-image\">\n<figure class=\"alignleft size-large is-resized\"><img loading=\"lazy\" decoding=\"async\" width=\"692\" height=\"1024\" src=\"http:\/\/www.tucomarca.com\/wordpress\/segunda\/wp-content\/uploads\/2025\/05\/Anora-692x1024.jpg\" alt=\"\" class=\"wp-image-265899\" style=\"width:366px;height:auto\" srcset=\"https:\/\/tucomarca.whitekongsoftware.com\/wp-content\/uploads\/2025\/05\/Anora-692x1024.jpg 692w, https:\/\/tucomarca.whitekongsoftware.com\/wp-content\/uploads\/2025\/05\/Anora-203x300.jpg 203w, https:\/\/tucomarca.whitekongsoftware.com\/wp-content\/uploads\/2025\/05\/Anora-768x1137.jpg 768w, https:\/\/tucomarca.whitekongsoftware.com\/wp-content\/uploads\/2025\/05\/Anora-1037x1536.jpg 1037w, https:\/\/tucomarca.whitekongsoftware.com\/wp-content\/uploads\/2025\/05\/Anora.jpg 1080w\" sizes=\"auto, (max-width: 692px) 100vw, 692px\" \/><\/figure>\n<\/div>\n\n\n<p class=\"wp-block-paragraph\">&#8220;Anora&#8221; (els EUA, 2024), dirigida i escrita per Sean Baker, \u00e9s una com\u00e8dia rom\u00e0ntica amb tints dram\u00e0tics que ha conquistat a cr\u00edtica i p\u00fablic. La cinta narra la hist\u00f2ria de Anora, una ballarina ex\u00f2tica de Brooklyn \u2014interpretada de manera brillant per Mikey Madison\u2014 que es casa impulsivament amb el fill d&#8217;un oligarca rus, desencadenant una s\u00e8rie d&#8217;esdeveniments que posen a prova la seua relaci\u00f3.<br>La pel\u00b7l\u00edcula ha sigut guardonada amb la Palma d&#8217;Or en el Festival de Cannes 2024 i ha obtingut cinc premis Oscar, incloent-hi Millor Pel\u00b7l\u00edcula, Millor Director i Millor Actriu per a Madison.<br>&#8220;Anora&#8221; ofereix una mirada intensa i agredol\u00e7a sobre els marges de la societat, on el poder i els diners condicionen les relacions humanes i l&#8217;amor no sempre \u00e9s suficient.<br>El preu de l&#8217;entrada general per a la projecci\u00f3 \u00e9s de 4 euros.<\/p>\n","protected":false},"excerpt":{"rendered":"<div class=\"mh-excerpt\">La segona sessi\u00f3 del cicle cinematogr\u00e0fic Viure de Cinema 2025 tindr\u00e0 lloc aquest dijous 15 de maig a les 20.00 hores en el Palau de la M\u00fasica de Bunyol, amb la projecci\u00f3 de &#8220;Anora&#8221;, una <a class=\"mh-excerpt-more\" href=\"https:\/\/tucomarca.whitekongsoftware.com\/ca\/anora-gran-triomfadora-de-lany-en-els-oscar-arriba-a-bunyol-en-la-segona-sessio-de-viure-de-cinema-2025\/\" title=\"&#8220;Anora&#8221;, gran triomfadora de l&#8217;any en els Oscar, arriba a Bunyol en la segona sessi\u00f3 de Viure de Cinema 2025\">[+] <\/a><\/div>\n","protected":false},"author":12,"featured_media":265900,"comment_status":"open","ping_status":"open","sticky":false,"template":"","format":"standard","meta":{"footnotes":""},"categories":[11019,10911,10894,10912,11007,10896],"tags":[22367,10913,10914,22267],"class_list":["post-265902","post","type-post","status-publish","format-standard","has-post-thumbnail","category-agenda-ca","category-bunol-ca","category-la-comarca-ca","category-la-hoya-ca","category-ocio-y-cultura-ca","category-seccion-ca","tag-anora-ca","tag-bunol-ca","tag-la-hoya-de-bunol-chiva-ca","tag-vivir-de-cine-2025-ca"],"_links":{"self":[{"href":"https:\/\/tucomarca.whitekongsoftware.com\/ca\/wp-json\/wp\/v2\/posts\/265902","targetHints":{"allow":["GET"]}}],"collection":[{"href":"https:\/\/tucomarca.whitekongsoftware.com\/ca\/wp-json\/wp\/v2\/posts"}],"about":[{"href":"https:\/\/tucomarca.whitekongsoftware.com\/ca\/wp-json\/wp\/v2\/types\/post"}],"author":[{"embeddable":true,"href":"https:\/\/tucomarca.whitekongsoftware.com\/ca\/wp-json\/wp\/v2\/users\/12"}],"replies":[{"embeddable":true,"href":"https:\/\/tucomarca.whitekongsoftware.com\/ca\/wp-json\/wp\/v2\/comments?post=265902"}],"version-history":[{"count":0,"href":"https:\/\/tucomarca.whitekongsoftware.com\/ca\/wp-json\/wp\/v2\/posts\/265902\/revisions"}],"wp:featuredmedia":[{"embeddable":true,"href":"https:\/\/tucomarca.whitekongsoftware.com\/ca\/wp-json\/wp\/v2\/media\/265900"}],"wp:attachment":[{"href":"https:\/\/tucomarca.whitekongsoftware.com\/ca\/wp-json\/wp\/v2\/media?parent=265902"}],"wp:term":[{"taxonomy":"category","embeddable":true,"href":"https:\/\/tucomarca.whitekongsoftware.com\/ca\/wp-json\/wp\/v2\/categories?post=265902"},{"taxonomy":"post_tag","embeddable":true,"href":"https:\/\/tucomarca.whitekongsoftware.com\/ca\/wp-json\/wp\/v2\/tags?post=265902"}],"curies":[{"name":"wp","href":"https:\/\/api.w.org\/{rel}","templated":true}]}}