{"id":265885,"date":"2025-05-14T08:55:00","date_gmt":"2025-05-14T06:55:00","guid":{"rendered":"https:\/\/www.tucomarca.com\/wordpress\/segunda\/?p=265885"},"modified":"2025-05-14T21:17:11","modified_gmt":"2025-05-14T19:17:11","slug":"la-diputacio-projecta-actuacions-en-carreteres-de-la-costera-i-la-canal-de-navarres-per-valor-de-30-milions-deuros","status":"publish","type":"post","link":"https:\/\/tucomarca.whitekongsoftware.com\/ca\/la-diputacio-projecta-actuacions-en-carreteres-de-la-costera-i-la-canal-de-navarres-per-valor-de-30-milions-deuros\/","title":{"rendered":"La Diputaci\u00f3 projecta actuacions en carreteres de la Costera i la Canal de Navarr\u00e9s per valor de 30 milions d&#8217;euros"},"content":{"rendered":"\n<h3 class=\"wp-block-heading\">La diputada de Carreteres i vicepresidenta segona, Reme Mazzolari, repassa amb d&#8217;alcaldes i regidors de les dos comarques una vintena d&#8217;intervencions per a la millora de la xarxa provincial ja executades o en proc\u00e9s.<\/h3>\n\n\n\n<h3 class=\"wp-block-heading\">Durant la\u00a0 jornada de treball, que ha tingut lloc a la Font de la Figuera, la diputada ha visitat amb l&#8217;alcalde Elio Cabanes el cam\u00ed que unix el municipi amb Naval\u00f3n, recentment obert al tr\u00e0nsit despr\u00e9s d&#8217;una intervenci\u00f3 integral valorada en 1,5 milions d&#8217;euros.<\/h3>\n\n\n\n<p class=\"wp-block-paragraph\">Prop de 30 milions d&#8217;euros \u00e9s el pressupost global de les actuacions projectades per la Diputaci\u00f3 de Val\u00e8ncia per a la millora de les carreteres situades a les comarques de la Canal de Navarr\u00e9s i la Costanera.<\/p>\n\n\n\n<p class=\"wp-block-paragraph\">Aix\u00ed ho ha anunciat la diputada de Carreteres i vicepresidenta segona de la instituci\u00f3 provincial, Reme Mazzolari, durant una jornada de treball a la Font de la Figuera en la qual, acompanyada de l&#8217;equip t\u00e8cnic de l&#8217;\u00e0rea i davant alcaldes i regidors dels municipis de les dos comarques, ha repassat tant les actuacions recentment executades com les que es troben en algun punt del proc\u00e9s previ a la licitaci\u00f3 de les obres.<\/p>\n\n\n\n<p class=\"wp-block-paragraph\">Mazzolari ha posat l\u2019accent en &#8220;l&#8217;increment de la seguretat com a element essencial sobre el qual pivoten totes les actuacions de millora de la xarxa provincial de carreteres&#8221;. &#8220;Amb eixe punt de partida -continua *Mazzolari-, cada projecte de millora s&#8217;aborda atenent m\u00faltiples factors&#8221; i indica que &#8220;una de les claus de la nostra estrat\u00e8gia de gesti\u00f3 \u00e9s l&#8217;aposta per fer intervencions m\u00e9s sostenibles, valorant la utilitzaci\u00f3 de t\u00e8cniques, materials i processos respectuosos amb el medi ambient; cosa que ens ha convertit en instituci\u00f3 capdavantera a nivell nacional en la lluita per la descarbonitzaci\u00f3&#8221;.<\/p>\n\n\n\n<p class=\"wp-block-paragraph\">Per part seua, l&#8217;alcalde de la Font de la Figuera, Elio Cabanes ha volgut &#8220;agrair a la Diputaci\u00f3 que haja posat en marxa estes jornades informatives que ens servixen per con\u00e9ixer l&#8217;estat dels expedients que afecten els nostres municipis en mat\u00e8ria de carreteres&#8221; i ha posat l&#8217;accent principalment en &#8220;la professionalitat que he trobat en este \u00e0rea, amb la qual hem treballat recentment en el cam\u00ed de Naval\u00f3n, ja plenament operatiu, i en un altre projecte pel qual hem rebut una subvenci\u00f3 juntament amb Moixent per al condicionament d&#8217;un cam\u00ed&#8221;.<\/p>\n\n\n\n<p class=\"wp-block-paragraph\"><strong>Actuacions en tramitaci\u00f3<\/strong><\/p>\n\n\n\n<p class=\"wp-block-paragraph\">A m\u00e9s de les obres ja executades, la Diputaci\u00f3 de Val\u00e8ncia t\u00e9 en marxa una vintena d&#8217;actuacions en diferents fases de redacci\u00f3, revisi\u00f3 t\u00e8cnica i tramitaci\u00f3 pr\u00e8via a la seua licitaci\u00f3, amb horitz\u00f3 inversor en els pr\u00f2xims exercicis pressupostaris. Estes intervencions formen part del pla estrat\u00e8gic de l&#8217;\u00e0rea de Carreteres per a millorar la connectivitat, la seguretat i l&#8217;accessibilitat de la xarxa provincial.<\/p>\n\n\n\n<p class=\"wp-block-paragraph\">A la Canal de Navarr\u00e9s, ja s&#8217;ha aprovat el projecte d&#8217;ampliaci\u00f3 i refor\u00e7 de ferm en la carretera CV-584 en el terme d&#8217;Enguera, en els dos primers quil\u00f2metres de la carretera d&#8217;acc\u00e9s a Benali. Aix\u00ed mateix, est\u00e0 ja a punt de sotmetre&#8217;s a informaci\u00f3 p\u00fablica el de millora de la seguretat vi\u00e0ria i connexi\u00f3 ciclopeatonal en la carretera CV-580, a Anna. En esta mateixa via, es troba en redacci\u00f3 tant l&#8217;ampliaci\u00f3 del pont sobre el riu Sellent a Bolbaite; com el projecte constructiu per a la millora de la mateixa carretera en diferents trams de Quesa i Bicorp. A m\u00e9s, est\u00e0 previst iniciar en 2026 el projecte constructiu de la variant a la travessia de Quesa.<\/p>\n\n\n\n<p class=\"wp-block-paragraph\">Quant a les obres previstes en la Costera, ja est\u00e0 aprovat el projecte d&#8217;ampliaci\u00f3 de la plataforma i millora del drenatge de la carretera CV-598, que dona acc\u00e9s per l&#8217;oest a Canals; mentres que el de millora de la CV-589, que connecta Moixent amb la CV-590 per Naval\u00f3n, passar\u00e0 pr\u00f2ximament a informaci\u00f3 p\u00fablica. A Vallada, est\u00e0 en revisi\u00f3 el projecte constructiu de l&#8217;itinerari ciclopeatonal en la CV-649 entre el municipi i l&#8217;estaci\u00f3 de ferrocarril; mentres que a X\u00e0tiva ja s&#8217;ha redactat el de la glorieta que se situar\u00e0 en la intersecci\u00f3 CV-575 i CV-577 (inici del port del Sapo).&nbsp;<\/p>\n\n\n\n<p class=\"wp-block-paragraph\">La diputada ha anunciat tamb\u00e9 que s&#8217;actualitzaran tres projectes d&#8217;esta comarca: el de condicionament de tra\u00e7at i refor\u00e7 de ferm en la CV-573, a Barxeta (en redacci\u00f3); el de millora, refor\u00e7 de ferm i construcci\u00f3 de carril bici en la CV-593, acc\u00e9s nord a Canals, (s&#8217;iniciar\u00e0 en 2026); i la variant de Llocnou d&#8217;en Fenollet en la CV-575, els plecs de la qual ja s&#8217;estan elaborant per a licitar la redacci\u00f3 del projecte.<\/p>\n\n\n\n<p class=\"wp-block-paragraph\">En la trobada tamb\u00e9 s&#8217;han tractat les intervencions sobre Camins d&#8217;Inter\u00e9s Territorial en les dos comarques. Aix\u00ed, la Diputaci\u00f3 ha incl\u00f2s en la primera fase d&#8217;este programa la millora del cam\u00ed de la Granja de la Costera a X\u00e0tiva, el projecte del qual est\u00e0 ja redactant-se.&nbsp;<\/p>\n\n\n\n<p class=\"wp-block-paragraph\">D&#8217;altra banda, dins d&#8217;este mateix pla, ja est\u00e0 obert al tr\u00e0nsit el cam\u00ed d&#8217;acc\u00e9s a Naval\u00f3n de Arriba des de la Font de la Figuera, recentment condicionat per la Diputaci\u00f3. Amb la visita a esta via, en la qual la instituci\u00f3 provincial ha invertit 1,1 milions d&#8217;euros, ha finalitzat la jornada de treball presidida per Reme Mazzolari.<\/p>\n\n\n\n<figure class=\"wp-block-image size-large\"><img loading=\"lazy\" decoding=\"async\" width=\"1024\" height=\"644\" src=\"http:\/\/www.tucomarca.com\/wordpress\/segunda\/wp-content\/uploads\/2025\/05\/Dipu_JornadaComarcal-1024x644.jpg\" alt=\"\" class=\"wp-image-265878\" srcset=\"https:\/\/tucomarca.whitekongsoftware.com\/wp-content\/uploads\/2025\/05\/Dipu_JornadaComarcal-1024x644.jpg 1024w, https:\/\/tucomarca.whitekongsoftware.com\/wp-content\/uploads\/2025\/05\/Dipu_JornadaComarcal-300x189.jpg 300w, https:\/\/tucomarca.whitekongsoftware.com\/wp-content\/uploads\/2025\/05\/Dipu_JornadaComarcal-768x483.jpg 768w, https:\/\/tucomarca.whitekongsoftware.com\/wp-content\/uploads\/2025\/05\/Dipu_JornadaComarcal-1536x966.jpg 1536w, https:\/\/tucomarca.whitekongsoftware.com\/wp-content\/uploads\/2025\/05\/Dipu_JornadaComarcal-2048x1288.jpg 2048w\" sizes=\"auto, (max-width: 1024px) 100vw, 1024px\" \/><\/figure>\n","protected":false},"excerpt":{"rendered":"<div class=\"mh-excerpt\">La diputada de Carreteres i vicepresidenta segona, Reme Mazzolari, repassa amb d&#8217;alcaldes i regidors de les dos comarques una vintena d&#8217;intervencions per a la millora de la xarxa provincial ja executades o en proc\u00e9s. Durant <a class=\"mh-excerpt-more\" href=\"https:\/\/tucomarca.whitekongsoftware.com\/ca\/la-diputacio-projecta-actuacions-en-carreteres-de-la-costera-i-la-canal-de-navarres-per-valor-de-30-milions-deuros\/\" title=\"La Diputaci\u00f3 projecta actuacions en carreteres de la Costera i la Canal de Navarr\u00e9s per valor de 30 milions d&#8217;euros\">[+] <\/a><\/div>\n","protected":false},"author":13,"featured_media":265881,"comment_status":"open","ping_status":"open","sticky":false,"template":"","format":"standard","meta":{"footnotes":""},"categories":[10964,10965,10966,10969,10898,10963,10904,10972],"tags":[12636,13893,15307,11751,11094,21009,11104],"class_list":["post-265885","post","type-post","status-publish","format-standard","has-post-thumbnail","category-anna-ca","category-bicorp-ca","category-bolbaite-ca","category-enguera-ca","category-ventana-ca","category-la-canal-de-navarres-ca","category-sin-categorizar-ca","category-quesa-ca","tag-anna-ca","tag-bicorp-ca","tag-bolbaite-ca","tag-enguera-ca","tag-la-canal-de-navarres","tag-la-diputacio-de-valencia-ca","tag-quesa-ca"],"_links":{"self":[{"href":"https:\/\/tucomarca.whitekongsoftware.com\/ca\/wp-json\/wp\/v2\/posts\/265885","targetHints":{"allow":["GET"]}}],"collection":[{"href":"https:\/\/tucomarca.whitekongsoftware.com\/ca\/wp-json\/wp\/v2\/posts"}],"about":[{"href":"https:\/\/tucomarca.whitekongsoftware.com\/ca\/wp-json\/wp\/v2\/types\/post"}],"author":[{"embeddable":true,"href":"https:\/\/tucomarca.whitekongsoftware.com\/ca\/wp-json\/wp\/v2\/users\/13"}],"replies":[{"embeddable":true,"href":"https:\/\/tucomarca.whitekongsoftware.com\/ca\/wp-json\/wp\/v2\/comments?post=265885"}],"version-history":[{"count":0,"href":"https:\/\/tucomarca.whitekongsoftware.com\/ca\/wp-json\/wp\/v2\/posts\/265885\/revisions"}],"wp:featuredmedia":[{"embeddable":true,"href":"https:\/\/tucomarca.whitekongsoftware.com\/ca\/wp-json\/wp\/v2\/media\/265881"}],"wp:attachment":[{"href":"https:\/\/tucomarca.whitekongsoftware.com\/ca\/wp-json\/wp\/v2\/media?parent=265885"}],"wp:term":[{"taxonomy":"category","embeddable":true,"href":"https:\/\/tucomarca.whitekongsoftware.com\/ca\/wp-json\/wp\/v2\/categories?post=265885"},{"taxonomy":"post_tag","embeddable":true,"href":"https:\/\/tucomarca.whitekongsoftware.com\/ca\/wp-json\/wp\/v2\/tags?post=265885"}],"curies":[{"name":"wp","href":"https:\/\/api.w.org\/{rel}","templated":true}]}}