{"id":265877,"date":"2025-05-14T11:35:00","date_gmt":"2025-05-14T09:35:00","guid":{"rendered":"https:\/\/www.tucomarca.com\/wordpress\/segunda\/?p=265877"},"modified":"2025-05-14T21:36:01","modified_gmt":"2025-05-14T19:36:01","slug":"els-bombers-rescaten-a-una-dona-en-un-barranc-proxim-al-panta-de-contreras","status":"publish","type":"post","link":"https:\/\/tucomarca.whitekongsoftware.com\/ca\/els-bombers-rescaten-a-una-dona-en-un-barranc-proxim-al-panta-de-contreras\/","title":{"rendered":"Els bombers rescaten a una dona en un barranc pr\u00f2xim al pant\u00e0 de Contreras"},"content":{"rendered":"\n<p class=\"wp-block-paragraph\">Efectius del Consorci Provincial de Bombers de Val\u00e8ncia han intervingut aquest dimarts en el rescat d\u2019una dona que ha patit un accident en un barranc pr\u00f2xim al pant\u00e0 de Contreras, a l\u2019altura de l\u2019autovia A-3. L\u2019av\u00eds s\u2019ha rebut a les 14:48 hores.<\/p>\n\n\n\n<p class=\"wp-block-paragraph\">En l\u2019operatiu han participat efectius del GERA (Grup Especial de Rescat en Altura) amb helic\u00f2pter V-990 del Consorci, amb pres\u00e8ncia de personal m\u00e8dic, aix\u00ed com bombers i sergent del parc de Requena, el cap de sector, coordinador forestal, tres brigades BRIFO del Consorci i una unitat de bombers forestals de la GVA.<\/p>\n\n\n\n<p class=\"wp-block-paragraph\">La v\u00edctima ha sigut evacuada per via a\u00e8ria i transferida als serveis sanitaris per a la seua atenci\u00f3 m\u00e8dica.<\/p>\n","protected":false},"excerpt":{"rendered":"<div class=\"mh-excerpt\">Efectius del Consorci Provincial de Bombers de Val\u00e8ncia han intervingut aquest dimarts en el rescat d\u2019una dona que ha patit un accident en un barranc pr\u00f2xim al pant\u00e0 de Contreras, a l\u2019altura de l\u2019autovia A-3. <a class=\"mh-excerpt-more\" href=\"https:\/\/tucomarca.whitekongsoftware.com\/ca\/els-bombers-rescaten-a-una-dona-en-un-barranc-proxim-al-panta-de-contreras\/\" title=\"Els bombers rescaten a una dona en un barranc pr\u00f2xim al pant\u00e0 de Contreras\">[+] <\/a><\/div>\n","protected":false},"author":1,"featured_media":265847,"comment_status":"open","ping_status":"open","sticky":false,"template":"","format":"standard","meta":{"footnotes":""},"categories":[10898,10948,10894,10909,10896,10897],"tags":[12834,22364,10910],"class_list":["post-265877","post","type-post","status-publish","format-standard","has-post-thumbnail","category-ventana-ca","category-infraestructuras-ca","category-la-comarca-ca","category-requena-utiel-ca","category-seccion-ca","category-sucesos-la-comarca-ca","tag-consorcio-provincial-de-bomberos-de-valencia-ca","tag-pantano-de-contreras-ca","tag-requena-utiel-ca"],"_links":{"self":[{"href":"https:\/\/tucomarca.whitekongsoftware.com\/ca\/wp-json\/wp\/v2\/posts\/265877","targetHints":{"allow":["GET"]}}],"collection":[{"href":"https:\/\/tucomarca.whitekongsoftware.com\/ca\/wp-json\/wp\/v2\/posts"}],"about":[{"href":"https:\/\/tucomarca.whitekongsoftware.com\/ca\/wp-json\/wp\/v2\/types\/post"}],"author":[{"embeddable":true,"href":"https:\/\/tucomarca.whitekongsoftware.com\/ca\/wp-json\/wp\/v2\/users\/1"}],"replies":[{"embeddable":true,"href":"https:\/\/tucomarca.whitekongsoftware.com\/ca\/wp-json\/wp\/v2\/comments?post=265877"}],"version-history":[{"count":0,"href":"https:\/\/tucomarca.whitekongsoftware.com\/ca\/wp-json\/wp\/v2\/posts\/265877\/revisions"}],"wp:featuredmedia":[{"embeddable":true,"href":"https:\/\/tucomarca.whitekongsoftware.com\/ca\/wp-json\/wp\/v2\/media\/265847"}],"wp:attachment":[{"href":"https:\/\/tucomarca.whitekongsoftware.com\/ca\/wp-json\/wp\/v2\/media?parent=265877"}],"wp:term":[{"taxonomy":"category","embeddable":true,"href":"https:\/\/tucomarca.whitekongsoftware.com\/ca\/wp-json\/wp\/v2\/categories?post=265877"},{"taxonomy":"post_tag","embeddable":true,"href":"https:\/\/tucomarca.whitekongsoftware.com\/ca\/wp-json\/wp\/v2\/tags?post=265877"}],"curies":[{"name":"wp","href":"https:\/\/api.w.org\/{rel}","templated":true}]}}