{"id":265820,"date":"2025-05-14T12:00:00","date_gmt":"2025-05-14T10:00:00","guid":{"rendered":"https:\/\/www.tucomarca.com\/wordpress\/segunda\/?p=265820"},"modified":"2025-05-14T19:48:16","modified_gmt":"2025-05-14T17:48:16","slug":"el-ministeri-dagricultura-pesca-i-alimentacio-ha-destina-mes-de-37-milions-deuros-al-sector-agrari-de-xest-afectat-per-la-dana","status":"publish","type":"post","link":"https:\/\/tucomarca.whitekongsoftware.com\/ca\/el-ministeri-dagricultura-pesca-i-alimentacio-ha-destina-mes-de-37-milions-deuros-al-sector-agrari-de-xest-afectat-per-la-dana\/","title":{"rendered":"El ministeri d&#8217;Agricultura, Pesca i Alimentaci\u00f3 ha destina m\u00e9s de 3,7 milions d&#8217;euros al sector agrari de Xest afectat per la DANA"},"content":{"rendered":"\n<h3 class=\"wp-block-heading\">La Secret\u00e0ria d&#8217;Estat d&#8217;Agricultura visita les actuacions de reconstrucci\u00f3 en els camins rurals de Xest i es reuneix amb el Consell Agrari de la localitat.<\/h3>\n\n\n\n<p class=\"wp-block-paragraph\">Aquest mat\u00ed, la secret\u00e0ria d&#8217;Estat d&#8217;Agricultura i Alimentaci\u00f3, Bego\u00f1a Garc\u00eda, ha visitat algunes de les actuacions que s&#8217;estan duent a terme en la localitat de Xest respecte a la reconstrucci\u00f3 de camins rurals i infraestructures agr\u00edcoles afectades per la DANA.<\/p>\n\n\n\n<p class=\"wp-block-paragraph\">En concret, Garc\u00eda ha comen\u00e7at el seu recorregut, al costat de l&#8217;alcalde de Xest, Jos\u00e9 Morell, en la parcel\u00b7la d&#8217;oliveres de Vivers Checa, on s&#8217;han invertit prop de 130.000 euros en la seua reconstrucci\u00f3, i tot seguit s&#8217;han despla\u00e7at al cam\u00ed rural del Barranquet, un dels onze que van comen\u00e7ar a obrar-se el passat 23 d&#8217;abril en el terme municipal de Xest, amb una inversi\u00f3 global de 1,7 milions d&#8217;euros fins a la data.<\/p>\n\n\n\n<p class=\"wp-block-paragraph\">A m\u00e9s, la secret\u00e0ria ha detallat que ja s&#8217;han repartit m\u00e9s de 1,7 milions d&#8217;euros en ajudes directes del Ministeri d&#8217;Agricultura, Pesca i Alimentaci\u00f3 entre 131 agricultors de Xest, i ha explicat altres actuacions rellevants per al sector ramader, com la neteja i condicionament de 812.945 m\u00b2 de les parcel\u00b7les afectades, a les quals el Ministeri ha invertit 162.597 euros.<\/p>\n\n\n\n<p class=\"wp-block-paragraph\">En total, el Govern d&#8217;Espanya ha destinat 3,7 milions d&#8217;euros a la recuperaci\u00f3 del potencial productiu i a la reparaci\u00f3 de camins rurals i infraestructures d&#8217;explotacions ramaderes i agr\u00edcoles afectades per la DANA a Xest.<\/p>\n\n\n\n<p class=\"wp-block-paragraph\"><strong>Trobada amb la Cooperativa i el Consell Agrari<br><\/strong>Bego\u00f1a Garc\u00eda, acompanyada per Francisco Rodr\u00edguez Mulero, president la societat que dirigeix les obres de la Dana, SEIASA, ha tingut una breu trobada amb els representants de la Cooperativa Xest Agr\u00e0ria, en les seues oficines, i despr\u00e9s s&#8217;ha traslladat al sal\u00f3 de Plens de l&#8217;Ajuntament, on ha donat compte de les inversions realitzades per part del Ministeri en la localitat al Consell Agrari i als regidors de l&#8217;equip de Govern, i ha respost a les seues preguntes.<\/p>\n\n\n\n<p class=\"wp-block-paragraph\">\u201cVull recon\u00e9ixer el comprom\u00eds que Bego\u00f1a est\u00e0 demostrant amb la DANA en general, amb totes les actuacions relacionades amb l&#8217;Agricultura que s&#8217;estan desenvolupant des del Govern d&#8217;Espanya, i amb Xest en particular, perqu\u00e8 est\u00e0 havent-hi una atenci\u00f3 que fins i tot est\u00e0 arribant a nivells personalitzats; en els 10 anys que porte a l&#8217;Ajuntament, mai havia vist una proximitat igual des dels Ministeris i l&#8217;Administraci\u00f3 central de l&#8217;Estat\u201d, ha destacat l&#8217;alcalde durant la trobada.<\/p>\n\n\n\n<figure class=\"wp-block-gallery has-nested-images columns-1 is-cropped wp-block-gallery-1 is-layout-flex wp-block-gallery-is-layout-flex\">\n<figure class=\"wp-block-image size-large\"><img loading=\"lazy\" decoding=\"async\" width=\"1024\" height=\"691\" data-id=\"265798\" src=\"https:\/\/www.tucomarca.com\/wordpress\/segunda\/wp-content\/uploads\/2025\/05\/ChesteSecretariaEstadoAgricultura_1-1024x691.jpg\" alt=\"\" class=\"wp-image-265798\" srcset=\"https:\/\/tucomarca.whitekongsoftware.com\/wp-content\/uploads\/2025\/05\/ChesteSecretariaEstadoAgricultura_1-1024x691.jpg 1024w, https:\/\/tucomarca.whitekongsoftware.com\/wp-content\/uploads\/2025\/05\/ChesteSecretariaEstadoAgricultura_1-300x202.jpg 300w, https:\/\/tucomarca.whitekongsoftware.com\/wp-content\/uploads\/2025\/05\/ChesteSecretariaEstadoAgricultura_1-768x518.jpg 768w, https:\/\/tucomarca.whitekongsoftware.com\/wp-content\/uploads\/2025\/05\/ChesteSecretariaEstadoAgricultura_1.jpg 1181w\" sizes=\"auto, (max-width: 1024px) 100vw, 1024px\" \/><\/figure>\n\n\n\n<figure class=\"wp-block-image size-large\"><img loading=\"lazy\" decoding=\"async\" width=\"1024\" height=\"691\" data-id=\"265800\" src=\"https:\/\/www.tucomarca.com\/wordpress\/segunda\/wp-content\/uploads\/2025\/05\/ChesteSecretariaEstadoAgricultura_2-1024x691.jpg\" alt=\"\" class=\"wp-image-265800\" srcset=\"https:\/\/tucomarca.whitekongsoftware.com\/wp-content\/uploads\/2025\/05\/ChesteSecretariaEstadoAgricultura_2-1024x691.jpg 1024w, https:\/\/tucomarca.whitekongsoftware.com\/wp-content\/uploads\/2025\/05\/ChesteSecretariaEstadoAgricultura_2-300x202.jpg 300w, https:\/\/tucomarca.whitekongsoftware.com\/wp-content\/uploads\/2025\/05\/ChesteSecretariaEstadoAgricultura_2-768x518.jpg 768w, https:\/\/tucomarca.whitekongsoftware.com\/wp-content\/uploads\/2025\/05\/ChesteSecretariaEstadoAgricultura_2.jpg 1181w\" sizes=\"auto, (max-width: 1024px) 100vw, 1024px\" \/><\/figure>\n\n\n\n<figure class=\"wp-block-image size-large\"><img loading=\"lazy\" decoding=\"async\" width=\"1024\" height=\"691\" data-id=\"265802\" src=\"https:\/\/www.tucomarca.com\/wordpress\/segunda\/wp-content\/uploads\/2025\/05\/ChesteSecretariaEstadoAgricultura_3-1024x691.jpg\" alt=\"\" class=\"wp-image-265802\" srcset=\"https:\/\/tucomarca.whitekongsoftware.com\/wp-content\/uploads\/2025\/05\/ChesteSecretariaEstadoAgricultura_3-1024x691.jpg 1024w, https:\/\/tucomarca.whitekongsoftware.com\/wp-content\/uploads\/2025\/05\/ChesteSecretariaEstadoAgricultura_3-300x202.jpg 300w, https:\/\/tucomarca.whitekongsoftware.com\/wp-content\/uploads\/2025\/05\/ChesteSecretariaEstadoAgricultura_3-768x518.jpg 768w, https:\/\/tucomarca.whitekongsoftware.com\/wp-content\/uploads\/2025\/05\/ChesteSecretariaEstadoAgricultura_3.jpg 1181w\" sizes=\"auto, (max-width: 1024px) 100vw, 1024px\" \/><\/figure>\n\n\n\n<figure class=\"wp-block-image size-large\"><img loading=\"lazy\" decoding=\"async\" width=\"1024\" height=\"691\" data-id=\"265804\" src=\"https:\/\/www.tucomarca.com\/wordpress\/segunda\/wp-content\/uploads\/2025\/05\/ChesteSecretariaEstadoAgricultura_4-1024x691.jpg\" alt=\"\" class=\"wp-image-265804\" srcset=\"https:\/\/tucomarca.whitekongsoftware.com\/wp-content\/uploads\/2025\/05\/ChesteSecretariaEstadoAgricultura_4-1024x691.jpg 1024w, https:\/\/tucomarca.whitekongsoftware.com\/wp-content\/uploads\/2025\/05\/ChesteSecretariaEstadoAgricultura_4-300x202.jpg 300w, https:\/\/tucomarca.whitekongsoftware.com\/wp-content\/uploads\/2025\/05\/ChesteSecretariaEstadoAgricultura_4-768x518.jpg 768w, https:\/\/tucomarca.whitekongsoftware.com\/wp-content\/uploads\/2025\/05\/ChesteSecretariaEstadoAgricultura_4.jpg 1181w\" sizes=\"auto, (max-width: 1024px) 100vw, 1024px\" \/><\/figure>\n\n\n\n<figure class=\"wp-block-image size-large\"><img loading=\"lazy\" decoding=\"async\" width=\"1024\" height=\"691\" data-id=\"265808\" src=\"https:\/\/www.tucomarca.com\/wordpress\/segunda\/wp-content\/uploads\/2025\/05\/ChesteSecretariaEstadoAgricultura_6-1024x691.jpg\" alt=\"\" class=\"wp-image-265808\" srcset=\"https:\/\/tucomarca.whitekongsoftware.com\/wp-content\/uploads\/2025\/05\/ChesteSecretariaEstadoAgricultura_6-1024x691.jpg 1024w, https:\/\/tucomarca.whitekongsoftware.com\/wp-content\/uploads\/2025\/05\/ChesteSecretariaEstadoAgricultura_6-300x202.jpg 300w, https:\/\/tucomarca.whitekongsoftware.com\/wp-content\/uploads\/2025\/05\/ChesteSecretariaEstadoAgricultura_6-768x518.jpg 768w, https:\/\/tucomarca.whitekongsoftware.com\/wp-content\/uploads\/2025\/05\/ChesteSecretariaEstadoAgricultura_6.jpg 1181w\" sizes=\"auto, (max-width: 1024px) 100vw, 1024px\" \/><\/figure>\n\n\n\n<figure class=\"wp-block-image size-large\"><img loading=\"lazy\" decoding=\"async\" width=\"1024\" height=\"691\" data-id=\"265810\" src=\"https:\/\/www.tucomarca.com\/wordpress\/segunda\/wp-content\/uploads\/2025\/05\/ChesteSecretariaEstadoAgricultura_7-1024x691.jpg\" alt=\"\" class=\"wp-image-265810\" srcset=\"https:\/\/tucomarca.whitekongsoftware.com\/wp-content\/uploads\/2025\/05\/ChesteSecretariaEstadoAgricultura_7-1024x691.jpg 1024w, https:\/\/tucomarca.whitekongsoftware.com\/wp-content\/uploads\/2025\/05\/ChesteSecretariaEstadoAgricultura_7-300x202.jpg 300w, https:\/\/tucomarca.whitekongsoftware.com\/wp-content\/uploads\/2025\/05\/ChesteSecretariaEstadoAgricultura_7-768x518.jpg 768w, https:\/\/tucomarca.whitekongsoftware.com\/wp-content\/uploads\/2025\/05\/ChesteSecretariaEstadoAgricultura_7.jpg 1181w\" sizes=\"auto, (max-width: 1024px) 100vw, 1024px\" \/><\/figure>\n\n\n\n<figure class=\"wp-block-image size-large\"><img loading=\"lazy\" decoding=\"async\" width=\"1024\" height=\"691\" data-id=\"265812\" src=\"https:\/\/www.tucomarca.com\/wordpress\/segunda\/wp-content\/uploads\/2025\/05\/ChesteSecretariaEstadoAgricultura_8-1024x691.jpg\" alt=\"\" class=\"wp-image-265812\" srcset=\"https:\/\/tucomarca.whitekongsoftware.com\/wp-content\/uploads\/2025\/05\/ChesteSecretariaEstadoAgricultura_8-1024x691.jpg 1024w, https:\/\/tucomarca.whitekongsoftware.com\/wp-content\/uploads\/2025\/05\/ChesteSecretariaEstadoAgricultura_8-300x202.jpg 300w, https:\/\/tucomarca.whitekongsoftware.com\/wp-content\/uploads\/2025\/05\/ChesteSecretariaEstadoAgricultura_8-768x518.jpg 768w, https:\/\/tucomarca.whitekongsoftware.com\/wp-content\/uploads\/2025\/05\/ChesteSecretariaEstadoAgricultura_8.jpg 1181w\" sizes=\"auto, (max-width: 1024px) 100vw, 1024px\" \/><\/figure>\n\n\n\n<figure class=\"wp-block-image size-large\"><img loading=\"lazy\" decoding=\"async\" width=\"1024\" height=\"691\" data-id=\"265814\" src=\"https:\/\/www.tucomarca.com\/wordpress\/segunda\/wp-content\/uploads\/2025\/05\/ChesteSecretariaEstadoAgricultura_9-1024x691.jpg\" alt=\"\" class=\"wp-image-265814\" srcset=\"https:\/\/tucomarca.whitekongsoftware.com\/wp-content\/uploads\/2025\/05\/ChesteSecretariaEstadoAgricultura_9-1024x691.jpg 1024w, https:\/\/tucomarca.whitekongsoftware.com\/wp-content\/uploads\/2025\/05\/ChesteSecretariaEstadoAgricultura_9-300x202.jpg 300w, https:\/\/tucomarca.whitekongsoftware.com\/wp-content\/uploads\/2025\/05\/ChesteSecretariaEstadoAgricultura_9-768x518.jpg 768w, https:\/\/tucomarca.whitekongsoftware.com\/wp-content\/uploads\/2025\/05\/ChesteSecretariaEstadoAgricultura_9.jpg 1181w\" sizes=\"auto, (max-width: 1024px) 100vw, 1024px\" \/><\/figure>\n<\/figure>\n","protected":false},"excerpt":{"rendered":"<div class=\"mh-excerpt\">La Secret\u00e0ria d&#8217;Estat d&#8217;Agricultura visita les actuacions de reconstrucci\u00f3 en els camins rurals de Xest i es reuneix amb el Consell Agrari de la localitat. Aquest mat\u00ed, la secret\u00e0ria d&#8217;Estat d&#8217;Agricultura i Alimentaci\u00f3, Bego\u00f1a Garc\u00eda, <a class=\"mh-excerpt-more\" href=\"https:\/\/tucomarca.whitekongsoftware.com\/ca\/el-ministeri-dagricultura-pesca-i-alimentacio-ha-destina-mes-de-37-milions-deuros-al-sector-agrari-de-xest-afectat-per-la-dana\/\" title=\"El ministeri d&#8217;Agricultura, Pesca i Alimentaci\u00f3 ha destina m\u00e9s de 3,7 milions d&#8217;euros al sector agrari de Xest afectat per la DANA\">[+] <\/a><\/div>\n","protected":false},"author":12,"featured_media":265807,"comment_status":"open","ping_status":"open","sticky":false,"template":"","format":"gallery","meta":{"footnotes":""},"categories":[10905,21466,10898,10948,10894,10904,10912,10903,10947,10896,10897,10974],"tags":[22359,13564,11071,15409,10914,15227,22360],"class_list":["post-265820","post","type-post","status-publish","format-gallery","has-post-thumbnail","category-agricultura-la-comarca-ca","category-dana-ca","category-ventana-ca","category-infraestructuras-ca","category-la-comarca-ca","category-sin-categorizar-ca","category-la-hoya-ca","category-medio-ambiente-la-comarca-ca","category-politica","category-seccion-ca","category-sucesos-la-comarca-ca","category-cheste-ca","tag-begona-garcia-ca","tag-caminos-rurales-ca","tag-cheste","tag-dana-2-ca","tag-la-hoya-de-bunol-chiva-ca","tag-ministerio-de-agricultura-ca","tag-secretaria-de-estado-de-agricultura-ca","post_format-post-format-gallery"],"_links":{"self":[{"href":"https:\/\/tucomarca.whitekongsoftware.com\/ca\/wp-json\/wp\/v2\/posts\/265820","targetHints":{"allow":["GET"]}}],"collection":[{"href":"https:\/\/tucomarca.whitekongsoftware.com\/ca\/wp-json\/wp\/v2\/posts"}],"about":[{"href":"https:\/\/tucomarca.whitekongsoftware.com\/ca\/wp-json\/wp\/v2\/types\/post"}],"author":[{"embeddable":true,"href":"https:\/\/tucomarca.whitekongsoftware.com\/ca\/wp-json\/wp\/v2\/users\/12"}],"replies":[{"embeddable":true,"href":"https:\/\/tucomarca.whitekongsoftware.com\/ca\/wp-json\/wp\/v2\/comments?post=265820"}],"version-history":[{"count":0,"href":"https:\/\/tucomarca.whitekongsoftware.com\/ca\/wp-json\/wp\/v2\/posts\/265820\/revisions"}],"wp:featuredmedia":[{"embeddable":true,"href":"https:\/\/tucomarca.whitekongsoftware.com\/ca\/wp-json\/wp\/v2\/media\/265807"}],"wp:attachment":[{"href":"https:\/\/tucomarca.whitekongsoftware.com\/ca\/wp-json\/wp\/v2\/media?parent=265820"}],"wp:term":[{"taxonomy":"category","embeddable":true,"href":"https:\/\/tucomarca.whitekongsoftware.com\/ca\/wp-json\/wp\/v2\/categories?post=265820"},{"taxonomy":"post_tag","embeddable":true,"href":"https:\/\/tucomarca.whitekongsoftware.com\/ca\/wp-json\/wp\/v2\/tags?post=265820"}],"curies":[{"name":"wp","href":"https:\/\/api.w.org\/{rel}","templated":true}]}}