{"id":265710,"date":"2025-05-13T09:15:00","date_gmt":"2025-05-13T07:15:00","guid":{"rendered":"https:\/\/www.tucomarca.com\/wordpress\/segunda\/?p=265710"},"modified":"2025-05-13T21:29:39","modified_gmt":"2025-05-13T19:29:39","slug":"educacio-impulsa-el-nou-decret-de-convivencia-que-incideix-en-la-tolerancia-zero-davant-la-violencia-en-els-centres","status":"publish","type":"post","link":"https:\/\/tucomarca.whitekongsoftware.com\/ca\/educacio-impulsa-el-nou-decret-de-convivencia-que-incideix-en-la-tolerancia-zero-davant-la-violencia-en-els-centres\/","title":{"rendered":"Educaci\u00f3 impulsa el nou decret de conviv\u00e8ncia que incideix en la \u201ctoler\u00e0ncia zero\u201d davant la viol\u00e8ncia en els centres"},"content":{"rendered":"\n<h3 class=\"wp-block-heading\">La directora general d&#8217;Innovaci\u00f3 i Inclusi\u00f3 Educativa ha trasllat l&#8217;esborrany del nou decret en Taula Sectorial.<\/h3>\n\n\n\n<h3 class=\"wp-block-heading\">L&#8217;objectiu \u00e9s dotar a la comunitat educativa d&#8217;una normativa clara sobre els procediments, drets i obligacions que garantisquen una correcta conviv\u00e8ncia.<\/h3>\n\n\n\n<h3 class=\"wp-block-heading\">Entre les novetats destaca que es refor\u00e7a l&#8217;autoritat del docent i s&#8217;at\u00e9n les demandes dels centres educatius i la societat actual.<\/h3>\n\n\n\n<p class=\"wp-block-paragraph\">La Conselleria d&#8217;Educaci\u00f3, Cultura, Universitats i Ocupaci\u00f3 ha impulsat el nou decret de conviv\u00e8ncia que incideix en la \u201ctoler\u00e0ncia zero\u201d davant la viol\u00e8ncia en els centres educatius de la Comunitat Valenciana. Aix\u00ed ho ha donat a con\u00e9ixer la directora general d&#8217;Innovaci\u00f3 i Inclusi\u00f3 Educativa, Xaro Escrig, als responsables de la comunitat educativa implicats en el seu desenvolupament.<\/p>\n\n\n\n<p class=\"wp-block-paragraph\">Xaro Escrig ha trasllat en Taula Sectorial l&#8217;esborrany del nou Decret de Conviv\u00e8ncia en el Sistema Educatiu Valenci\u00e0 per a negociar el seu contingut amb els sindicats educatius, aix\u00ed com amb la Mesa de Mares i Pares.<\/p>\n\n\n\n<p class=\"wp-block-paragraph\">Des de la Conselleria d&#8217;Educaci\u00f3 s&#8217;est\u00e0 treballant en la redacci\u00f3 de l&#8217;ordre que desenvolupar\u00e0 aquest decret perqu\u00e8 no existisca un desajustament normatiu com l&#8217;actual, ja que el Decret 195\/2022 no ha tingut una ordre que ho concrete, la qual cosa ha suposat confusi\u00f3 i dificultats en l&#8217;aplicaci\u00f3 de procediments davant situacions que alteren greument la conviv\u00e8ncia en els centres educatius.<\/p>\n\n\n\n<p class=\"wp-block-paragraph\">El nou decret promou una educaci\u00f3 digital responsable, s&#8217;at\u00e9n les demandes dels centres educatius i la societat actual. El text refor\u00e7a l&#8217;autoritat del professorat, sent el mal, l&#8217;agressi\u00f3, la inj\u00faria o l&#8217;ofensa al professorat en l&#8217;exercici de les seues funcions una circumst\u00e0ncia agreujant de la conducta.<\/p>\n\n\n\n<p class=\"wp-block-paragraph\">\u201cEl nou decret parteix de la premissa que els centres educatius han de ser llocs on l&#8217;alumnat se senta respectat, acollit i protegit en cadascuna de les etapes, aconseguint el grau necessari del seu desenvolupament integral. La comunitat educativa ha de promoure la conviv\u00e8ncia, el foment del benestar i la protecci\u00f3 de la salut mental\u201d, ha indicat la directora general.<\/p>\n\n\n\n<p class=\"wp-block-paragraph\">La Conselleria d&#8217;Educaci\u00f3 ha treballat en un nou decret que garantisca els drets i principis fonamentals per a la protecci\u00f3 i benestar de l&#8217;alumnat, incloent-hi la protecci\u00f3 contra tota mena de viol\u00e8ncia, la igualtat, la no discriminaci\u00f3, el respecte a la diversitat, i la promoci\u00f3 d&#8217;un entorn escolar segur i respectu\u00f3s. \u201cEn l&#8217;aplicaci\u00f3 del nou decret de conviv\u00e8ncia prevaldr\u00e0 l&#8217;inter\u00e9s superior dels menors sobre qualsevol altre inter\u00e9s leg\u00edtim que poguera conc\u00f3rrer\u201d, ha assenyalat Xaro Escrig.<\/p>\n\n\n\n<p class=\"wp-block-paragraph\"><strong>Plans de formaci\u00f3<\/strong><\/p>\n\n\n\n<p class=\"wp-block-paragraph\">En el decret es destaca l&#8217;autonomia dels centres educatius en la gesti\u00f3 de la conviv\u00e8ncia i en la implementaci\u00f3 de programes preventius i educatius per a fomentar la salut mental i el desenvolupament integral de l&#8217;alumnat, assegurant un tracte digne i equitatiu per a tots. Els centres p\u00fablics i concertats s&#8217;acolliran a aquest decret, mentre que els privats podran acollir-se si ho consideren oport\u00fa.<\/p>\n\n\n\n<p class=\"wp-block-paragraph\">D&#8217;aquesta manera, en el marc de la seua autonomia curricular i pedag\u00f2gica, els centres educatius concretaran les seues normes d&#8217;organitzaci\u00f3 i funcionament, d&#8217;acord amb les l\u00ednies i criteris contemplats en els seus Projectes Educatius i sota el marc del present decret.<\/p>\n\n\n\n<p class=\"wp-block-paragraph\">Des de la Conselleria d&#8217;Educaci\u00f3 s&#8217;impulsar\u00e0 la formaci\u00f3 per a tota la comunitat educativa a trav\u00e9s dels plans de formaci\u00f3 en mat\u00e8ria de conviv\u00e8ncia, inclusi\u00f3, benestar i salut mental. La formaci\u00f3 es proporcionar\u00e0 al professorat i a la resta de la comunitat educativa mitjan\u00e7ant recursos i eines b\u00e0siques per a crear un adequat clima de conviv\u00e8ncia.<\/p>\n\n\n\n<p class=\"wp-block-paragraph\">El decret t\u00e9 en consideraci\u00f3 a l&#8217;alumnat amb Necessitats Espec\u00edfiques de Suport Educatiu. D&#8217;aquesta manera, davant situacions que impliquen com a v\u00edctima a aquest alumnat, aquesta circumst\u00e0ncia podr\u00e0 comptar com a agreujant, donada la vulnerabilitat d&#8217;aquest.<\/p>\n\n\n\n<p class=\"wp-block-paragraph\">Finalment, davant un incompliment de les normes el decret ofereix als centres una s\u00e8rie de criteris a considerar a l&#8217;hora de prendre mesures. \u201cPer tot aix\u00f2, cal destacar que la Conselleria pret\u00e9n que la conviv\u00e8ncia siga un pilar fonamental per al desenvolupament d&#8217;una societat justa i equitativa, arreplegant en aquest decret els principis i directrius per a aix\u00f2\u201d, ha concl\u00f2s la directora general d&#8217;Innovaci\u00f3 i Inclusi\u00f3 Educativa.<\/p>\n","protected":false},"excerpt":{"rendered":"<div class=\"mh-excerpt\">La directora general d&#8217;Innovaci\u00f3 i Inclusi\u00f3 Educativa ha trasllat l&#8217;esborrany del nou decret en Taula Sectorial. L&#8217;objectiu \u00e9s dotar a la comunitat educativa d&#8217;una normativa clara sobre els procediments, drets i obligacions que garantisquen una <a class=\"mh-excerpt-more\" href=\"https:\/\/tucomarca.whitekongsoftware.com\/ca\/educacio-impulsa-el-nou-decret-de-convivencia-que-incideix-en-la-tolerancia-zero-davant-la-violencia-en-els-centres\/\" title=\"Educaci\u00f3 impulsa el nou decret de conviv\u00e8ncia que incideix en la \u201ctoler\u00e0ncia zero\u201d davant la viol\u00e8ncia en els centres\">[+] <\/a><\/div>\n","protected":false},"author":12,"featured_media":265709,"comment_status":"open","ping_status":"open","sticky":false,"template":"","format":"standard","meta":{"footnotes":""},"categories":[10898,10894,10904,10947,10896],"tags":[14380,22348],"class_list":["post-265710","post","type-post","status-publish","format-standard","has-post-thumbnail","category-ventana-ca","category-la-comarca-ca","category-sin-categorizar-ca","category-politica","category-seccion-ca","tag-conselleria-deducacio-ca","tag-violencia-en-los-centros-educativos-ca"],"_links":{"self":[{"href":"https:\/\/tucomarca.whitekongsoftware.com\/ca\/wp-json\/wp\/v2\/posts\/265710","targetHints":{"allow":["GET"]}}],"collection":[{"href":"https:\/\/tucomarca.whitekongsoftware.com\/ca\/wp-json\/wp\/v2\/posts"}],"about":[{"href":"https:\/\/tucomarca.whitekongsoftware.com\/ca\/wp-json\/wp\/v2\/types\/post"}],"author":[{"embeddable":true,"href":"https:\/\/tucomarca.whitekongsoftware.com\/ca\/wp-json\/wp\/v2\/users\/12"}],"replies":[{"embeddable":true,"href":"https:\/\/tucomarca.whitekongsoftware.com\/ca\/wp-json\/wp\/v2\/comments?post=265710"}],"version-history":[{"count":0,"href":"https:\/\/tucomarca.whitekongsoftware.com\/ca\/wp-json\/wp\/v2\/posts\/265710\/revisions"}],"wp:featuredmedia":[{"embeddable":true,"href":"https:\/\/tucomarca.whitekongsoftware.com\/ca\/wp-json\/wp\/v2\/media\/265709"}],"wp:attachment":[{"href":"https:\/\/tucomarca.whitekongsoftware.com\/ca\/wp-json\/wp\/v2\/media?parent=265710"}],"wp:term":[{"taxonomy":"category","embeddable":true,"href":"https:\/\/tucomarca.whitekongsoftware.com\/ca\/wp-json\/wp\/v2\/categories?post=265710"},{"taxonomy":"post_tag","embeddable":true,"href":"https:\/\/tucomarca.whitekongsoftware.com\/ca\/wp-json\/wp\/v2\/tags?post=265710"}],"curies":[{"name":"wp","href":"https:\/\/api.w.org\/{rel}","templated":true}]}}