{"id":265666,"date":"2025-05-13T10:00:00","date_gmt":"2025-05-13T08:00:00","guid":{"rendered":"https:\/\/www.tucomarca.com\/wordpress\/segunda\/?p=265666"},"modified":"2025-05-13T20:59:45","modified_gmt":"2025-05-13T18:59:45","slug":"la-diputacio-dona-llum-verda-a-altres-quatre-projectes-al-camp-de-turia-amb-una-inversio-de-dos-milions-deuros","status":"publish","type":"post","link":"https:\/\/tucomarca.whitekongsoftware.com\/ca\/la-diputacio-dona-llum-verda-a-altres-quatre-projectes-al-camp-de-turia-amb-una-inversio-de-dos-milions-deuros\/","title":{"rendered":"La Diputaci\u00f3 dona llum verda a altres quatre projectes al Camp de T\u00faria amb una inversi\u00f3 de dos milions d&#8217;euros"},"content":{"rendered":"\n<h3 class=\"wp-block-heading\">L&#8217;obra m\u00e9s destacada \u00e9s la conversi\u00f3 en zona de vianants i la millora de l&#8217;accessibilitat de diferents carrers del centre de L&#8217;Eliana (1,2 milions d&#8217;euros). La Pobla de Vallbona canviar\u00e0 la gespa dels camps de futbol de Mas de Tous (310.000 euros) i construir\u00e0 un centre c\u00edvic (254.000 euros).<\/h3>\n\n\n\n<h3 class=\"wp-block-heading\">El principal programa inversor de la instituci\u00f3, amb 350 milions d&#8217;euros i sense la pressi\u00f3 dels terminis, ha donat llum verda a 414 projectes, amb 63,4 milions destinats a actuacions ja en marxa en totes les comarques.<\/h3>\n\n\n\n<h3 class=\"wp-block-heading\">La vicepresidenta Nat\u00e0lia Enguix recorda que en 2025 hi ha pressupostats m\u00e9s de 100 milions per a atendre les sol\u00b7licituds dels municipis, i el president, Vicent Momp\u00f3, insta a executar fins a l&#8217;\u00faltim euro del pla.<\/h3>\n\n\n\n<p class=\"wp-block-paragraph\">La Diputaci\u00f3 de Val\u00e8ncia ha donat llum verda en maig a quatre nous projectes presentats per dos municipis de la comarca del Camp de T\u00faria, amb una inversi\u00f3 global de 2.040.337 euros que ser\u00e0 finan\u00e7ada amb els fons del Pla Obert. L&#8217;actuaci\u00f3 m\u00e9s destacada, amb un cost d&#8217;1.238.342 euros, \u00e9s la conversi\u00f3 en zona de vianants i millora de l&#8217;accessibilitat, amb renovaci\u00f3 de voreres, enllumenat i prove\u00efment d&#8217;aigua als carrers Mayor, Virgen del Carmen, Santa Ana, Fuerzas Armadas i Val\u00e8ncia de L&#8217;Eliana.<\/p>\n\n\n\n<p class=\"wp-block-paragraph\">L&#8217;altre ajuntament de la comarca que ha presentat recentment les seues sol\u00b7licituds a l&#8217;\u00e0rea provincial de Cooperaci\u00f3 \u00e9s el de La Pobla de Vallbona, que t\u00e9 tres actuacions aprovades en el marc del Pla Obert, per un import de m\u00e9s de 800.000 euros. La Pobla renovar\u00e0 la gespa artificial dels camps de futbol de Mas de Tous (310.000 euros); renovar\u00e0 la pavimentaci\u00f3 del carrer Poeta Llorente (237.000 euros); i construir\u00e0 un centre c\u00edvic amb un cost estimat de 253.000 euros. Els municipis del Camp de T\u00faria poden continuar presentant els seus projectes a la Diputaci\u00f3 en el marc del Pla Obert, que establix una assignaci\u00f3 de 25,8 milions d&#8217;euros a repartir entre els 16 consistoris de la comarca, 5,4 milions m\u00e9s que en l&#8217;anterior legislatura.<\/p>\n\n\n\n<p class=\"wp-block-paragraph\">En la ve\u00efna comarca de la Serran\u00eda, que disposa d&#8217;una mica m\u00e9s de 19 milions d&#8217;euros del Pla Obert per a millorar els seus 19 municipis, 2,6 milions m\u00e9s que en el per\u00edode 2019-2023, es posaran en marxa quatre noves actuacions per valor de 232.872 euros. La m\u00e9s destacada \u00e9s l&#8217;adquisici\u00f3 d&#8217;un immoble per a habitatges de lloguer i espai multiusos en La Yesa, amb un pressupost de 120.000 euros.<\/p>\n\n\n\n<p class=\"wp-block-paragraph\">Altres millores aprovades als municipis serrans s\u00f3n el canvi de la xarxa de clavegueram al carrer Vereda de Pedralba (73.000 euros); la substituci\u00f3 de la pista de p\u00e0del i millores en el poliesportiu d&#8217;Alpuente (21.000 euros); i la millora de la instal\u00b7laci\u00f3 el\u00e8ctrica exterior en el centre de turisme rural \u2018El Cerrao\u2019 de Sot de Chera (18.000 euros). A m\u00e9s, Casas Bajas \u00e9s l&#8217;\u00fanic consistori de la comarca del Rinc\u00f3n de Ademuz que ha presentat este mes les seues propostes i necessitats, en este cas l&#8217;adquisici\u00f3 de 300 cadires plegables serigrafiades i un carro de transport.<\/p>\n\n\n\n<p class=\"wp-block-paragraph\"><strong>Nou decret<\/strong><\/p>\n\n\n\n<p class=\"wp-block-paragraph\">La Diputaci\u00f3 ha aprovat este mes un nou decret del Pla Obert que dona llum verda a 38 projectes presentats per 29 municipis de 13 comarques, amb una inversi\u00f3 de 6.290.876 euros. La vicepresidenta primera i coordinadora del Pla Obert, Nat\u00e0lia Enguix, fa balan\u00e7 del primer any de desenvolupament d&#8217;un pla quadriennal que elimina terminis i pressions als municipis: \u201cs&#8217;han aprovat actuacions per valor de 63 milions d&#8217;euros i en el present exercici hi ha pressupostats 105 milions per a donar resposta a les sol\u00b7licituds dels consistoris, que poden presentar-se en qualsevol moment durant la legislatura\u201d.<\/p>\n\n\n\n<p class=\"wp-block-paragraph\">Per part seua, el president de la Diputaci\u00f3, Vicent Momp\u00f3, destaca l&#8217;efici\u00e8ncia d&#8217;un programa que des de la seua posada en marxa ha donat llum verda a \u201ccentenars d&#8217;obres d&#8217;urbanitzaci\u00f3 i conversi\u00f3 en zona de vianants de carrers i places; de millora d&#8217;espais p\u00fablics; de renovaci\u00f3 de les xarxes d&#8217;aigua potable i clavegueram; d&#8217;ampliaci\u00f3, manteniment i execuci\u00f3 de zones verdes i esportives; de millora de camins i circumval\u00b7lacions; d&#8217;efici\u00e8ncia energ\u00e8tica i d&#8217;adquisici\u00f3 de vehicles o mobiliari\u201d. En definitiva, \u201cd&#8217;actuacions que repercutixen en la qualitat de vida dels nostres pobles i ciutats, d&#8217;eixos projectes de present i futur amb els quals els alcaldes i alcaldesses somien per als seus municipis\u201d, afig Momp\u00f3.<\/p>\n\n\n\n<p class=\"wp-block-paragraph\">Per comarques, la Safor \u00e9s la que m\u00e9s projectes posar\u00e0 en marxa amb el nou decret, fins a set iniciatives presentades per quatre municipis. Li seguixen la Ribera Baixa, el Camp de T\u00faria, la Serran\u00eda i l&#8217;Hoya de Bu\u00f1ol amb quatre projectes en cada comarca, i la Vall d&#8217;Albaida, la Ribera Alta i l&#8217;Horta Nord amb tres actuacions cadascuna. A m\u00e9s, el nou decret inclou propostes de consistoris de la Costera, la plana Utiel-Requena i el Rinc\u00f3n de Ademuz.<\/p>\n\n\n\n<p class=\"wp-block-paragraph\">Quant a municipis, Rafelcofer, la Pobla de Vallbona i Siete Aguas, amb tres projectes, i Fortaleny, Miramar i Massalfassar, amb dos, formen el llistat de localitats amb m\u00e9s d&#8217;una actuaci\u00f3 aprovada en el decret de maig.<\/p>\n","protected":false},"excerpt":{"rendered":"<div class=\"mh-excerpt\">L&#8217;obra m\u00e9s destacada \u00e9s la conversi\u00f3 en zona de vianants i la millora de l&#8217;accessibilitat de diferents carrers del centre de L&#8217;Eliana (1,2 milions d&#8217;euros). La Pobla de Vallbona canviar\u00e0 la gespa dels camps de <a class=\"mh-excerpt-more\" href=\"https:\/\/tucomarca.whitekongsoftware.com\/ca\/la-diputacio-dona-llum-verda-a-altres-quatre-projectes-al-camp-de-turia-amb-una-inversio-de-dos-milions-deuros\/\" title=\"La Diputaci\u00f3 dona llum verda a altres quatre projectes al Camp de T\u00faria amb una inversi\u00f3 de dos milions d&#8217;euros\">[+] <\/a><\/div>\n","protected":false},"author":12,"featured_media":265665,"comment_status":"open","ping_status":"open","sticky":false,"template":"","format":"standard","meta":{"footnotes":""},"categories":[10892,20520,10898,10948,10894,20456,10915,10947,10896],"tags":[10395,3677,10433,1335,20261,22339,16561],"class_list":["post-265666","post","type-post","status-publish","format-standard","has-post-thumbnail","category-camp-de-turia-ca","category-cooperacio-municipal","category-ventana-ca","category-infraestructuras-ca","category-la-comarca-ca","category-la-diputacio-de-valencia-informa-ca","category-la-pobla-ca","category-politica","category-seccion-ca","tag-camp-de-turia","tag-diputacio-de-valencia","tag-leliana","tag-la-pobla-de-vallbona","tag-natalia-enguix","tag-pla-obert","tag-vicente-mompo"],"_links":{"self":[{"href":"https:\/\/tucomarca.whitekongsoftware.com\/ca\/wp-json\/wp\/v2\/posts\/265666","targetHints":{"allow":["GET"]}}],"collection":[{"href":"https:\/\/tucomarca.whitekongsoftware.com\/ca\/wp-json\/wp\/v2\/posts"}],"about":[{"href":"https:\/\/tucomarca.whitekongsoftware.com\/ca\/wp-json\/wp\/v2\/types\/post"}],"author":[{"embeddable":true,"href":"https:\/\/tucomarca.whitekongsoftware.com\/ca\/wp-json\/wp\/v2\/users\/12"}],"replies":[{"embeddable":true,"href":"https:\/\/tucomarca.whitekongsoftware.com\/ca\/wp-json\/wp\/v2\/comments?post=265666"}],"version-history":[{"count":0,"href":"https:\/\/tucomarca.whitekongsoftware.com\/ca\/wp-json\/wp\/v2\/posts\/265666\/revisions"}],"wp:featuredmedia":[{"embeddable":true,"href":"https:\/\/tucomarca.whitekongsoftware.com\/ca\/wp-json\/wp\/v2\/media\/265665"}],"wp:attachment":[{"href":"https:\/\/tucomarca.whitekongsoftware.com\/ca\/wp-json\/wp\/v2\/media?parent=265666"}],"wp:term":[{"taxonomy":"category","embeddable":true,"href":"https:\/\/tucomarca.whitekongsoftware.com\/ca\/wp-json\/wp\/v2\/categories?post=265666"},{"taxonomy":"post_tag","embeddable":true,"href":"https:\/\/tucomarca.whitekongsoftware.com\/ca\/wp-json\/wp\/v2\/tags?post=265666"}],"curies":[{"name":"wp","href":"https:\/\/api.w.org\/{rel}","templated":true}]}}