{"id":265650,"date":"2025-05-13T11:00:00","date_gmt":"2025-05-13T09:00:00","guid":{"rendered":"https:\/\/www.tucomarca.com\/wordpress\/segunda\/?p=265650"},"modified":"2025-05-13T20:24:47","modified_gmt":"2025-05-13T18:24:47","slug":"carlos-mazon-la-generalitat-clausura-el-primer-gran-punt-de-tractament-de-residus-de-les-riuades-en-el-qual-shan-reutilitzat-el-40-de-les-tones-arreplegades","status":"publish","type":"post","link":"https:\/\/tucomarca.whitekongsoftware.com\/ca\/carlos-mazon-la-generalitat-clausura-el-primer-gran-punt-de-tractament-de-residus-de-les-riuades-en-el-qual-shan-reutilitzat-el-40-de-les-tones-arreplegades\/","title":{"rendered":"Carlos Maz\u00f3n: \u201cLa Generalitat clausura el primer gran punt de tractament de residus de les riuades en el qual s&#8217;han reutilitzat el 40% de les tones arreplegades\u201d"},"content":{"rendered":"\n<h3 class=\"wp-block-heading\">El Punt de Transfer\u00e8ncia de Residus de Catarroja ha gestionat 250.000 tones amb un tractament que permet separar la terra d&#8217;altres mat\u00e8ries i reutilitzar-la en pedreres, agricultura o construcci\u00f3.<\/h3>\n\n\n\n<h3 class=\"wp-block-heading\">Subratlla el treball del Consell per a retirar 130.000 vehicles i acabar amb les campes, aix\u00ed com per a \u201cavan\u00e7ar cap a la normalitat\u201d amb el tancament dels 60 punts d&#8217;acumulaci\u00f3 municipal i les plantes de tractament despr\u00e9s de l&#8217;estiu.<\/h3>\n\n\n\n<h3 class=\"wp-block-heading\">Destaca la inversi\u00f3 de la Generalitat d&#8217;uns 180 milions d&#8217;euros per a gestionar les m\u00e9s de 800.000 tones de residus que va generar la riuada.<\/h3>\n\n\n\n<p class=\"wp-block-paragraph\">El president de la Generalitat, Carlos Maz\u00f3n, ha destacat la labor del Consell en la gesti\u00f3 dels residus generats per les riuades d&#8217;octubre \u201cen un contingent que no t\u00e9 precedents a Espanya\u201d que ha perm\u00e9s, en temps r\u00e8cord, \u201cclausurar el primer gran punt de tractament en el qual s&#8217;han reutilitzat el 40% de les tones arreplegades\u201d.<\/p>\n\n\n\n<p class=\"wp-block-paragraph\">Maz\u00f3n ha assistit al tancament del Punt de Transfer\u00e8ncia de Residus de Catarroja, un dels tres grans espais destinats a aquests processos, \u201cen el qual s&#8217;han gestionat 250.000 tones de residus, la mateixa quantitat que genera la ciutat de Val\u00e8ncia en un any\u201d. Un tractament que s&#8217;ha realitzat amb un sistema pioner per a separar la terra d&#8217;altres restes, i gr\u00e0cies al qual nom\u00e9s sis de cada deu tones tractades s&#8217;emportaran a l&#8217;abocador.<\/p>\n\n\n\n<figure class=\"wp-block-gallery has-nested-images columns-default is-cropped wp-block-gallery-1 is-layout-flex wp-block-gallery-is-layout-flex\">\n<figure class=\"wp-block-image size-large\"><img loading=\"lazy\" decoding=\"async\" width=\"1024\" height=\"683\" data-id=\"265643\" src=\"https:\/\/www.tucomarca.com\/wordpress\/segunda\/wp-content\/uploads\/2025\/05\/MazonCatarroja03-1024x683.jpg\" alt=\"\" class=\"wp-image-265643\" srcset=\"https:\/\/tucomarca.whitekongsoftware.com\/wp-content\/uploads\/2025\/05\/MazonCatarroja03-1024x683.jpg 1024w, https:\/\/tucomarca.whitekongsoftware.com\/wp-content\/uploads\/2025\/05\/MazonCatarroja03-300x200.jpg 300w, https:\/\/tucomarca.whitekongsoftware.com\/wp-content\/uploads\/2025\/05\/MazonCatarroja03-768x512.jpg 768w, https:\/\/tucomarca.whitekongsoftware.com\/wp-content\/uploads\/2025\/05\/MazonCatarroja03-1536x1024.jpg 1536w, https:\/\/tucomarca.whitekongsoftware.com\/wp-content\/uploads\/2025\/05\/MazonCatarroja03-2048x1365.jpg 2048w\" sizes=\"auto, (max-width: 1024px) 100vw, 1024px\" \/><\/figure>\n\n\n\n<figure class=\"wp-block-image size-large\"><img loading=\"lazy\" decoding=\"async\" width=\"1024\" height=\"683\" data-id=\"265647\" src=\"https:\/\/www.tucomarca.com\/wordpress\/segunda\/wp-content\/uploads\/2025\/05\/MazonCatarroja02-1024x683.jpg\" alt=\"\" class=\"wp-image-265647\" srcset=\"https:\/\/tucomarca.whitekongsoftware.com\/wp-content\/uploads\/2025\/05\/MazonCatarroja02-1024x683.jpg 1024w, https:\/\/tucomarca.whitekongsoftware.com\/wp-content\/uploads\/2025\/05\/MazonCatarroja02-300x200.jpg 300w, https:\/\/tucomarca.whitekongsoftware.com\/wp-content\/uploads\/2025\/05\/MazonCatarroja02-768x512.jpg 768w, https:\/\/tucomarca.whitekongsoftware.com\/wp-content\/uploads\/2025\/05\/MazonCatarroja02-1536x1024.jpg 1536w, https:\/\/tucomarca.whitekongsoftware.com\/wp-content\/uploads\/2025\/05\/MazonCatarroja02-2048x1365.jpg 2048w\" sizes=\"auto, (max-width: 1024px) 100vw, 1024px\" \/><\/figure>\n<\/figure>\n\n\n\n<p class=\"wp-block-paragraph\">En aquest sentit, el cap de l&#8217;Executiu valenci\u00e0, que ha estat acompanyat pel conseller de Medi Ambient, Infraestructures i Territori, Vicente Mart\u00ednez Mus, i pel regidor de Catarroja Miquel Verdeguer, ha explicat que en aquesta instal\u00b7laci\u00f3 s&#8217;han extret 92.720 tones de terra, que ja s&#8217;estan utilitzant en diferents pedreres, agricultura i construcci\u00f3, i 1.554 d&#8217;altres residus com a pneum\u00e0tics, matalassos, enderrocs, pl\u00e0stics i bombones, que tamb\u00e9 seran reutilitzats.<\/p>\n\n\n\n<p class=\"wp-block-paragraph\">Sobre aquest tema, ha fet refer\u00e8ncia al fet que el municipi castellonenc de La Llosa \u00e9s el primer a utilitzar 5.000 tones de terra recuperada de les zones afectades tractades en els tres punts de transfer\u00e8ncia per a anivellar el terreny sobre el qual es construir\u00e0 una zona esportiva.<\/p>\n\n\n\n<p class=\"wp-block-paragraph\">El president, que ha participat tamb\u00e9 en el lliurament de reconeixements als treballadors del centre, ha ressaltat la \u201cgran labor de classificaci\u00f3 i separaci\u00f3 dels residus realitzada, buscant valorar els materials i donar-los una segona vida\u201d i ha manifestat que ha sigut \u201cun repte\u201d que va requerir de \u201cun esfor\u00e7 tit\u00e0nic en recursos humans i materials\u201d i ha agra\u00eft el \u201cenorme esfor\u00e7\u201d realitzat per a aconseguir-lo.<\/p>\n\n\n\n<p class=\"wp-block-paragraph\"><strong>130.000 vehicles retirats<\/strong><\/p>\n\n\n\n<p class=\"wp-block-paragraph\">En el punt de Catarroja s&#8217;han gestionat unes 11.500 entrades de camions, entre els propis, militars, de Tragsa i empreses de serveis, que han realitzat 10.300 viatges per a traure residus fins a un dep\u00f2sit controlat. A m\u00e9s, s&#8217;han extret 500 cotxes i desenes de camions en el marc d&#8217;un pla que ha perm\u00e9s retirar uns 130.000 vehicles i que hagen desaparegut totes les campes.<\/p>\n\n\n\n<p class=\"wp-block-paragraph\">Cal recordar que la riuada va generar m\u00e9s de 800.000 tones d&#8217;estris, voluminosos i enderrocs, l&#8217;equivalent al 10% dels residus anuals de tota Espanya, per a la gesti\u00f3 de la qual la Generalitat va posar en marxa un Pla de Xoc en el qual ha invertit 178,9 milions d&#8217;euros.<\/p>\n\n\n\n<p class=\"wp-block-paragraph\">Aquest dispositiu, ha recordat el President, estava compost de tres fases. En les dues primeres, \u201cels equips desplegats van evacuar una mitjana superior a les 15.000 tones di\u00e0ries, un volum que ens va permetre buidar en les primeres setmanes els 767 vials obstru\u00efts en les poblacions m\u00e9s afectades\u201d. Per a aix\u00f2, \u201ces va treballar 24 hores al dia, els 7 dies de la setmana, retirant llots, estris i refor\u00e7ant la capacitat de recol\u00b7lecci\u00f3\u201d.<\/p>\n\n\n\n<p class=\"wp-block-paragraph\">Aquests residus es depositaven posteriorment en punts creats de manera extraordin\u00e0ria, com els Punts d&#8217;Apilament Local (PAL), pr\u00f2xims als nuclis urbans, i, posteriorment, en Punts de Transfer\u00e8ncia a Abocadors, com el de Catarroja, on s\u00f3n tractats.<\/p>\n\n\n\n<p class=\"wp-block-paragraph\">En la tercera fase del pla, \u201cque estem concloent, hem buidat 60 PAL\u201d, ha prosseguit el president, qui ha destacat que \u201cara es fa un pas m\u00e9s amb el buidatge d&#8217;un dels tres punts de Transfer\u00e8ncia, el de Catarroja, i els unes altres dos restants ho estaran abans d&#8217;estiu\u201d.<\/p>\n\n\n\n<p class=\"wp-block-paragraph\">Finalment, el cap del Consell ha destacat la \u201cprofessionalitat de les empreses especialitzades en el cicle integral de la gesti\u00f3 de residus per a donar un tractament correcte i minimitzar l&#8217;impacte ambiental possible\u201d.<\/p>\n","protected":false},"excerpt":{"rendered":"<div class=\"mh-excerpt\">El Punt de Transfer\u00e8ncia de Residus de Catarroja ha gestionat 250.000 tones amb un tractament que permet separar la terra d&#8217;altres mat\u00e8ries i reutilitzar-la en pedreres, agricultura o construcci\u00f3. Subratlla el treball del Consell per <a class=\"mh-excerpt-more\" href=\"https:\/\/tucomarca.whitekongsoftware.com\/ca\/carlos-mazon-la-generalitat-clausura-el-primer-gran-punt-de-tractament-de-residus-de-les-riuades-en-el-qual-shan-reutilitzat-el-40-de-les-tones-arreplegades\/\" title=\"Carlos Maz\u00f3n: \u201cLa Generalitat clausura el primer gran punt de tractament de residus de les riuades en el qual s&#8217;han reutilitzat el 40% de les tones arreplegades\u201d\">[+] <\/a><\/div>\n","protected":false},"author":12,"featured_media":265646,"comment_status":"open","ping_status":"open","sticky":false,"template":"","format":"gallery","meta":{"footnotes":""},"categories":[21466,10898,10948,10894,10904,10903,10947,10896,10897],"tags":[22333,12683,15409,11498,22334],"class_list":["post-265650","post","type-post","status-publish","format-gallery","has-post-thumbnail","category-dana-ca","category-ventana-ca","category-infraestructuras-ca","category-la-comarca-ca","category-sin-categorizar-ca","category-medio-ambiente-la-comarca-ca","category-politica","category-seccion-ca","category-sucesos-la-comarca-ca","tag-calos-mazon-ca","tag-consell-ca","tag-dana-2-ca","tag-generalitat-valenciana-ca","tag-tratamiento-de-residuos-ca","post_format-post-format-gallery"],"_links":{"self":[{"href":"https:\/\/tucomarca.whitekongsoftware.com\/ca\/wp-json\/wp\/v2\/posts\/265650","targetHints":{"allow":["GET"]}}],"collection":[{"href":"https:\/\/tucomarca.whitekongsoftware.com\/ca\/wp-json\/wp\/v2\/posts"}],"about":[{"href":"https:\/\/tucomarca.whitekongsoftware.com\/ca\/wp-json\/wp\/v2\/types\/post"}],"author":[{"embeddable":true,"href":"https:\/\/tucomarca.whitekongsoftware.com\/ca\/wp-json\/wp\/v2\/users\/12"}],"replies":[{"embeddable":true,"href":"https:\/\/tucomarca.whitekongsoftware.com\/ca\/wp-json\/wp\/v2\/comments?post=265650"}],"version-history":[{"count":0,"href":"https:\/\/tucomarca.whitekongsoftware.com\/ca\/wp-json\/wp\/v2\/posts\/265650\/revisions"}],"wp:featuredmedia":[{"embeddable":true,"href":"https:\/\/tucomarca.whitekongsoftware.com\/ca\/wp-json\/wp\/v2\/media\/265646"}],"wp:attachment":[{"href":"https:\/\/tucomarca.whitekongsoftware.com\/ca\/wp-json\/wp\/v2\/media?parent=265650"}],"wp:term":[{"taxonomy":"category","embeddable":true,"href":"https:\/\/tucomarca.whitekongsoftware.com\/ca\/wp-json\/wp\/v2\/categories?post=265650"},{"taxonomy":"post_tag","embeddable":true,"href":"https:\/\/tucomarca.whitekongsoftware.com\/ca\/wp-json\/wp\/v2\/tags?post=265650"}],"curies":[{"name":"wp","href":"https:\/\/api.w.org\/{rel}","templated":true}]}}