{"id":265625,"date":"2025-05-13T20:00:00","date_gmt":"2025-05-13T18:00:00","guid":{"rendered":"https:\/\/www.tucomarca.com\/wordpress\/segunda\/?p=265625"},"modified":"2025-05-14T20:01:11","modified_gmt":"2025-05-14T18:01:11","slug":"xest-destina-20-000-euros-a-la-prevencio-dincendis-amb-les-ajudes-del-pla-reacciona-de-la-diputacio","status":"publish","type":"post","link":"https:\/\/tucomarca.whitekongsoftware.com\/ca\/xest-destina-20-000-euros-a-la-prevencio-dincendis-amb-les-ajudes-del-pla-reacciona-de-la-diputacio\/","title":{"rendered":"Xest destina 20.000 euros a la prevenci\u00f3 d&#8217;incendis amb les ajudes del Pla Reacciona de la Diputaci\u00f3"},"content":{"rendered":"\n<p class=\"wp-block-paragraph\">L&#8217;Ajuntament de Xest ha executat una subvenci\u00f3 de 19.680 euros provinent del Pla Reacciona 2023, un programa de la Diputaci\u00f3 de Val\u00e8ncia per a la gesti\u00f3 forestal i la prevenci\u00f3 d&#8217;incendis forestals, duent a terme diferents actuacions de silvicultura preventiva i restauraci\u00f3 d&#8217;accessos forestals.<\/p>\n\n\n\n<p class=\"wp-block-paragraph\">\u201cAgra\u00efm a la Diputaci\u00f3 el seu suport a aquestes estrat\u00e8gies sostenibles, que permeten continuar construint un territori m\u00e9s segur, resilient i respectu\u00f3s amb l&#8217;entorn natural\u201d, ha declarat el regidor de Medi Ambient, David Pujals.<\/p>\n\n\n\n<figure class=\"wp-block-image size-full\"><img loading=\"lazy\" decoding=\"async\" width=\"470\" height=\"340\" src=\"http:\/\/www.tucomarca.com\/wordpress\/segunda\/wp-content\/uploads\/2025\/05\/ChestePlanReacciona1.png\" alt=\"\" class=\"wp-image-265620\" srcset=\"https:\/\/tucomarca.whitekongsoftware.com\/wp-content\/uploads\/2025\/05\/ChestePlanReacciona1.png 470w, https:\/\/tucomarca.whitekongsoftware.com\/wp-content\/uploads\/2025\/05\/ChestePlanReacciona1-300x217.png 300w\" sizes=\"auto, (max-width: 470px) 100vw, 470px\" \/><\/figure>\n\n\n\n<p class=\"wp-block-paragraph\"><strong>Actuacions preventives<br><\/strong>En concret, entre les actuacions que es van dur a terme amb la subvenci\u00f3 es van incloure tasques de neteja i millora forestal en una superf\u00edcie d&#8217;aproximadament 10.000 m\u00b2 en la partida de La M\u00e0nega, contemplant tamb\u00e9 el cam\u00ed d&#8217;acc\u00e9s a la caseta del personal forestal situada al costat d&#8217;aquesta parcel\u00b7la. En el marc d&#8217;aquesta intervenci\u00f3 es van netejar els punts estrat\u00e8gics de gesti\u00f3 forestal, al mateix temps que es van aportar embuatats amb restes vegetals, prevenint l&#8217;erosi\u00f3 del s\u00f2l en aquestes zones sensibles.<\/p>\n\n\n\n<p class=\"wp-block-paragraph\">\u201cDins de les actuacions es va reparar un tram d&#8217;uns 900 metres de cam\u00ed, la resist\u00e8ncia del qual durant la passada DANA va evidenciar l&#8217;efic\u00e0cia dels treballs realitzats pr\u00e8viament durant maig i juny de 2024\u201d, ha explicat el regidor. \u201cTotes aquestes actuacions es van integrar en el Pla de Prevenci\u00f3 d&#8217;Incendis Forestals del municipi, que es troba actualment en proc\u00e9s d&#8217;actualitzaci\u00f3 amb l&#8217;objectiu de millorar la planificaci\u00f3 de les actuacions en la nostra zona forestal durant aquest any 2025, reafirmant aix\u00ed el nostre comprom\u00eds amb la protecci\u00f3 de l&#8217;entorn natural i l&#8217;adaptaci\u00f3 enfront del canvi clim\u00e0tic\u201d.<\/p>\n","protected":false},"excerpt":{"rendered":"<div class=\"mh-excerpt\">L&#8217;Ajuntament de Xest ha executat una subvenci\u00f3 de 19.680 euros provinent del Pla Reacciona 2023, un programa de la Diputaci\u00f3 de Val\u00e8ncia per a la gesti\u00f3 forestal i la prevenci\u00f3 d&#8217;incendis forestals, duent a terme <a class=\"mh-excerpt-more\" href=\"https:\/\/tucomarca.whitekongsoftware.com\/ca\/xest-destina-20-000-euros-a-la-prevencio-dincendis-amb-les-ajudes-del-pla-reacciona-de-la-diputacio\/\" title=\"Xest destina 20.000 euros a la prevenci\u00f3 d&#8217;incendis amb les ajudes del Pla Reacciona de la Diputaci\u00f3\">[+] <\/a><\/div>\n","protected":false},"author":12,"featured_media":265623,"comment_status":"open","ping_status":"open","sticky":false,"template":"","format":"standard","meta":{"footnotes":""},"categories":[10948,10894,10912,10903,10947,10896,10974],"tags":[11071,15409,11246,10914,22328],"class_list":["post-265625","post","type-post","status-publish","format-standard","has-post-thumbnail","category-infraestructuras-ca","category-la-comarca-ca","category-la-hoya-ca","category-medio-ambiente-la-comarca-ca","category-politica","category-seccion-ca","category-cheste-ca","tag-cheste","tag-dana-2-ca","tag-diputacio-de-valencia-ca","tag-la-hoya-de-bunol-chiva-ca","tag-plan-reacciona-2-ca"],"_links":{"self":[{"href":"https:\/\/tucomarca.whitekongsoftware.com\/ca\/wp-json\/wp\/v2\/posts\/265625","targetHints":{"allow":["GET"]}}],"collection":[{"href":"https:\/\/tucomarca.whitekongsoftware.com\/ca\/wp-json\/wp\/v2\/posts"}],"about":[{"href":"https:\/\/tucomarca.whitekongsoftware.com\/ca\/wp-json\/wp\/v2\/types\/post"}],"author":[{"embeddable":true,"href":"https:\/\/tucomarca.whitekongsoftware.com\/ca\/wp-json\/wp\/v2\/users\/12"}],"replies":[{"embeddable":true,"href":"https:\/\/tucomarca.whitekongsoftware.com\/ca\/wp-json\/wp\/v2\/comments?post=265625"}],"version-history":[{"count":0,"href":"https:\/\/tucomarca.whitekongsoftware.com\/ca\/wp-json\/wp\/v2\/posts\/265625\/revisions"}],"wp:featuredmedia":[{"embeddable":true,"href":"https:\/\/tucomarca.whitekongsoftware.com\/ca\/wp-json\/wp\/v2\/media\/265623"}],"wp:attachment":[{"href":"https:\/\/tucomarca.whitekongsoftware.com\/ca\/wp-json\/wp\/v2\/media?parent=265625"}],"wp:term":[{"taxonomy":"category","embeddable":true,"href":"https:\/\/tucomarca.whitekongsoftware.com\/ca\/wp-json\/wp\/v2\/categories?post=265625"},{"taxonomy":"post_tag","embeddable":true,"href":"https:\/\/tucomarca.whitekongsoftware.com\/ca\/wp-json\/wp\/v2\/tags?post=265625"}],"curies":[{"name":"wp","href":"https:\/\/api.w.org\/{rel}","templated":true}]}}