{"id":265583,"date":"2025-05-13T08:00:00","date_gmt":"2025-05-13T06:00:00","guid":{"rendered":"https:\/\/www.tucomarca.com\/wordpress\/segunda\/?p=265583"},"modified":"2025-05-13T21:58:00","modified_gmt":"2025-05-13T19:58:00","slug":"jorge-gil-blesa-nou-inspector-en-cap-del-consorci-provincial-de-bombers-de-valencia-cpbv","status":"publish","type":"post","link":"https:\/\/tucomarca.whitekongsoftware.com\/ca\/jorge-gil-blesa-nou-inspector-en-cap-del-consorci-provincial-de-bombers-de-valencia-cpbv\/","title":{"rendered":"Jorge Gil Blesa, nou Inspector en Cap del Consorci Provincial de Bombers de Val\u00e8ncia (CPBV)"},"content":{"rendered":"\n<h3 class=\"wp-block-heading\">L&#8217;entitat dependent de la Diputaci\u00f3 de Val\u00e8ncia elegix al seu c\u00e0rrec de major rang a nivell t\u00e8cnic i operatiu, a proposta de la comissi\u00f3 de valoraci\u00f3 del proc\u00e9s selectiu p\u00fablic que va arrancar el mes de gener passat.<\/h3>\n\n\n\n<h3 class=\"wp-block-heading\">El president del CPBV, Avelino Mascarell, destaca la \u201cacreditada traject\u00f2ria professional de Jorge Gil, en la qual ha ocupat diferents llocs de responsabilitat tant en el Consorci Provincial com a l&#8217;ajuntament de Val\u00e8ncia.<\/h3>\n\n\n\n<p class=\"wp-block-paragraph\">El president del Consorci Provincial de Bombers de Val\u00e8ncia (CPBV), Avelino Mascarell, ha anunciat el pr\u00f2xim nomenament de Jorge Gil Blesa com a nou Inspector en Cap de l&#8217;entitat, atenent aix\u00ed la proposta de la Comissi\u00f3 de Valoraci\u00f3 constitu\u00efda pel CPBV per a este proc\u00e9s selectiu.<\/p>\n\n\n\n<p class=\"wp-block-paragraph\">Mascarell destaca que Jorge Gil \u201cassumix d&#8217;esta manera la m\u00e9s alta responsabilitat t\u00e8cnica i operativa&#8221; i subratlla que &#8220;la comissi\u00f3 ha valorat la seua acreditada traject\u00f2ria professional de 33 anys en actiu, durant la qual ha ocupat diferents llocs de responsabilitat tant en el Consorci Provincial com a l&#8217;ajuntament de Val\u00e8ncia\u201d.<\/p>\n\n\n\n<p class=\"wp-block-paragraph\">El president del Consorci explica que \u201cel nou Inspector en Cap treballar\u00e0 juntament amb la ger\u00e8ncia i la presid\u00e8ncia en la plasmaci\u00f3 d&#8217;una estrat\u00e8gia de gesti\u00f3 que passa, entre altres aspectes, per la revisi\u00f3 d&#8217;infraestructures i instal\u00b7lacions de bombers i brigades forestals, el projecte de nova seu centralitzada per al personal del consorci, i la decidida aposta per les noves tecnologies en les din\u00e0miques de treball, tant de camp com d&#8217;oficina\u201d.<\/p>\n\n\n\n<p class=\"wp-block-paragraph\">Per part seua, Jorge Gil Blesa ha agra\u00eft la confian\u00e7a depositada en ell i ha assenyalat: \u201cassumisc esta responsabilitat amb la m\u00e0xima dedicaci\u00f3, conscient de la import\u00e0ncia que t\u00e9 el Consorci per a la seguretat de la ciutadania de la prov\u00edncia. Afronte esta nova etapa amb vocaci\u00f3 de servici p\u00fablic, esperit d&#8217;equip i la voluntat de continuar avan\u00e7ant en una organitzaci\u00f3 cada vegada m\u00e9s moderna, efica\u00e7 i pr\u00f2xima al territori\u201d.<\/p>\n\n\n\n<p class=\"wp-block-paragraph\"><strong>Proc\u00e9s selectiu<\/strong><\/p>\n\n\n\n<p class=\"wp-block-paragraph\">Amb l&#8217;elecci\u00f3 de Jorge Gil Blesa com a Inspector Cap del Consorci Provincial de Bombers de Val\u00e8ncia, culmina un proc\u00e9s selectiu que va arrancar el passat 1 de febrer amb la publicaci\u00f3 de la pertinent convocat\u00f2ria en el Bolet\u00edn Oficial del Estado (BOE).<\/p>\n\n\n\n<p class=\"wp-block-paragraph\">Per a este proc\u00e9s, el Consorci ha conformat una Comissi\u00f3 de Valoraci\u00f3 en la qual ha participat personal de la m\u00e0xima categoria professional d&#8217;altres entitats competents en mat\u00e8ria d&#8217;emerg\u00e8ncies de la Comunitat, i que ha aprovat l&#8217;adjudicaci\u00f3 de la pla\u00e7a pel sistema de Lliure Designaci\u00f3, tal com arreplegaven les bases del proc\u00e9s.<\/p>\n\n\n\n<p class=\"wp-block-paragraph\"><strong>\u00c0mplia experi\u00e8ncia en gesti\u00f3 operativa i formaci\u00f3<\/strong><\/p>\n\n\n\n<p class=\"wp-block-paragraph\">Jorge Gil Blesa \u00e9s T\u00e8cnic d&#8217;Administraci\u00f3 Especial en el cos de Bombers i exercix la seua labor professional des de fa m\u00e9s de tres d\u00e8cades. Ha ocupat diversos c\u00e0rrecs de responsabilitat en el Consorci Provincial de Bombers de Val\u00e8ncia i tamb\u00e9 en el Servici de Bombers de l&#8217;Ajuntament de Val\u00e8ncia, on ha exercit, entre altres, les funcions d&#8217;Oficial, Inspector i Cap de Bombers.<\/p>\n\n\n\n<p class=\"wp-block-paragraph\">Al llarg de la seua traject\u00f2ria, ha format part de diversos grups de treball estrat\u00e8gics del Consorci, vinculats a la millora operativa i la implantaci\u00f3 de noves tecnologies en l&#8217;\u00e0mbit de la intervenci\u00f3.<\/p>\n\n\n\n<p class=\"wp-block-paragraph\">Gil Blesa compta amb una s\u00f2lida formaci\u00f3 t\u00e8cnica i acad\u00e8mica, com a arquitecte i arquitecte t\u00e8cnic. Ha col\u00b7laborat amb l&#8217;Ag\u00e8ncia Valenciana de Seguretat i Resposta a les Emerg\u00e8ncies, l&#8217;IVASPE i altres entitats, on ha impartit formaci\u00f3 relativa a la resposta de les edificacions en emerg\u00e8ncies; i \u00e9s especialista en el comportament de revestiments de fa\u00e7ana inflamables. A m\u00e9s, despr\u00e9s de la dana d&#8217;octubre de 2024 va assumir la coordinaci\u00f3 de les inspeccions d&#8217;urg\u00e8ncia en els immobles afectats.<\/p>\n","protected":false},"excerpt":{"rendered":"<div class=\"mh-excerpt\">L&#8217;entitat dependent de la Diputaci\u00f3 de Val\u00e8ncia elegix al seu c\u00e0rrec de major rang a nivell t\u00e8cnic i operatiu, a proposta de la comissi\u00f3 de valoraci\u00f3 del proc\u00e9s selectiu p\u00fablic que va arrancar el mes <a class=\"mh-excerpt-more\" href=\"https:\/\/tucomarca.whitekongsoftware.com\/ca\/jorge-gil-blesa-nou-inspector-en-cap-del-consorci-provincial-de-bombers-de-valencia-cpbv\/\" title=\"Jorge Gil Blesa, nou Inspector en Cap del Consorci Provincial de Bombers de Val\u00e8ncia (CPBV)\">[+] <\/a><\/div>\n","protected":false},"author":12,"featured_media":265582,"comment_status":"open","ping_status":"open","sticky":false,"template":"","format":"standard","meta":{"footnotes":""},"categories":[10898,10948,10894,10904,10903,10947,10896,10897],"tags":[12834,11246],"class_list":["post-265583","post","type-post","status-publish","format-standard","has-post-thumbnail","category-ventana-ca","category-infraestructuras-ca","category-la-comarca-ca","category-sin-categorizar-ca","category-medio-ambiente-la-comarca-ca","category-politica","category-seccion-ca","category-sucesos-la-comarca-ca","tag-consorcio-provincial-de-bomberos-de-valencia-ca","tag-diputacio-de-valencia-ca"],"_links":{"self":[{"href":"https:\/\/tucomarca.whitekongsoftware.com\/ca\/wp-json\/wp\/v2\/posts\/265583","targetHints":{"allow":["GET"]}}],"collection":[{"href":"https:\/\/tucomarca.whitekongsoftware.com\/ca\/wp-json\/wp\/v2\/posts"}],"about":[{"href":"https:\/\/tucomarca.whitekongsoftware.com\/ca\/wp-json\/wp\/v2\/types\/post"}],"author":[{"embeddable":true,"href":"https:\/\/tucomarca.whitekongsoftware.com\/ca\/wp-json\/wp\/v2\/users\/12"}],"replies":[{"embeddable":true,"href":"https:\/\/tucomarca.whitekongsoftware.com\/ca\/wp-json\/wp\/v2\/comments?post=265583"}],"version-history":[{"count":0,"href":"https:\/\/tucomarca.whitekongsoftware.com\/ca\/wp-json\/wp\/v2\/posts\/265583\/revisions"}],"wp:featuredmedia":[{"embeddable":true,"href":"https:\/\/tucomarca.whitekongsoftware.com\/ca\/wp-json\/wp\/v2\/media\/265582"}],"wp:attachment":[{"href":"https:\/\/tucomarca.whitekongsoftware.com\/ca\/wp-json\/wp\/v2\/media?parent=265583"}],"wp:term":[{"taxonomy":"category","embeddable":true,"href":"https:\/\/tucomarca.whitekongsoftware.com\/ca\/wp-json\/wp\/v2\/categories?post=265583"},{"taxonomy":"post_tag","embeddable":true,"href":"https:\/\/tucomarca.whitekongsoftware.com\/ca\/wp-json\/wp\/v2\/tags?post=265583"}],"curies":[{"name":"wp","href":"https:\/\/api.w.org\/{rel}","templated":true}]}}