{"id":265417,"date":"2025-05-12T11:00:00","date_gmt":"2025-05-12T09:00:00","guid":{"rendered":"https:\/\/www.tucomarca.com\/wordpress\/segunda\/?p=265417"},"modified":"2025-05-12T19:09:00","modified_gmt":"2025-05-12T17:09:00","slug":"el-consell-comunica-a-la-diputacio-que-financara-les-agents-digualtat-en-municipis-de-menys-de-20-000-habitants","status":"publish","type":"post","link":"https:\/\/tucomarca.whitekongsoftware.com\/ca\/el-consell-comunica-a-la-diputacio-que-financara-les-agents-digualtat-en-municipis-de-menys-de-20-000-habitants\/","title":{"rendered":"El Consell comunica a la Diputaci\u00f3 que finan\u00e7ar\u00e0 les agents d&#8217;igualtat en municipis de menys de 20.000 habitants"},"content":{"rendered":"\n<h3 class=\"wp-block-heading\">La vicepresidenta primera, Natalia Enguix, destaca que la decisi\u00f3 de la Generalitat \u201c\u00e9s clau perqu\u00e8 la igualtat real arribe a tots els racons de la prov\u00edncia. Des de la Diputaci\u00f3 hem defensat sempre que la igualtat no pot dependre de la grand\u00e0ria del municipi\u201d.<\/h3>\n\n\n\n<p class=\"wp-block-paragraph\">La Diputaci\u00f3 de Val\u00e8ncia ha rebut la confirmaci\u00f3 per part de la Generalitat que l&#8217;ens auton\u00f2mic finan\u00e7ar\u00e0 la incorporaci\u00f3 d&#8217;agents d&#8217;igualtat en municipis de menys de 20.000 habitants. Esta \u00e9s la principal conclusi\u00f3 de la reuni\u00f3 mantinguda recentment entre la vicepresidenta primera i diputada d&#8217;Igualtat, Natalia Enguix, la secret\u00e0ria auton\u00f2mica d&#8217;Igualtat i Diversitat, Asunci\u00f3n Quinz\u00e1, i la directora general d&#8217;Igualtat, Davinia Bono, en seu provincial.<\/p>\n\n\n\n<p class=\"wp-block-paragraph\">Durant l&#8217;encontre, la Generalitat va confirmar que es mantindr\u00e0 el finan\u00e7ament destinat a les unitats d&#8217;igualtat en entitats locals, permetent aix\u00ed que els municipis m\u00e9s xicotets incorporen, per primera vegada, figures clau com a agents i promotores d&#8217;igualtat. Esta mesura s&#8217;emmarca en el contracte-programa del Consell. En este sentit, la vicepresidenta Enguix destaca que la decisi\u00f3 \u201c\u00e9s clau perqu\u00e8 la igualtat real arribe a tots els racons de la prov\u00edncia. Des de la Diputaci\u00f3 hem defensat sempre que la igualtat no pot dependre de la grand\u00e0ria del municipi, i amb la confirmaci\u00f3 per part de la Generalitat fem un pas important per a consolidar eixe principi&#8221;.<\/p>\n\n\n\n<p class=\"wp-block-paragraph\">Per part seua, Imma Gonz\u00e1lez, responsable de Benestar Social de la Diputaci\u00f3, valora molt positivament l&#8217;avan\u00e7: &#8220;\u00e9s una gran not\u00edcia per als nostres pobles. Este finan\u00e7ament garantix que les pol\u00edtiques d&#8217;igualtat arriben tamb\u00e9 a les zones rurals i m\u00e9s xicotetes, que moltes vegades es veuen oblidades. Des de Benestar Social continuarem treballant conjuntament amb la Generalitat per a assegurar que cap municipi es quede arrere en q\u00fcesti\u00f3 de drets fonamentals&#8221;.<\/p>\n\n\n\n<p class=\"wp-block-paragraph\">Durant la reuni\u00f3 es va exposar tamb\u00e9 el pressupost per a la iniciativa. En concret, des de la Generalitat es va confirmar que per a 2025 es preveu una dotaci\u00f3 de 7.469.750 euros per a garantir l&#8217;estabilitat de la Xarxa Valenciana d&#8217;Igualtat, composta per 115 agents d&#8217;igualtat i 150 promotores. Aix\u00ed mateix, el Consell treballa en una millora normativa del Decret 27\/2023 que regula els servicis socials, per a aclarir la qualificaci\u00f3 exigida al personal t\u00e8cnic i facilitar la seua contractaci\u00f3, especialment en zones rurals o de dif\u00edcil cobertura.<\/p>\n\n\n\n<p class=\"wp-block-paragraph\"><strong>Unitats d&#8217;Igualtat<\/strong><\/p>\n\n\n\n<p class=\"wp-block-paragraph\">Nat\u00e0lia Enguix posa en valor el treball que es realitza des de l&#8217;\u00e0rea d&#8217;Igualtat de la Diputaci\u00f3 de Val\u00e8ncia, de manera coordinada amb els ajuntaments per a refor\u00e7ar la pres\u00e8ncia de pol\u00edtiques d&#8217;igualtat en l&#8217;\u00e0mbit local, especialment en els municipis de menor grand\u00e0ria. A trav\u00e9s d&#8217;assessorament t\u00e8cnic, formaci\u00f3 especialitzada i convocat\u00f2ries d&#8217;ajudes, la Diputaci\u00f3 impulsa la consolidaci\u00f3 de les unitats d&#8217;igualtat com a estructures permanents en el territori.<\/p>\n\n\n\n<p class=\"wp-block-paragraph\">&#8220;La col\u00b7laboraci\u00f3 amb la Generalitat refor\u00e7a l&#8217;estrat\u00e8gia que des de la Diputaci\u00f3 portem impulsant des de fa anys: que la igualtat no siga un luxe reservat a les grans ciutats, sin\u00f3 un dret real en tots els pobles&#8221;, ha subratllat Enguix, qui recorda que &#8220;la Xarxa Valenciana d&#8217;Igualtat va n\u00e0ixer amb este esperit i hui continuem avan\u00e7ant en la seua consolidaci\u00f3 amb m\u00e9s recursos, m\u00e9s implicaci\u00f3 i m\u00e9s coordinaci\u00f3 interinstitucional&#8221;.<\/p>\n","protected":false},"excerpt":{"rendered":"<div class=\"mh-excerpt\">La vicepresidenta primera, Natalia Enguix, destaca que la decisi\u00f3 de la Generalitat \u201c\u00e9s clau perqu\u00e8 la igualtat real arribe a tots els racons de la prov\u00edncia. Des de la Diputaci\u00f3 hem defensat sempre que la <a class=\"mh-excerpt-more\" href=\"https:\/\/tucomarca.whitekongsoftware.com\/ca\/el-consell-comunica-a-la-diputacio-que-financara-les-agents-digualtat-en-municipis-de-menys-de-20-000-habitants\/\" title=\"El Consell comunica a la Diputaci\u00f3 que finan\u00e7ar\u00e0 les agents d&#8217;igualtat en municipis de menys de 20.000 habitants\">[+] <\/a><\/div>\n","protected":false},"author":12,"featured_media":265416,"comment_status":"open","ping_status":"open","sticky":false,"template":"","format":"standard","meta":{"footnotes":""},"categories":[20541,10898,10948,10894,10904,20456,10947,10896],"tags":[11246,22318,11498,20404],"class_list":["post-265417","post","type-post","status-publish","format-standard","has-post-thumbnail","category-igualtat-i-diversitat","category-ventana-ca","category-infraestructuras-ca","category-la-comarca-ca","category-sin-categorizar-ca","category-la-diputacio-de-valencia-informa-ca","category-politica","category-seccion-ca","tag-diputacio-de-valencia-ca","tag-diversida-e-igualdad-ca","tag-generalitat-valenciana-ca","tag-natalia-enguix-2-ca"],"_links":{"self":[{"href":"https:\/\/tucomarca.whitekongsoftware.com\/ca\/wp-json\/wp\/v2\/posts\/265417","targetHints":{"allow":["GET"]}}],"collection":[{"href":"https:\/\/tucomarca.whitekongsoftware.com\/ca\/wp-json\/wp\/v2\/posts"}],"about":[{"href":"https:\/\/tucomarca.whitekongsoftware.com\/ca\/wp-json\/wp\/v2\/types\/post"}],"author":[{"embeddable":true,"href":"https:\/\/tucomarca.whitekongsoftware.com\/ca\/wp-json\/wp\/v2\/users\/12"}],"replies":[{"embeddable":true,"href":"https:\/\/tucomarca.whitekongsoftware.com\/ca\/wp-json\/wp\/v2\/comments?post=265417"}],"version-history":[{"count":0,"href":"https:\/\/tucomarca.whitekongsoftware.com\/ca\/wp-json\/wp\/v2\/posts\/265417\/revisions"}],"wp:featuredmedia":[{"embeddable":true,"href":"https:\/\/tucomarca.whitekongsoftware.com\/ca\/wp-json\/wp\/v2\/media\/265416"}],"wp:attachment":[{"href":"https:\/\/tucomarca.whitekongsoftware.com\/ca\/wp-json\/wp\/v2\/media?parent=265417"}],"wp:term":[{"taxonomy":"category","embeddable":true,"href":"https:\/\/tucomarca.whitekongsoftware.com\/ca\/wp-json\/wp\/v2\/categories?post=265417"},{"taxonomy":"post_tag","embeddable":true,"href":"https:\/\/tucomarca.whitekongsoftware.com\/ca\/wp-json\/wp\/v2\/tags?post=265417"}],"curies":[{"name":"wp","href":"https:\/\/api.w.org\/{rel}","templated":true}]}}