{"id":265351,"date":"2025-05-12T09:45:00","date_gmt":"2025-05-12T07:45:00","guid":{"rendered":"https:\/\/www.tucomarca.com\/wordpress\/segunda\/?p=265351"},"modified":"2025-05-12T18:46:04","modified_gmt":"2025-05-12T16:46:04","slug":"la-llar-del-jubilat-de-xiva-acull-una-xarrada-sobre-linsomni-i-els-trastorns-del-son-impartida-pel-farmaceutic-juan-bautista-minana","status":"publish","type":"post","link":"https:\/\/tucomarca.whitekongsoftware.com\/ca\/la-llar-del-jubilat-de-xiva-acull-una-xarrada-sobre-linsomni-i-els-trastorns-del-son-impartida-pel-farmaceutic-juan-bautista-minana\/","title":{"rendered":"La Llar del Jubilat de Xiva acull una xarrada sobre l&#8217;insomni i els trastorns del son impartida pel farmac\u00e8utic Juan Bautista Mi\u00f1ana"},"content":{"rendered":"<div class=\"wp-block-image\">\n<figure class=\"alignleft size-large is-resized\"><img loading=\"lazy\" decoding=\"async\" width=\"819\" height=\"1024\" src=\"https:\/\/www.tucomarca.com\/wordpress\/segunda\/wp-content\/uploads\/2025\/05\/chivacharla-819x1024.jpg\" alt=\"\" class=\"wp-image-265348\" style=\"width:398px;height:auto\" srcset=\"https:\/\/tucomarca.whitekongsoftware.com\/wp-content\/uploads\/2025\/05\/chivacharla-819x1024.jpg 819w, https:\/\/tucomarca.whitekongsoftware.com\/wp-content\/uploads\/2025\/05\/chivacharla-240x300.jpg 240w, https:\/\/tucomarca.whitekongsoftware.com\/wp-content\/uploads\/2025\/05\/chivacharla-768x960.jpg 768w, https:\/\/tucomarca.whitekongsoftware.com\/wp-content\/uploads\/2025\/05\/chivacharla.jpg 960w\" sizes=\"auto, (max-width: 819px) 100vw, 819px\" \/><\/figure>\n<\/div>\n\n\n<p class=\"wp-block-paragraph\">Hui 12 de maig, a les 17.30 hores, la Llar del Jubilat de Xiva ser\u00e0 l&#8217;escenari de la interessant xarrada &#8220;L&#8217;insomni i els trastorns del son&#8221;, a c\u00e0rrec del ponent Juan Bautista Mi\u00f1ana.<\/p>\n\n\n\n<p class=\"wp-block-paragraph\">L&#8217;activitat, dirigida especialment a la poblaci\u00f3 major encara que oberta a tot el p\u00fablic interessat, abordar\u00e0 les causes m\u00e9s comunes de l&#8217;insomni, les seues conseq\u00fc\u00e8ncies en la salut i les possibles estrat\u00e8gies per a millorar la qualitat del descans nocturn.<\/p>\n\n\n\n<p class=\"wp-block-paragraph\">L&#8217;esdeveniment est\u00e0 organitzat amb la col\u00b7laboraci\u00f3 de Caixa Popular i l&#8217;associaci\u00f3 Mestresses de casa Tyrius Xiva, entitats compromeses amb la millora del benestar de la ciutadania a trav\u00e9s de la informaci\u00f3 i la prevenci\u00f3 en temes de salut.<\/p>\n","protected":false},"excerpt":{"rendered":"<div class=\"mh-excerpt\">Hui 12 de maig, a les 17.30 hores, la Llar del Jubilat de Xiva ser\u00e0 l&#8217;escenari de la interessant xarrada &#8220;L&#8217;insomni i els trastorns del son&#8221;, a c\u00e0rrec del ponent Juan Bautista Mi\u00f1ana. L&#8217;activitat, dirigida <a class=\"mh-excerpt-more\" href=\"https:\/\/tucomarca.whitekongsoftware.com\/ca\/la-llar-del-jubilat-de-xiva-acull-una-xarrada-sobre-linsomni-i-els-trastorns-del-son-impartida-pel-farmaceutic-juan-bautista-minana\/\" title=\"La Llar del Jubilat de Xiva acull una xarrada sobre l&#8217;insomni i els trastorns del son impartida pel farmac\u00e8utic Juan Bautista Mi\u00f1ana\">[+] <\/a><\/div>\n","protected":false},"author":12,"featured_media":265349,"comment_status":"open","ping_status":"open","sticky":false,"template":"","format":"standard","meta":{"footnotes":""},"categories":[11019,11010,10894,10912,10896,10975],"tags":[22312,11195,22313,10914],"class_list":["post-265351","post","type-post","status-publish","format-standard","has-post-thumbnail","category-agenda-ca","category-canal-salud","category-la-comarca-ca","category-la-hoya-ca","category-seccion-ca","category-chiva-ca","tag-asociacion-de-amas-de-casa-de-chiva-ca","tag-chiva-ca","tag-juan-bautista-minana-ca","tag-la-hoya-de-bunol-chiva-ca"],"_links":{"self":[{"href":"https:\/\/tucomarca.whitekongsoftware.com\/ca\/wp-json\/wp\/v2\/posts\/265351","targetHints":{"allow":["GET"]}}],"collection":[{"href":"https:\/\/tucomarca.whitekongsoftware.com\/ca\/wp-json\/wp\/v2\/posts"}],"about":[{"href":"https:\/\/tucomarca.whitekongsoftware.com\/ca\/wp-json\/wp\/v2\/types\/post"}],"author":[{"embeddable":true,"href":"https:\/\/tucomarca.whitekongsoftware.com\/ca\/wp-json\/wp\/v2\/users\/12"}],"replies":[{"embeddable":true,"href":"https:\/\/tucomarca.whitekongsoftware.com\/ca\/wp-json\/wp\/v2\/comments?post=265351"}],"version-history":[{"count":0,"href":"https:\/\/tucomarca.whitekongsoftware.com\/ca\/wp-json\/wp\/v2\/posts\/265351\/revisions"}],"wp:featuredmedia":[{"embeddable":true,"href":"https:\/\/tucomarca.whitekongsoftware.com\/ca\/wp-json\/wp\/v2\/media\/265349"}],"wp:attachment":[{"href":"https:\/\/tucomarca.whitekongsoftware.com\/ca\/wp-json\/wp\/v2\/media?parent=265351"}],"wp:term":[{"taxonomy":"category","embeddable":true,"href":"https:\/\/tucomarca.whitekongsoftware.com\/ca\/wp-json\/wp\/v2\/categories?post=265351"},{"taxonomy":"post_tag","embeddable":true,"href":"https:\/\/tucomarca.whitekongsoftware.com\/ca\/wp-json\/wp\/v2\/tags?post=265351"}],"curies":[{"name":"wp","href":"https:\/\/api.w.org\/{rel}","templated":true}]}}