{"id":265340,"date":"2025-05-12T09:55:00","date_gmt":"2025-05-12T07:55:00","guid":{"rendered":"https:\/\/www.tucomarca.com\/wordpress\/segunda\/?p=265340"},"modified":"2025-05-12T19:04:00","modified_gmt":"2025-05-12T17:04:00","slug":"els-viatgers-de-la-linia-c3-podran-arribar-a-valencia-nord-utilitzant-els-trens-de-la-c6-des-de-la-font-de-sant-lluis","status":"publish","type":"post","link":"https:\/\/tucomarca.whitekongsoftware.com\/ca\/els-viatgers-de-la-linia-c3-podran-arribar-a-valencia-nord-utilitzant-els-trens-de-la-c6-des-de-la-font-de-sant-lluis\/","title":{"rendered":"Els viatgers de la l\u00ednia C3 podran arribar a Val\u00e8ncia Nord utilitzant els trens de la C6 des de la Font de Sant Llu\u00eds\u00a0"},"content":{"rendered":"\n<h3 class=\"wp-block-heading\">Els treballs en la marquesina de l&#8217;estaci\u00f3 del Nord i les obres d&#8217;ampliaci\u00f3 de l&#8217;estaci\u00f3 Val\u00e8ncia Joaqu\u00edn Sorolla obliguen a reprogramar els serveis de la C3&nbsp;<\/h3>\n\n\n\n<p class=\"wp-block-paragraph\">Els viatgers de la l\u00ednia C3 amb destinaci\u00f3 Val\u00e8ncia Nord podran utilitzar un tren de la C6 des de La Font de Sant Llu\u00eds per a aix\u00ed poder completar el seu trajecte a partir de hui dilluns 12 de maig. Una altra de les opcions dels usuaris de la l\u00ednia Utiel-Bunyol-Val\u00e8ncia \u00e9s realitzar transbord a metre en l&#8217;estaci\u00f3 de Sant Isidre utilitzant les targetes SUMA de car\u00e0cter gratu\u00eft per als afectats per la DANA.<\/p>\n\n\n\n<p class=\"wp-block-paragraph\">I \u00e9s que a partir d&#8217;aquest dilluns 12 de maig els trens de la l\u00ednia C3 de Rodalia tindran com a origen i destinaci\u00f3 l&#8217;estaci\u00f3 de Val\u00e8ncia-Font de Sant Llu\u00eds en lloc de la parada habitual a Val\u00e8ncia Nord. \u00a0<\/p>\n\n\n\n<p class=\"wp-block-paragraph\">El canvi respon al fet que les obres d&#8217;Adif per a la remodelaci\u00f3 de la marquesina de l&#8217;estaci\u00f3 de Val\u00e8ncia Nord s\u00f3n incompatibles amb l&#8217;estacionament dels trens propulsats a di\u00e8sel (els que donen servei en la C3) en les zones d&#8217;andana coberta per la marquesina.&nbsp;<\/p>\n\n\n\n<p class=\"wp-block-paragraph\">D&#8217;altra banda, amb motiu de les obres per a l&#8217;ampliaci\u00f3 de la capacitat de l&#8217;estaci\u00f3 de Val\u00e8ncia Joaqu\u00edn Sorolla,&nbsp;tots els trens de Llarga Dist\u00e0ncia del Corredor Mediterrani&nbsp;amb eixida, arribada o pas per l&#8217;estaci\u00f3 de Val\u00e8ncia Joaqu\u00edn Sorolla, estan circulant des del 6 de maig via Val\u00e8ncia Nord. Aquestes dues circumst\u00e0ncies obliguen a reprogramar els serveis i horaris de la l\u00ednia C3 entre Aldaia i la capital valenciana.<\/p>\n\n\n\n<p class=\"wp-block-paragraph\"><strong>Efectes de la Dana<\/strong><\/p>\n\n\n\n<p class=\"wp-block-paragraph\">La l\u00ednia C3 Val\u00e8ncia-Bunyol-Utiel es va veure greument afectada per la Dana del 29 d&#8217;octubre, especialment en el tram entre Utiel i Aldaia, un recorregut que ara es duu a terme per carretera amb origen i destinaci\u00f3 Plaza Espa\u00f1a de Val\u00e8ncia. Mentre que el tram entre Aldaia i Val\u00e8ncia compta amb servei ferroviari des del passat 12 de desembre.&nbsp;<\/p>\n\n\n\n<p class=\"wp-block-paragraph\">Els viatgers podran obtindre m\u00e9s informaci\u00f3 en les estacions, la xarxa social X, App de Rodalia Val\u00e8ncia, Canal WhatsApp de Rodalia Val\u00e8ncia, Web renfe.com i trucant als tel\u00e8fons 912 320 320 i 963 357 400.<\/p>\n","protected":false},"excerpt":{"rendered":"<div class=\"mh-excerpt\">Els treballs en la marquesina de l&#8217;estaci\u00f3 del Nord i les obres d&#8217;ampliaci\u00f3 de l&#8217;estaci\u00f3 Val\u00e8ncia Joaqu\u00edn Sorolla obliguen a reprogramar els serveis de la C3&nbsp; Els viatgers de la l\u00ednia C3 amb destinaci\u00f3 Val\u00e8ncia <a class=\"mh-excerpt-more\" href=\"https:\/\/tucomarca.whitekongsoftware.com\/ca\/els-viatgers-de-la-linia-c3-podran-arribar-a-valencia-nord-utilitzant-els-trens-de-la-c6-des-de-la-font-de-sant-lluis\/\" title=\"Els viatgers de la l\u00ednia C3 podran arribar a Val\u00e8ncia Nord utilitzant els trens de la C6 des de la Font de Sant Llu\u00eds\u00a0\">[+] <\/a><\/div>\n","protected":false},"author":12,"featured_media":94011,"comment_status":"open","ping_status":"open","sticky":false,"template":"","format":"standard","meta":{"footnotes":""},"categories":[10892,21466,10898,10948,10894,10904,10912,10947,10909,10896],"tags":[10899,14114,10914,16023,10910],"class_list":["post-265340","post","type-post","status-publish","format-standard","has-post-thumbnail","category-camp-de-turia-ca","category-dana-ca","category-ventana-ca","category-infraestructuras-ca","category-la-comarca-ca","category-sin-categorizar-ca","category-la-hoya-ca","category-politica","category-requena-utiel-ca","category-seccion-ca","tag-camp-de-turia-ca","tag-cercanias-renfe-ca","tag-la-hoya-de-bunol-chiva-ca","tag-linea-c-3-ca","tag-requena-utiel-ca"],"_links":{"self":[{"href":"https:\/\/tucomarca.whitekongsoftware.com\/ca\/wp-json\/wp\/v2\/posts\/265340","targetHints":{"allow":["GET"]}}],"collection":[{"href":"https:\/\/tucomarca.whitekongsoftware.com\/ca\/wp-json\/wp\/v2\/posts"}],"about":[{"href":"https:\/\/tucomarca.whitekongsoftware.com\/ca\/wp-json\/wp\/v2\/types\/post"}],"author":[{"embeddable":true,"href":"https:\/\/tucomarca.whitekongsoftware.com\/ca\/wp-json\/wp\/v2\/users\/12"}],"replies":[{"embeddable":true,"href":"https:\/\/tucomarca.whitekongsoftware.com\/ca\/wp-json\/wp\/v2\/comments?post=265340"}],"version-history":[{"count":0,"href":"https:\/\/tucomarca.whitekongsoftware.com\/ca\/wp-json\/wp\/v2\/posts\/265340\/revisions"}],"wp:featuredmedia":[{"embeddable":true,"href":"https:\/\/tucomarca.whitekongsoftware.com\/ca\/wp-json\/wp\/v2\/media\/94011"}],"wp:attachment":[{"href":"https:\/\/tucomarca.whitekongsoftware.com\/ca\/wp-json\/wp\/v2\/media?parent=265340"}],"wp:term":[{"taxonomy":"category","embeddable":true,"href":"https:\/\/tucomarca.whitekongsoftware.com\/ca\/wp-json\/wp\/v2\/categories?post=265340"},{"taxonomy":"post_tag","embeddable":true,"href":"https:\/\/tucomarca.whitekongsoftware.com\/ca\/wp-json\/wp\/v2\/tags?post=265340"}],"curies":[{"name":"wp","href":"https:\/\/api.w.org\/{rel}","templated":true}]}}